{"id":3338,"date":"2020-01-27T16:22:50","date_gmt":"2020-01-27T19:22:50","guid":{"rendered":"https:\/\/sindicatodosbancarios.org.br\/?p=3338"},"modified":"2020-01-27T16:29:01","modified_gmt":"2020-01-27T19:29:01","slug":"informe-bancario-23-2020-bolsonaro-e-tudo-menos-liberal","status":"publish","type":"post","link":"https:\/\/sindicatodosbancarios.org.br\/site2022\/2020\/01\/27\/informe-bancario-23-2020-bolsonaro-e-tudo-menos-liberal\/","title":{"rendered":"INFORME BANC\u00c1RIO &#8211; 23 \/ 2020 &#8211; &#8216;BOLSONARO \u00c9 TUDO MENOS LIBERAL&#8217;"},"content":{"rendered":"<p>Defensora do liberalismo e professora na Universidade de Chicago entre 1968 e 1980 &#8211; \u00e9poca em que o ministro brasileiro da Economia, Paulo Guedes, passou por l\u00e1 -, a economista Deirdre McCloskey afirma que o governo de Jair Bolsonaro \u00e9 &#8220;qualquer coisa, menos liberal&#8221;, pois, para ela, n\u00e3o \u00e9 poss\u00edvel separar as quest\u00f5es econ\u00f4micas das sociais. &#8220;A ideia principal do liberalismo \u00e9 que n\u00e3o haja hierarquias: homem sobre mulher, heterossexuais sobre gays ou Estado sobre indiv\u00edduos&#8221;, disse Deirdre, que estar\u00e1 em S\u00e3o Paulo na pr\u00f3xima quarta-feira,29, para um evento do banco Credit Suisse.<\/p>\n<p>Em uma \u00e9poca marcada por polariza\u00e7\u00f5es, a economista ganhou destaque no debate econ\u00f4mico mundial por criticar aspectos tanto da direita quanto da esquerda. Deirdre, que j\u00e1 esteve no Brasil h\u00e1 dois anos para o projeto Fronteiras do Pensamento, dessa vez tamb\u00e9m far\u00e1 palestra para funcion\u00e1rios da Petrobr\u00e1s.<\/p>\n<p>A economista, que hoje \u00e9 professora da Universidade de Illinois em Chicago, v\u00ea com descr\u00e9dito a possibilidade de Guedes conseguir transformar a economia brasileira em liberal e n\u00e3o se mostra satisfeita com os rumos do governo brasileiro. &#8220;Um ministro da Economia n\u00e3o faz tudo funcionar, \u00e9 preciso ter outras pol\u00edticas por tr\u00e1s. (&#8230;) Bolsonaro pode ser capturado pelos interesses, especialmente dos mais ricos.&#8221; A seguir, os principais trechos da entrevista.<\/p>\n<p><strong>A sra. j\u00e1 disse que o liberalismo \u00e9 incompat\u00edvel com viol\u00eancia e divis\u00f5es na sociedade por g\u00eanero ou ra\u00e7a. Considerando isso, acha que o governo Bolsonaro \u00e9 liberal?<\/strong><\/p>\n<p>N\u00e3o. No meu pa\u00eds e no seu, h\u00e1 uma grande confus\u00e3o sobre liberalismo. Nos EUA, significa uma vers\u00e3o suave de socialismo. Na Am\u00e9rica Latina, principalmente no Brasil, significa reacion\u00e1rio e violento. Os governos de Trump e Bolsonaro s\u00e3o qualquer coisa menos liberais. A palavra liberalismo vem do latim, &#8216;liber&#8217;, o que significa n\u00e3o-escravo. No resto do mundo, as pessoas sabem o que liberal significa. O presidente Emmanuel Macron, na Fran\u00e7a, \u00e9 um liberal. A ideia principal do liberalismo \u00e9 que n\u00e3o haja hierarquias: homem sobre mulher, heterossexuais sobre gays ou Estado sobre indiv\u00edduos.<\/p>\n<p><strong>N\u00e3o podemos separar o econ\u00f4mico do social? O governo brasileiro se diz liberal na economia e conservador nos costumes.<\/strong><\/p>\n<p>Acho que n\u00e3o. Claro, pessoas como Bolsonaro dizem que sim. Acham que pode haver livre mercado na economia, ainda que haja um fascismo contra gays, por exemplo. N\u00e3o concordo com isso. Para mim, assim como era para Adam Smith e John Stuart Mill, liberdade \u00e9 liberdade.<\/p>\n<p><strong>A plataforma econ\u00f4mica do governo tem apoio do mercado&#8230;<\/strong><\/p>\n<p>O apoio do mundo dos neg\u00f3cios n\u00e3o \u00e9 ao liberalismo. O apoio do que na Am\u00e9rica Latina voc\u00eas chamam de governos liberais vem porque os empres\u00e1rios querem o monop\u00f3lio. Na It\u00e1lia, os fascistas eram donos das ind\u00fastrias e os empres\u00e1rios amavam Mussolini. Isso porque o Estado os ajudava. Isso \u00e9 fascismo. Outra palavra para isso \u00e9 corporativismo. As corpora\u00e7\u00f5es parecem controlar o governo e o usam em benef\u00edcio pr\u00f3prio. Em um mercado livre, as corpora\u00e7\u00f5es t\u00eam de competir, o que \u00e9 bom para voc\u00ea e para mim. Mas n\u00e3o \u00e9 bom para n\u00f3s quando h\u00e1 tarifas de importa\u00e7\u00e3o, subs\u00eddios ou pol\u00edticas para inova\u00e7\u00e3o. N\u00e3o importa se as pol\u00edticas s\u00e3o de direita ou de esquerda. Qualquer privil\u00e9gio para um grupo machuca as pessoas comuns. \u00c9 por isso que o Brasil tem crescimento econ\u00f4mico lento.<\/p>\n<p><strong>Acha que podemos comparar a It\u00e1lia fascista com o Brasil atual?<\/strong><\/p>\n<p>Sim, mas n\u00e3o estou falando algo apenas sobre o Brasil. H\u00e1 um movimento populista e fascista global. Voc\u00ea o v\u00ea na Hungria, na Pol\u00f4nia, nas Filipinas, na R\u00fassia e nos EUA.<\/p>\n<p><strong>V\u00ea alguma forma de mudar isso?<\/strong><\/p>\n<p>Tentando persuadir as pessoas de que liberdade \u00e9 melhor. Se voc\u00ea oprime gays ou mulheres, tamb\u00e9m ser\u00e1 pobre, porque, no mundo moderno, o liberalismo funciona. Ele faz as pessoas mais ricas e livres ao mesmo tempo.<\/p>\n<p><strong>Falando estritamente de economia, o Brasil est\u00e1 indo na dire\u00e7\u00e3o correta?<\/strong><\/p>\n<p>N\u00e3o sou especialista em Brasil, mas peguemos o exemplo da Amaz\u00f4nia. N\u00e3o \u00e9 do interesse dos brasileiros que as plantas da Amaz\u00f4nia sejam usadas sem nenhum direito de propriedade. Isso \u00e9 entregar a Amaz\u00f4nia a empresas madeireiras privadas sem faz\u00ea-las pagar nada. \u00c9 uma ideia muito ruim. Bolsonaro j\u00e1 cortou impostos?<\/p>\n<p><strong>N\u00e3o.<\/strong><\/p>\n<p>A mesma coisa com Trump, que elevou impostos para beneficiar ind\u00fastrias espec\u00edficas, como a de pain\u00e9is de energia solar. Eu esperaria que Bolsonaro fizesse algo parecido. Posso estar errada, mas acho que ele pode ser capturado pelos interesses, especialmente dos mais ricos. E eu n\u00e3o sou contra ricos, n\u00e3o quero atac\u00e1-los. Mas os donos das empresas precisam competir uns com os outros e com os estrangeiros tamb\u00e9m, e vice-versa. O Brasil faz bem avi\u00f5es, os quais vende em todo o mundo. Mas, nos EUA, a Boeing \u00e9 protegida pelos EUA, contra o Brasil. Isso \u00e9 uma loucura. Dever\u00edamos ser capazes de comprar avi\u00f5es em qualquer parte do mundo.<\/p>\n<p><strong>A situa\u00e7\u00e3o fiscal do Brasil \u00e9 delicada. Acha que mesmo assim deveria haver redu\u00e7\u00e3o?<\/strong><\/p>\n<p>Impostos s\u00e3o fonte de receita para governos e tornam a economia menos eficiente. Eles impedem a competi\u00e7\u00e3o. (Para reduzir impostos no Brasil) seria melhor cortar o investimento nas for\u00e7as armadas, o que Bolsonaro obviamente n\u00e3o far\u00e1.<\/p>\n<p><strong>O ministro Paulo Guedes foi seu aluno em Chicago? Ele defende uma postura liberal em rela\u00e7\u00e3o ao com\u00e9rcio&#8230;<\/strong><\/p>\n<p>Se ele esteve l\u00e1 nos anos 70, quase certeza que foi meu aluno. As turmas eram grandes, mas acho que me lembro desse nome. Se ele est\u00e1 fazendo o que aprendeu em Chicago, est\u00e1 colocando a economia na dire\u00e7\u00e3o correta. Mas um ministro da Economia n\u00e3o faz tudo funcionar. \u00c9 preciso ter outras pol\u00edticas por tr\u00e1s.<\/p>\n<p><strong>A sra. sempre afirma que o problema das sociedades n\u00e3o \u00e9 a desigualdade, mas a pobreza. O liberalismo \u00e9 suficiente para reduzir a pobreza? Pol\u00edticas para ajudar pessoas a sa\u00edrem da extrema pobreza s\u00e3o desnecess\u00e1rias?<\/strong><\/p>\n<p>Sou a favor dessas pol\u00edticas. O governo deve taxar pessoas como voc\u00ea e eu para pagar educa\u00e7\u00e3o fundamental e talvez educa\u00e7\u00e3o secund\u00e1ria. N\u00e3o acho que deva pagar por universidades. Tamb\u00e9m devemos ser taxadas para pagar o Bolsa Fam\u00edlia. E \u00e9 isso. Mas tamb\u00e9m tem de haver pol\u00edticas liberais que quebrem monop\u00f3lios. Vamos pegar o exemplo dos sistemas de sa\u00fade: o problema que temos nos EUA \u00e9 que a ind\u00fastria \u00e9 monopolista. Os pre\u00e7os de medicamentos s\u00e3o extremamente altos e ainda tem uma lei que pro\u00edbe os cidad\u00e3os americanos de comprarem rem\u00e9dios no Canad\u00e1 ou no M\u00e9xico. \u00c9 uma loucura. \u00c9 uma prote\u00e7\u00e3o especial para os donos das empresas de rem\u00e9dios.<\/p>\n<p><strong>Como liberal e mulher transexual, acha que pol\u00edticas de igualdade de g\u00eanero ou de ra\u00e7a devem ser adotadas?<\/strong><\/p>\n<p>N\u00e3o, elas transformam transg\u00eaneros ou gays ou negros em crian\u00e7as. Vamos pegar um exemplo concreto de transg\u00eaneros: quem deve pagar pela opera\u00e7\u00e3o de mudan\u00e7a de sexo? O Estado ou o indiv\u00edduo? Pra mim, deve ser o indiv\u00edduo. As opera\u00e7\u00f5es de mudan\u00e7a de sexo n\u00e3o s\u00e3o t\u00e3o caras. Custam quase o mesmo que um carro pequeno. O problema de o Estado assumindo coisas \u00e9 que voc\u00ea pode se tornar um escravo do Estado. Se voc\u00ea tem uma pessoa legal no comando do Estado, como o Barack Obama, tudo est\u00e1 bem.Mas, se voc\u00ea tem pessoas desagrad\u00e1veis e loucas, como Bolsonaro ou Trump, as mesmas regras &#8211; os mesmos subs\u00eddios, as mesmas prote\u00e7\u00f5es que ajudam as pessoas transexuais &#8211; podem se virar instantaneamente contra elas. O Trump, por exemplo, para satisfazer suas bases, tirou os transg\u00eaneros das For\u00e7as Armadas. Eu quero tirar o Estado grande do que \u00e9 da minha e da sua conta. Quero que as pessoas conven\u00e7am uns aos outros com trocas monet\u00e1rias: eu ofere\u00e7o meu trabalho para voc\u00ea, voc\u00ea me d\u00e1 dinheiro em troca e eu compro coisas. \u00c9 assim que os pobres melhoraram de vida nos \u00faltimos dois s\u00e9culos, n\u00e3o \u00e9 atrav\u00e9s da a\u00e7\u00e3o do Estado.<\/p>\n<p><span style=\"font-size: 8pt;\">FONTE:\u00a0<img src=\"https:\/\/conteudo.imguol.com.br\/c\/agencias\/ultnot\/estadao.png\" \/>\u00a0\/ UOL\u00a0 26\/01\/2020.<\/span><\/p>\n","protected":false},"excerpt":{"rendered":"<p>Defensora do liberalismo e professora na Universidade de Chicago entre 1968 e 1980 &#8211; \u00e9poca em que o [&hellip;]<\/p>\n","protected":false},"author":2,"featured_media":3339,"comment_status":"open","ping_status":"open","sticky":false,"template":"","format":"standard","meta":{"jetpack_post_was_ever_published":false,"jetpack_publicize_message":"","jetpack_is_tweetstorm":false,"jetpack_publicize_feature_enabled":true,"jetpack_social_post_already_shared":true,"jetpack_social_options":[]},"categories":[1],"tags":[],"jetpack_publicize_connections":[],"acf":[],"yoast_head":"<!-- This site is optimized with the Yoast SEO plugin v19.14 - https:\/\/yoast.com\/wordpress\/plugins\/seo\/ -->\n<title>INFORME BANC\u00c1RIO - 23 \/ 2020 - &#039;BOLSONARO \u00c9 TUDO MENOS LIBERAL&#039; - Sindicato dos Banc\u00e1rios de S\u00e3o Bento do Sul e Regi\u00e3o<\/title>\n<meta name=\"robots\" content=\"index, follow, max-snippet:-1, max-image-preview:large, max-video-preview:-1\" \/>\n<link rel=\"canonical\" href=\"https:\/\/sindicatodosbancarios.org.br\/site2022\/2020\/01\/27\/informe-bancario-23-2020-bolsonaro-e-tudo-menos-liberal\/\" \/>\n<meta property=\"og:locale\" content=\"pt_BR\" \/>\n<meta property=\"og:type\" content=\"article\" \/>\n<meta property=\"og:title\" content=\"INFORME BANC\u00c1RIO - 23 \/ 2020 - &#039;BOLSONARO \u00c9 TUDO MENOS LIBERAL&#039; - Sindicato dos Banc\u00e1rios de S\u00e3o Bento do Sul e Regi\u00e3o\" \/>\n<meta property=\"og:description\" content=\"Defensora do liberalismo e professora na Universidade de Chicago entre 1968 e 1980 &#8211; \u00e9poca em que o [&hellip;]\" \/>\n<meta property=\"og:url\" content=\"https:\/\/sindicatodosbancarios.org.br\/site2022\/2020\/01\/27\/informe-bancario-23-2020-bolsonaro-e-tudo-menos-liberal\/\" \/>\n<meta property=\"og:site_name\" content=\"Sindicato dos Banc\u00e1rios de S\u00e3o Bento do Sul e Regi\u00e3o\" \/>\n<meta property=\"article:author\" content=\"https:\/\/www.facebook.com\/seeb.sbs.9\" \/>\n<meta property=\"article:published_time\" content=\"2020-01-27T19:22:50+00:00\" \/>\n<meta property=\"article:modified_time\" content=\"2020-01-27T19:29:01+00:00\" \/>\n<meta property=\"og:image\" content=\"https:\/\/sindicatodosbancarios.org.br\/site2022\/wp-content\/uploads\/2020\/01\/deirde.png\" \/>\n\t<meta property=\"og:image:width\" content=\"576\" \/>\n\t<meta property=\"og:image:height\" content=\"576\" \/>\n\t<meta property=\"og:image:type\" content=\"image\/png\" \/>\n<meta name=\"author\" content=\"Sindicato dos Banc\u00e1rios S\u00e3o Bento do Sul e Regi\u00e3o\" \/>\n<meta name=\"twitter:card\" content=\"summary_large_image\" \/>\n<meta name=\"twitter:label1\" content=\"Escrito por\" \/>\n\t<meta name=\"twitter:data1\" content=\"Sindicato dos Banc\u00e1rios S\u00e3o Bento do Sul e Regi\u00e3o\" \/>\n\t<meta name=\"twitter:label2\" content=\"Est. tempo de leitura\" \/>\n\t<meta name=\"twitter:data2\" content=\"7 minutos\" \/>\n<script type=\"application\/ld+json\" class=\"yoast-schema-graph\">{\"@context\":\"https:\/\/schema.org\",\"@graph\":[{\"@type\":\"Article\",\"@id\":\"https:\/\/sindicatodosbancarios.org.br\/site2022\/2020\/01\/27\/informe-bancario-23-2020-bolsonaro-e-tudo-menos-liberal\/#article\",\"isPartOf\":{\"@id\":\"https:\/\/sindicatodosbancarios.org.br\/site2022\/2020\/01\/27\/informe-bancario-23-2020-bolsonaro-e-tudo-menos-liberal\/\"},\"author\":{\"name\":\"Sindicato dos Banc\u00e1rios S\u00e3o Bento do Sul e Regi\u00e3o\",\"@id\":\"https:\/\/sindicatodosbancarios.org.br\/site2022\/#\/schema\/person\/a7d92da77d1084df4d28b57962f1e1bd\"},\"headline\":\"INFORME BANC\u00c1RIO &#8211; 23 \/ 2020 &#8211; &#8216;BOLSONARO \u00c9 TUDO MENOS LIBERAL&#8217;\",\"datePublished\":\"2020-01-27T19:22:50+00:00\",\"dateModified\":\"2020-01-27T19:29:01+00:00\",\"mainEntityOfPage\":{\"@id\":\"https:\/\/sindicatodosbancarios.org.br\/site2022\/2020\/01\/27\/informe-bancario-23-2020-bolsonaro-e-tudo-menos-liberal\/\"},\"wordCount\":1402,\"commentCount\":0,\"publisher\":{\"@id\":\"https:\/\/sindicatodosbancarios.org.br\/site2022\/#organization\"},\"articleSection\":[\"Geral\"],\"inLanguage\":\"pt-BR\",\"potentialAction\":[{\"@type\":\"CommentAction\",\"name\":\"Comment\",\"target\":[\"https:\/\/sindicatodosbancarios.org.br\/site2022\/2020\/01\/27\/informe-bancario-23-2020-bolsonaro-e-tudo-menos-liberal\/#respond\"]}]},{\"@type\":\"WebPage\",\"@id\":\"https:\/\/sindicatodosbancarios.org.br\/site2022\/2020\/01\/27\/informe-bancario-23-2020-bolsonaro-e-tudo-menos-liberal\/\",\"url\":\"https:\/\/sindicatodosbancarios.org.br\/site2022\/2020\/01\/27\/informe-bancario-23-2020-bolsonaro-e-tudo-menos-liberal\/\",\"name\":\"INFORME BANC\u00c1RIO - 23 \/ 2020 - 'BOLSONARO \u00c9 TUDO MENOS LIBERAL' - Sindicato dos Banc\u00e1rios de S\u00e3o Bento do Sul e Regi\u00e3o\",\"isPartOf\":{\"@id\":\"https:\/\/sindicatodosbancarios.org.br\/site2022\/#website\"},\"datePublished\":\"2020-01-27T19:22:50+00:00\",\"dateModified\":\"2020-01-27T19:29:01+00:00\",\"breadcrumb\":{\"@id\":\"https:\/\/sindicatodosbancarios.org.br\/site2022\/2020\/01\/27\/informe-bancario-23-2020-bolsonaro-e-tudo-menos-liberal\/#breadcrumb\"},\"inLanguage\":\"pt-BR\",\"potentialAction\":[{\"@type\":\"ReadAction\",\"target\":[\"https:\/\/sindicatodosbancarios.org.br\/site2022\/2020\/01\/27\/informe-bancario-23-2020-bolsonaro-e-tudo-menos-liberal\/\"]}]},{\"@type\":\"BreadcrumbList\",\"@id\":\"https:\/\/sindicatodosbancarios.org.br\/site2022\/2020\/01\/27\/informe-bancario-23-2020-bolsonaro-e-tudo-menos-liberal\/#breadcrumb\",\"itemListElement\":[{\"@type\":\"ListItem\",\"position\":1,\"name\":\"In\u00edcio\",\"item\":\"https:\/\/sindicatodosbancarios.org.br\/site2022\/\"},{\"@type\":\"ListItem\",\"position\":2,\"name\":\"INFORME BANC\u00c1RIO &#8211; 23 \/ 2020 &#8211; &#8216;BOLSONARO \u00c9 TUDO MENOS LIBERAL&#8217;\"}]},{\"@type\":\"WebSite\",\"@id\":\"https:\/\/sindicatodosbancarios.org.br\/site2022\/#website\",\"url\":\"https:\/\/sindicatodosbancarios.org.br\/site2022\/\",\"name\":\"Sindicato dos Banc\u00e1rios de S\u00e3o Bento do Sul e Regi\u00e3o\",\"description\":\"Website institucional do Sindicato dos Banc\u00e1rios de S\u00e3o Bento do Sul e Regi\u00e3o\",\"publisher\":{\"@id\":\"https:\/\/sindicatodosbancarios.org.br\/site2022\/#organization\"},\"potentialAction\":[{\"@type\":\"SearchAction\",\"target\":{\"@type\":\"EntryPoint\",\"urlTemplate\":\"https:\/\/sindicatodosbancarios.org.br\/site2022\/?s={search_term_string}\"},\"query-input\":\"required name=search_term_string\"}],\"inLanguage\":\"pt-BR\"},{\"@type\":\"Organization\",\"@id\":\"https:\/\/sindicatodosbancarios.org.br\/site2022\/#organization\",\"name\":\"Sindicato dos Banc\u00e1rios de S\u00e3o Bento do Sul e Regi\u00e3o\",\"url\":\"https:\/\/sindicatodosbancarios.org.br\/site2022\/\",\"logo\":{\"@type\":\"ImageObject\",\"inLanguage\":\"pt-BR\",\"@id\":\"https:\/\/sindicatodosbancarios.org.br\/site2022\/#\/schema\/logo\/image\/\",\"url\":\"https:\/\/sindicatodosbancarios.org.br\/site2022\/wp-content\/uploads\/2017\/06\/cropped-logo-2.png\",\"contentUrl\":\"https:\/\/sindicatodosbancarios.org.br\/site2022\/wp-content\/uploads\/2017\/06\/cropped-logo-2.png\",\"width\":292,\"height\":292,\"caption\":\"Sindicato dos Banc\u00e1rios de S\u00e3o Bento do Sul e Regi\u00e3o\"},\"image\":{\"@id\":\"https:\/\/sindicatodosbancarios.org.br\/site2022\/#\/schema\/logo\/image\/\"}},{\"@type\":\"Person\",\"@id\":\"https:\/\/sindicatodosbancarios.org.br\/site2022\/#\/schema\/person\/a7d92da77d1084df4d28b57962f1e1bd\",\"name\":\"Sindicato dos Banc\u00e1rios S\u00e3o Bento do Sul e Regi\u00e3o\",\"image\":{\"@type\":\"ImageObject\",\"inLanguage\":\"pt-BR\",\"@id\":\"https:\/\/sindicatodosbancarios.org.br\/site2022\/#\/schema\/person\/image\/\",\"url\":\"https:\/\/secure.gravatar.com\/avatar\/f1d1a06f698f2345352e539387180d42?s=96&d=mm&r=g\",\"contentUrl\":\"https:\/\/secure.gravatar.com\/avatar\/f1d1a06f698f2345352e539387180d42?s=96&d=mm&r=g\",\"caption\":\"Sindicato dos Banc\u00e1rios S\u00e3o Bento do Sul e Regi\u00e3o\"},\"sameAs\":[\"http:\/\/sindicatodosbancarios.org.br\/site2022\/\",\"https:\/\/www.facebook.com\/seeb.sbs.9\"],\"url\":\"https:\/\/sindicatodosbancarios.org.br\/site2022\/author\/sindicatodosbancarios\/\"}]}<\/script>\n<!-- \/ Yoast SEO plugin. -->","yoast_head_json":{"title":"INFORME BANC\u00c1RIO - 23 \/ 2020 - 'BOLSONARO \u00c9 TUDO MENOS LIBERAL' - Sindicato dos Banc\u00e1rios de S\u00e3o Bento do Sul e Regi\u00e3o","robots":{"index":"index","follow":"follow","max-snippet":"max-snippet:-1","max-image-preview":"max-image-preview:large","max-video-preview":"max-video-preview:-1"},"canonical":"https:\/\/sindicatodosbancarios.org.br\/site2022\/2020\/01\/27\/informe-bancario-23-2020-bolsonaro-e-tudo-menos-liberal\/","og_locale":"pt_BR","og_type":"article","og_title":"INFORME BANC\u00c1RIO - 23 \/ 2020 - 'BOLSONARO \u00c9 TUDO MENOS LIBERAL' - Sindicato dos Banc\u00e1rios de S\u00e3o Bento do Sul e Regi\u00e3o","og_description":"Defensora do liberalismo e professora na Universidade de Chicago entre 1968 e 1980 &#8211; \u00e9poca em que o [&hellip;]","og_url":"https:\/\/sindicatodosbancarios.org.br\/site2022\/2020\/01\/27\/informe-bancario-23-2020-bolsonaro-e-tudo-menos-liberal\/","og_site_name":"Sindicato dos Banc\u00e1rios de S\u00e3o Bento do Sul e Regi\u00e3o","article_author":"https:\/\/www.facebook.com\/seeb.sbs.9","article_published_time":"2020-01-27T19:22:50+00:00","article_modified_time":"2020-01-27T19:29:01+00:00","og_image":[{"width":576,"height":576,"url":"https:\/\/sindicatodosbancarios.org.br\/site2022\/wp-content\/uploads\/2020\/01\/deirde.png","type":"image\/png"}],"author":"Sindicato dos Banc\u00e1rios S\u00e3o Bento do Sul e Regi\u00e3o","twitter_card":"summary_large_image","twitter_misc":{"Escrito por":"Sindicato dos Banc\u00e1rios S\u00e3o Bento do Sul e Regi\u00e3o","Est. tempo de leitura":"7 minutos"},"schema":{"@context":"https:\/\/schema.org","@graph":[{"@type":"Article","@id":"https:\/\/sindicatodosbancarios.org.br\/site2022\/2020\/01\/27\/informe-bancario-23-2020-bolsonaro-e-tudo-menos-liberal\/#article","isPartOf":{"@id":"https:\/\/sindicatodosbancarios.org.br\/site2022\/2020\/01\/27\/informe-bancario-23-2020-bolsonaro-e-tudo-menos-liberal\/"},"author":{"name":"Sindicato dos Banc\u00e1rios S\u00e3o Bento do Sul e Regi\u00e3o","@id":"https:\/\/sindicatodosbancarios.org.br\/site2022\/#\/schema\/person\/a7d92da77d1084df4d28b57962f1e1bd"},"headline":"INFORME BANC\u00c1RIO &#8211; 23 \/ 2020 &#8211; &#8216;BOLSONARO \u00c9 TUDO MENOS LIBERAL&#8217;","datePublished":"2020-01-27T19:22:50+00:00","dateModified":"2020-01-27T19:29:01+00:00","mainEntityOfPage":{"@id":"https:\/\/sindicatodosbancarios.org.br\/site2022\/2020\/01\/27\/informe-bancario-23-2020-bolsonaro-e-tudo-menos-liberal\/"},"wordCount":1402,"commentCount":0,"publisher":{"@id":"https:\/\/sindicatodosbancarios.org.br\/site2022\/#organization"},"articleSection":["Geral"],"inLanguage":"pt-BR","potentialAction":[{"@type":"CommentAction","name":"Comment","target":["https:\/\/sindicatodosbancarios.org.br\/site2022\/2020\/01\/27\/informe-bancario-23-2020-bolsonaro-e-tudo-menos-liberal\/#respond"]}]},{"@type":"WebPage","@id":"https:\/\/sindicatodosbancarios.org.br\/site2022\/2020\/01\/27\/informe-bancario-23-2020-bolsonaro-e-tudo-menos-liberal\/","url":"https:\/\/sindicatodosbancarios.org.br\/site2022\/2020\/01\/27\/informe-bancario-23-2020-bolsonaro-e-tudo-menos-liberal\/","name":"INFORME BANC\u00c1RIO - 23 \/ 2020 - 'BOLSONARO \u00c9 TUDO MENOS LIBERAL' - Sindicato dos Banc\u00e1rios de S\u00e3o Bento do Sul e Regi\u00e3o","isPartOf":{"@id":"https:\/\/sindicatodosbancarios.org.br\/site2022\/#website"},"datePublished":"2020-01-27T19:22:50+00:00","dateModified":"2020-01-27T19:29:01+00:00","breadcrumb":{"@id":"https:\/\/sindicatodosbancarios.org.br\/site2022\/2020\/01\/27\/informe-bancario-23-2020-bolsonaro-e-tudo-menos-liberal\/#breadcrumb"},"inLanguage":"pt-BR","potentialAction":[{"@type":"ReadAction","target":["https:\/\/sindicatodosbancarios.org.br\/site2022\/2020\/01\/27\/informe-bancario-23-2020-bolsonaro-e-tudo-menos-liberal\/"]}]},{"@type":"BreadcrumbList","@id":"https:\/\/sindicatodosbancarios.org.br\/site2022\/2020\/01\/27\/informe-bancario-23-2020-bolsonaro-e-tudo-menos-liberal\/#breadcrumb","itemListElement":[{"@type":"ListItem","position":1,"name":"In\u00edcio","item":"https:\/\/sindicatodosbancarios.org.br\/site2022\/"},{"@type":"ListItem","position":2,"name":"INFORME BANC\u00c1RIO &#8211; 23 \/ 2020 &#8211; &#8216;BOLSONARO \u00c9 TUDO MENOS LIBERAL&#8217;"}]},{"@type":"WebSite","@id":"https:\/\/sindicatodosbancarios.org.br\/site2022\/#website","url":"https:\/\/sindicatodosbancarios.org.br\/site2022\/","name":"Sindicato dos Banc\u00e1rios de S\u00e3o Bento do Sul e Regi\u00e3o","description":"Website institucional do Sindicato dos Banc\u00e1rios de S\u00e3o Bento do Sul e Regi\u00e3o","publisher":{"@id":"https:\/\/sindicatodosbancarios.org.br\/site2022\/#organization"},"potentialAction":[{"@type":"SearchAction","target":{"@type":"EntryPoint","urlTemplate":"https:\/\/sindicatodosbancarios.org.br\/site2022\/?s={search_term_string}"},"query-input":"required name=search_term_string"}],"inLanguage":"pt-BR"},{"@type":"Organization","@id":"https:\/\/sindicatodosbancarios.org.br\/site2022\/#organization","name":"Sindicato dos Banc\u00e1rios de S\u00e3o Bento do Sul e Regi\u00e3o","url":"https:\/\/sindicatodosbancarios.org.br\/site2022\/","logo":{"@type":"ImageObject","inLanguage":"pt-BR","@id":"https:\/\/sindicatodosbancarios.org.br\/site2022\/#\/schema\/logo\/image\/","url":"https:\/\/sindicatodosbancarios.org.br\/site2022\/wp-content\/uploads\/2017\/06\/cropped-logo-2.png","contentUrl":"https:\/\/sindicatodosbancarios.org.br\/site2022\/wp-content\/uploads\/2017\/06\/cropped-logo-2.png","width":292,"height":292,"caption":"Sindicato dos Banc\u00e1rios de S\u00e3o Bento do Sul e Regi\u00e3o"},"image":{"@id":"https:\/\/sindicatodosbancarios.org.br\/site2022\/#\/schema\/logo\/image\/"}},{"@type":"Person","@id":"https:\/\/sindicatodosbancarios.org.br\/site2022\/#\/schema\/person\/a7d92da77d1084df4d28b57962f1e1bd","name":"Sindicato dos Banc\u00e1rios S\u00e3o Bento do Sul e Regi\u00e3o","image":{"@type":"ImageObject","inLanguage":"pt-BR","@id":"https:\/\/sindicatodosbancarios.org.br\/site2022\/#\/schema\/person\/image\/","url":"https:\/\/secure.gravatar.com\/avatar\/f1d1a06f698f2345352e539387180d42?s=96&d=mm&r=g","contentUrl":"https:\/\/secure.gravatar.com\/avatar\/f1d1a06f698f2345352e539387180d42?s=96&d=mm&r=g","caption":"Sindicato dos Banc\u00e1rios S\u00e3o Bento do Sul e Regi\u00e3o"},"sameAs":["http:\/\/sindicatodosbancarios.org.br\/site2022\/","https:\/\/www.facebook.com\/seeb.sbs.9"],"url":"https:\/\/sindicatodosbancarios.org.br\/site2022\/author\/sindicatodosbancarios\/"}]}},"jetpack_featured_media_url":"https:\/\/sindicatodosbancarios.org.br\/site2022\/wp-content\/uploads\/2020\/01\/deirde.png","jetpack_sharing_enabled":true,"jetpack_shortlink":"https:\/\/wp.me\/p8RSbI-RQ","jetpack-related-posts":[{"id":5209,"url":"https:\/\/sindicatodosbancarios.org.br\/site2022\/2021\/03\/01\/informe-bancarios-69-2021-ampliar-isencao-no-ir-custaria-r-74-bilhoes\/","url_meta":{"origin":3338,"position":0},"title":"INFORME BANC\u00c1RIOS \u2013 69\/2021 Ampliar isen\u00e7\u00e3o no IR custaria R$ 74 bilh\u00f5es","date":"1 de mar\u00e7o de 2021","format":false,"excerpt":"Promessa de campanha renovada em janeiro pelo presidente Jair Bolsonaro, a amplia\u00e7\u00e3o do contingente de isentos do Imposto de Renda Pessoa F\u00edsica (IRPF) pode custar quase de R$ 74 bilh\u00f5es aos cofres p\u00fablicos. No m\u00eas passado, o presidente disse que tentaria passar a renda livre do pagamento do imposto para\u2026","rel":"","context":"Em &quot;Geral&quot;","img":{"alt_text":"","src":"https:\/\/i0.wp.com\/sindicatodosbancarios.org.br\/site2022\/wp-content\/uploads\/2021\/03\/imposto-de-renda-201declaracao-irpf-1603452899780_v2_900x506.jpg?resize=350%2C200&ssl=1","width":350,"height":200},"classes":[]},{"id":4714,"url":"https:\/\/sindicatodosbancarios.org.br\/site2022\/2020\/11\/03\/informe-bancario-414-2020-sus-bolsonaro-revoga-decreto-sobre-privatizacao-de-unidades-basicas-de-saude\/","url_meta":{"origin":3338,"position":1},"title":"INFORME BANC\u00c1RIO \u2013 414\/2020 SUS: Bolsonaro revoga decreto sobre privatiza\u00e7\u00e3o de unidades b\u00e1sicas de sa\u00fade","date":"3 de novembro de 2020","format":false,"excerpt":"Decis\u00e3o foi anunciada em rede social e, depois, publicada em edi\u00e7\u00e3o extra do 'Di\u00e1rio Oficial'. Entidades criticaram possibilidade de privatiza\u00e7\u00e3o. O presidente\u00a0Jair Bolsonaro\u00a0revogou nesta quarta-feira (28) o decreto que autorizava o\u00a0Minist\u00e9rio da Economia\u00a0a realizar estudos sobre a\u00a0inclus\u00e3o das unidades b\u00e1sicas de sa\u00fade (UBSs) no Programa de Parcerias de Investimentos\u00a0da Presid\u00eancia\u2026","rel":"","context":"Em &quot;Geral&quot;","img":{"alt_text":"","src":"https:\/\/i0.wp.com\/sindicatodosbancarios.org.br\/site2022\/wp-content\/uploads\/2020\/11\/unnamed.jpg?resize=350%2C200&ssl=1","width":350,"height":200},"classes":[]},{"id":5246,"url":"https:\/\/sindicatodosbancarios.org.br\/site2022\/2021\/03\/10\/informe-bancarios-81-2021-bolsonaro-deseja-impedir-que-prefeitos-e-governadores-comprem-vacinas\/","url_meta":{"origin":3338,"position":2},"title":"INFORME BANC\u00c1RIOS \u2013 81\/2021 Bolsonaro deseja impedir que prefeitos e governadores comprem vacinas","date":"10 de mar\u00e7o de 2021","format":false,"excerpt":"Na administra\u00e7\u00e3o p\u00fablica, h\u00e1 tr\u00eas tipos de gestores: os que fazem, os que mandam fazer e o general Eduardo Pazuello, que passa a impress\u00e3o de estar sempre perguntando a si mesmo o que foi que aconteceu. Guiando-se pela avers\u00e3o de Jair Bolsonaro \u00e0 ci\u00eancia, o ministro da Sa\u00fade se absteve\u2026","rel":"","context":"Em &quot;Geral&quot;","img":{"alt_text":"","src":"https:\/\/i0.wp.com\/sindicatodosbancarios.org.br\/site2022\/wp-content\/uploads\/2021\/03\/jair-bolsonaro-e-general-pazuello-1597055699805_v2_900x506.jpg?resize=350%2C200&ssl=1","width":350,"height":200},"classes":[]},{"id":5215,"url":"https:\/\/sindicatodosbancarios.org.br\/site2022\/2021\/03\/01\/informe-bancarios-71-2021-projeto-de-icms-de-bolsonaro-pode-subir-preco-de-combustivel-e-nao-baixar\/","url_meta":{"origin":3338,"position":3},"title":"INFORME BANC\u00c1RIOS \u2013 71\/2021 Projeto de ICMS de Bolsonaro pode subir pre\u00e7o de combust\u00edvel, e n\u00e3o baixar","date":"1 de mar\u00e7o de 2021","format":false,"excerpt":"O projeto que o governo Jair Bolsonaro (sem partido) encaminhou ao Congresso para reduzir o valor do Imposto Sobre Circula\u00e7\u00e3o de Mercadorias e Servi\u00e7os (ICMS) sobre os combust\u00edveis pode, na verdade, aumentar o pre\u00e7o para o consumidor em alguns estados. Isso porque o texto altera a forma como o ICMS\u2026","rel":"","context":"Em &quot;Geral&quot;","img":{"alt_text":"","src":"https:\/\/i0.wp.com\/sindicatodosbancarios.org.br\/site2022\/wp-content\/uploads\/2021\/03\/impostos-estaduais-como-o-icms-representam-28-do-preco-da-gasolina-1611864813662_v2_900x506.png?resize=350%2C200&ssl=1","width":350,"height":200},"classes":[]},{"id":5429,"url":"https:\/\/sindicatodosbancarios.org.br\/site2022\/2021\/06\/02\/informe-bancario-135-2021-investidores-apostam-no-brasil-mas-esperam-mais-reformas-de-bolsonaro\/","url_meta":{"origin":3338,"position":4},"title":"INFORME BANC\u00c1RIO \u2013 135\/2021 Investidores apostam no Brasil, mas esperam mais reformas de Bolsonaro","date":"2 de junho de 2021","format":false,"excerpt":"Ap\u00f3s v\u00e1rias licita\u00e7\u00f5es bem-sucedidas, o governo de Jair Bolsonaro (sem partido) se vangloria de ter recuperado a confian\u00e7a dos investidores no Brasil \u2014 mas empres\u00e1rios e analistas, na expectativa de um gigantesco programa de concess\u00f5es e privatiza\u00e7\u00f5es, s\u00e3o cautelosos e exigem mais reformas pr\u00f3-mercado. No come\u00e7o de abril, o leil\u00e3o\u2026","rel":"","context":"Em &quot;Geral&quot;","img":{"alt_text":"","src":"https:\/\/i0.wp.com\/sindicatodosbancarios.org.br\/site2022\/wp-content\/uploads\/2021\/06\/shutterstock_565457287-scaled.jpg?resize=350%2C200&ssl=1","width":350,"height":200},"classes":[]},{"id":4921,"url":"https:\/\/sindicatodosbancarios.org.br\/site2022\/2020\/12\/22\/informe-bancario-471-2020-bolsonaro-da-cavalo-de-pau-na-coronavac-movido-pelo-medo-da-concorrencia\/","url_meta":{"origin":3338,"position":5},"title":"INFORME BANC\u00c1RIO \u2013 471\/2020 Bolsonaro d\u00e1 cavalo-de-pau na Coronavac movido pelo medo da concorr\u00eancia","date":"22 de dezembro de 2020","format":false,"excerpt":"Parecia outro presidente. No discurso de hoje de manh\u00e3 em que anunciou o que o governo chamou de \"plano de vacina\u00e7\u00e3o contra a covid-19\", Jair Bolsonaro usou belas palavras e magn\u00e2nimas express\u00f5es, todas ausentes de seu repert\u00f3rio tradicional. Defendeu a \"a uni\u00e3o\" para combater \"algo que nos aflige h\u00e1 meses\"\u2026","rel":"","context":"Em &quot;Geral&quot;","img":{"alt_text":"","src":"https:\/\/i0.wp.com\/sindicatodosbancarios.org.br\/site2022\/wp-content\/uploads\/2020\/10\/49782687922_8d1aaf7e1a_k-1.jpg?resize=350%2C200&ssl=1","width":350,"height":200},"classes":[]}],"_links":{"self":[{"href":"https:\/\/sindicatodosbancarios.org.br\/site2022\/wp-json\/wp\/v2\/posts\/3338"}],"collection":[{"href":"https:\/\/sindicatodosbancarios.org.br\/site2022\/wp-json\/wp\/v2\/posts"}],"about":[{"href":"https:\/\/sindicatodosbancarios.org.br\/site2022\/wp-json\/wp\/v2\/types\/post"}],"author":[{"embeddable":true,"href":"https:\/\/sindicatodosbancarios.org.br\/site2022\/wp-json\/wp\/v2\/users\/2"}],"replies":[{"embeddable":true,"href":"https:\/\/sindicatodosbancarios.org.br\/site2022\/wp-json\/wp\/v2\/comments?post=3338"}],"version-history":[{"count":3,"href":"https:\/\/sindicatodosbancarios.org.br\/site2022\/wp-json\/wp\/v2\/posts\/3338\/revisions"}],"predecessor-version":[{"id":3344,"href":"https:\/\/sindicatodosbancarios.org.br\/site2022\/wp-json\/wp\/v2\/posts\/3338\/revisions\/3344"}],"wp:featuredmedia":[{"embeddable":true,"href":"https:\/\/sindicatodosbancarios.org.br\/site2022\/wp-json\/wp\/v2\/media\/3339"}],"wp:attachment":[{"href":"https:\/\/sindicatodosbancarios.org.br\/site2022\/wp-json\/wp\/v2\/media?parent=3338"}],"wp:term":[{"taxonomy":"category","embeddable":true,"href":"https:\/\/sindicatodosbancarios.org.br\/site2022\/wp-json\/wp\/v2\/categories?post=3338"},{"taxonomy":"post_tag","embeddable":true,"href":"https:\/\/sindicatodosbancarios.org.br\/site2022\/wp-json\/wp\/v2\/tags?post=3338"}],"curies":[{"name":"wp","href":"https:\/\/api.w.org\/{rel}","templated":true}]}}