{"id":3357,"date":"2020-01-28T14:52:33","date_gmt":"2020-01-28T17:52:33","guid":{"rendered":"https:\/\/sindicatodosbancarios.org.br\/?p=3357"},"modified":"2020-01-28T14:52:33","modified_gmt":"2020-01-28T17:52:33","slug":"informe-bancario-28-2020-denuncias-de-trabalho-analogo-a-escravidao-aumentam-763-em-2019-diz-mp-do-trabalho","status":"publish","type":"post","link":"https:\/\/sindicatodosbancarios.org.br\/site2022\/2020\/01\/28\/informe-bancario-28-2020-denuncias-de-trabalho-analogo-a-escravidao-aumentam-763-em-2019-diz-mp-do-trabalho\/","title":{"rendered":"INFORME BANC\u00c1RIO &#8211; 28 \/ 2020 &#8211; DEN\u00daNCIAS DE TRABALHO AN\u00c1LOGO \u00c0 ESCRAVID\u00c3O AUMENTAM 7,63% EM 2019, DIZ MP DO TRABALHO"},"content":{"rendered":"<p>BRAS\u00cdLIA (Reuters) &#8211; O n\u00famero de den\u00fancias de trabalho an\u00e1logo \u00e0 escravid\u00e3o aumentou em 2019, para 1.213 casos em todo o pa\u00eds, um aumento de 7,63% em compara\u00e7\u00e3o com as situa\u00e7\u00f5es registradas no ano anterior, 1.127, segundo dados do Minist\u00e9rio P\u00fablico do Trabalho (MPT) que divulgou o balan\u00e7o da atua\u00e7\u00e3o do \u00f3rg\u00e3o em evento em Bras\u00edlia para marcar o Dia Nacional de Combate ao Trabalho Escravo.<\/p>\n<p>O MPT informou que atualmente, h\u00e1 1.700 procedimentos ativos em investiga\u00e7\u00e3o e acompanhamento nas 24 Procuradorias Regionais trabalhistas espalhadas pelo pa\u00eds, envolvendo trabalho an\u00e1logo \u00e0 escravid\u00e3o, aliciamento e tr\u00e1fico de trabalhadores para a escravid\u00e3o.<\/p>\n<p>Esse ramo do MP destacou dados da Subsecretaria de Inspe\u00e7\u00e3o do Trabalho segundo os quais no ano passado foram fiscalizados 267 estabelecimentos, sendo encontrados 1.054 trabalhadores em condi\u00e7\u00f5es an\u00e1logas \u00e0 escravid\u00e3o. Embora o n\u00famero seja menor do que o registrado em 2018, quando foram registrados 1.745 trabalhadores nessa situa\u00e7\u00e3o, a quantidade de estabelecimentos fiscalizados aumentou, uma vez que no ano anterior foram inspecionados 252 locais.<\/p>\n<p>Entre 2003 e 2018, segundo o MPT, cerca de 45 mil trabalhadores foram resgatados e libertados do trabalho an\u00e1logo \u00e0 escravid\u00e3o no Brasil. Segundo dados do Observat\u00f3rio Digital do Trabalho Escravo, isso significa uma m\u00e9dia de pelo menos oito trabalhadores resgatados a cada dia.<\/p>\n<p>Nesse per\u00edodo, a maioria das v\u00edtimas era do sexo masculino e tinha entre 18 e 24 anos. O perfil dos casos tamb\u00e9m comprova que o analfabetismo ou a baixa escolaridade tornam o indiv\u00edduo mais vulner\u00e1vel a esse tipo de explora\u00e7\u00e3o, j\u00e1 que 31% eram analfabetos e 39% n\u00e3o haviam sequer conclu\u00eddo o 5\u00ba ano.<\/p>\n<p>O Dia Nacional de Combate ao Trabalho Escravo foi criado em homenagem aos auditores-fiscais do Trabalho N\u00e9lson Jos\u00e9 da Silva, Jo\u00e3o Batista Soares Lage e Erat\u00f3stenes de Almeida Gon\u00e7alves, al\u00e9m do motorista A\u00edlton Pereira de Oliveira, que foram assassinados em Una\u00ed (MG), no dia 28 de janeiro de 2004, quando investigavam den\u00fancias de trabalho escravo em uma fazenda. O epis\u00f3dio ficou conhecido como a chacina de Una\u00ed.<\/p>\n<p><span style=\"font-size: 8pt;\">Fonte: Uol, 28\/01\/2020.<\/span><\/p>\n","protected":false},"excerpt":{"rendered":"<p>BRAS\u00cdLIA (Reuters) &#8211; O n\u00famero de den\u00fancias de trabalho an\u00e1logo \u00e0 escravid\u00e3o aumentou em 2019, para 1.213 casos [&hellip;]<\/p>\n","protected":false},"author":2,"featured_media":3358,"comment_status":"open","ping_status":"open","sticky":false,"template":"","format":"standard","meta":{"jetpack_post_was_ever_published":false,"jetpack_publicize_message":"","jetpack_is_tweetstorm":false,"jetpack_publicize_feature_enabled":true,"jetpack_social_post_already_shared":true,"jetpack_social_options":[]},"categories":[1],"tags":[],"jetpack_publicize_connections":[],"acf":[],"yoast_head":"<!-- This site is optimized with the Yoast SEO plugin v19.14 - https:\/\/yoast.com\/wordpress\/plugins\/seo\/ -->\n<title>INFORME BANC\u00c1RIO - 28 \/ 2020 - DEN\u00daNCIAS DE TRABALHO AN\u00c1LOGO \u00c0 ESCRAVID\u00c3O AUMENTAM 7,63% EM 2019, DIZ MP DO TRABALHO - Sindicato dos Banc\u00e1rios de S\u00e3o Bento do Sul e Regi\u00e3o<\/title>\n<meta name=\"robots\" content=\"index, follow, max-snippet:-1, max-image-preview:large, max-video-preview:-1\" \/>\n<link rel=\"canonical\" href=\"https:\/\/sindicatodosbancarios.org.br\/site2022\/2020\/01\/28\/informe-bancario-28-2020-denuncias-de-trabalho-analogo-a-escravidao-aumentam-763-em-2019-diz-mp-do-trabalho\/\" \/>\n<meta property=\"og:locale\" content=\"pt_BR\" \/>\n<meta property=\"og:type\" content=\"article\" \/>\n<meta property=\"og:title\" content=\"INFORME BANC\u00c1RIO - 28 \/ 2020 - DEN\u00daNCIAS DE TRABALHO AN\u00c1LOGO \u00c0 ESCRAVID\u00c3O AUMENTAM 7,63% EM 2019, DIZ MP DO TRABALHO - Sindicato dos Banc\u00e1rios de S\u00e3o Bento do Sul e Regi\u00e3o\" \/>\n<meta property=\"og:description\" content=\"BRAS\u00cdLIA (Reuters) &#8211; O n\u00famero de den\u00fancias de trabalho an\u00e1logo \u00e0 escravid\u00e3o aumentou em 2019, para 1.213 casos [&hellip;]\" \/>\n<meta property=\"og:url\" content=\"https:\/\/sindicatodosbancarios.org.br\/site2022\/2020\/01\/28\/informe-bancario-28-2020-denuncias-de-trabalho-analogo-a-escravidao-aumentam-763-em-2019-diz-mp-do-trabalho\/\" \/>\n<meta property=\"og:site_name\" content=\"Sindicato dos Banc\u00e1rios de S\u00e3o Bento do Sul e Regi\u00e3o\" \/>\n<meta property=\"article:author\" content=\"https:\/\/www.facebook.com\/seeb.sbs.9\" \/>\n<meta property=\"article:published_time\" content=\"2020-01-28T17:52:33+00:00\" \/>\n<meta property=\"og:image\" content=\"https:\/\/sindicatodosbancarios.org.br\/site2022\/wp-content\/uploads\/2020\/01\/trabalho-escravo-imagem.jpg\" \/>\n\t<meta property=\"og:image:width\" content=\"275\" \/>\n\t<meta property=\"og:image:height\" content=\"183\" \/>\n\t<meta property=\"og:image:type\" content=\"image\/jpeg\" \/>\n<meta name=\"author\" content=\"Sindicato dos Banc\u00e1rios S\u00e3o Bento do Sul e Regi\u00e3o\" \/>\n<meta name=\"twitter:card\" content=\"summary_large_image\" \/>\n<meta name=\"twitter:label1\" content=\"Escrito por\" \/>\n\t<meta name=\"twitter:data1\" content=\"Sindicato dos Banc\u00e1rios S\u00e3o Bento do Sul e Regi\u00e3o\" \/>\n\t<meta name=\"twitter:label2\" content=\"Est. tempo de leitura\" \/>\n\t<meta name=\"twitter:data2\" content=\"2 minutos\" \/>\n<script type=\"application\/ld+json\" class=\"yoast-schema-graph\">{\"@context\":\"https:\/\/schema.org\",\"@graph\":[{\"@type\":\"Article\",\"@id\":\"https:\/\/sindicatodosbancarios.org.br\/site2022\/2020\/01\/28\/informe-bancario-28-2020-denuncias-de-trabalho-analogo-a-escravidao-aumentam-763-em-2019-diz-mp-do-trabalho\/#article\",\"isPartOf\":{\"@id\":\"https:\/\/sindicatodosbancarios.org.br\/site2022\/2020\/01\/28\/informe-bancario-28-2020-denuncias-de-trabalho-analogo-a-escravidao-aumentam-763-em-2019-diz-mp-do-trabalho\/\"},\"author\":{\"name\":\"Sindicato dos Banc\u00e1rios S\u00e3o Bento do Sul e Regi\u00e3o\",\"@id\":\"https:\/\/sindicatodosbancarios.org.br\/site2022\/#\/schema\/person\/a7d92da77d1084df4d28b57962f1e1bd\"},\"headline\":\"INFORME BANC\u00c1RIO &#8211; 28 \/ 2020 &#8211; DEN\u00daNCIAS DE TRABALHO AN\u00c1LOGO \u00c0 ESCRAVID\u00c3O AUMENTAM 7,63% EM 2019, DIZ MP DO TRABALHO\",\"datePublished\":\"2020-01-28T17:52:33+00:00\",\"dateModified\":\"2020-01-28T17:52:33+00:00\",\"mainEntityOfPage\":{\"@id\":\"https:\/\/sindicatodosbancarios.org.br\/site2022\/2020\/01\/28\/informe-bancario-28-2020-denuncias-de-trabalho-analogo-a-escravidao-aumentam-763-em-2019-diz-mp-do-trabalho\/\"},\"wordCount\":372,\"commentCount\":0,\"publisher\":{\"@id\":\"https:\/\/sindicatodosbancarios.org.br\/site2022\/#organization\"},\"articleSection\":[\"Geral\"],\"inLanguage\":\"pt-BR\",\"potentialAction\":[{\"@type\":\"CommentAction\",\"name\":\"Comment\",\"target\":[\"https:\/\/sindicatodosbancarios.org.br\/site2022\/2020\/01\/28\/informe-bancario-28-2020-denuncias-de-trabalho-analogo-a-escravidao-aumentam-763-em-2019-diz-mp-do-trabalho\/#respond\"]}]},{\"@type\":\"WebPage\",\"@id\":\"https:\/\/sindicatodosbancarios.org.br\/site2022\/2020\/01\/28\/informe-bancario-28-2020-denuncias-de-trabalho-analogo-a-escravidao-aumentam-763-em-2019-diz-mp-do-trabalho\/\",\"url\":\"https:\/\/sindicatodosbancarios.org.br\/site2022\/2020\/01\/28\/informe-bancario-28-2020-denuncias-de-trabalho-analogo-a-escravidao-aumentam-763-em-2019-diz-mp-do-trabalho\/\",\"name\":\"INFORME BANC\u00c1RIO - 28 \/ 2020 - DEN\u00daNCIAS DE TRABALHO AN\u00c1LOGO \u00c0 ESCRAVID\u00c3O AUMENTAM 7,63% EM 2019, DIZ MP DO TRABALHO - Sindicato dos Banc\u00e1rios de S\u00e3o Bento do Sul e Regi\u00e3o\",\"isPartOf\":{\"@id\":\"https:\/\/sindicatodosbancarios.org.br\/site2022\/#website\"},\"datePublished\":\"2020-01-28T17:52:33+00:00\",\"dateModified\":\"2020-01-28T17:52:33+00:00\",\"breadcrumb\":{\"@id\":\"https:\/\/sindicatodosbancarios.org.br\/site2022\/2020\/01\/28\/informe-bancario-28-2020-denuncias-de-trabalho-analogo-a-escravidao-aumentam-763-em-2019-diz-mp-do-trabalho\/#breadcrumb\"},\"inLanguage\":\"pt-BR\",\"potentialAction\":[{\"@type\":\"ReadAction\",\"target\":[\"https:\/\/sindicatodosbancarios.org.br\/site2022\/2020\/01\/28\/informe-bancario-28-2020-denuncias-de-trabalho-analogo-a-escravidao-aumentam-763-em-2019-diz-mp-do-trabalho\/\"]}]},{\"@type\":\"BreadcrumbList\",\"@id\":\"https:\/\/sindicatodosbancarios.org.br\/site2022\/2020\/01\/28\/informe-bancario-28-2020-denuncias-de-trabalho-analogo-a-escravidao-aumentam-763-em-2019-diz-mp-do-trabalho\/#breadcrumb\",\"itemListElement\":[{\"@type\":\"ListItem\",\"position\":1,\"name\":\"In\u00edcio\",\"item\":\"https:\/\/sindicatodosbancarios.org.br\/site2022\/\"},{\"@type\":\"ListItem\",\"position\":2,\"name\":\"INFORME BANC\u00c1RIO &#8211; 28 \/ 2020 &#8211; DEN\u00daNCIAS DE TRABALHO AN\u00c1LOGO \u00c0 ESCRAVID\u00c3O AUMENTAM 7,63% EM 2019, DIZ MP DO TRABALHO\"}]},{\"@type\":\"WebSite\",\"@id\":\"https:\/\/sindicatodosbancarios.org.br\/site2022\/#website\",\"url\":\"https:\/\/sindicatodosbancarios.org.br\/site2022\/\",\"name\":\"Sindicato dos Banc\u00e1rios de S\u00e3o Bento do Sul e Regi\u00e3o\",\"description\":\"Website institucional do Sindicato dos Banc\u00e1rios de S\u00e3o Bento do Sul e Regi\u00e3o\",\"publisher\":{\"@id\":\"https:\/\/sindicatodosbancarios.org.br\/site2022\/#organization\"},\"potentialAction\":[{\"@type\":\"SearchAction\",\"target\":{\"@type\":\"EntryPoint\",\"urlTemplate\":\"https:\/\/sindicatodosbancarios.org.br\/site2022\/?s={search_term_string}\"},\"query-input\":\"required name=search_term_string\"}],\"inLanguage\":\"pt-BR\"},{\"@type\":\"Organization\",\"@id\":\"https:\/\/sindicatodosbancarios.org.br\/site2022\/#organization\",\"name\":\"Sindicato dos Banc\u00e1rios de S\u00e3o Bento do Sul e Regi\u00e3o\",\"url\":\"https:\/\/sindicatodosbancarios.org.br\/site2022\/\",\"logo\":{\"@type\":\"ImageObject\",\"inLanguage\":\"pt-BR\",\"@id\":\"https:\/\/sindicatodosbancarios.org.br\/site2022\/#\/schema\/logo\/image\/\",\"url\":\"https:\/\/sindicatodosbancarios.org.br\/site2022\/wp-content\/uploads\/2017\/06\/cropped-logo-2.png\",\"contentUrl\":\"https:\/\/sindicatodosbancarios.org.br\/site2022\/wp-content\/uploads\/2017\/06\/cropped-logo-2.png\",\"width\":292,\"height\":292,\"caption\":\"Sindicato dos Banc\u00e1rios de S\u00e3o Bento do Sul e Regi\u00e3o\"},\"image\":{\"@id\":\"https:\/\/sindicatodosbancarios.org.br\/site2022\/#\/schema\/logo\/image\/\"}},{\"@type\":\"Person\",\"@id\":\"https:\/\/sindicatodosbancarios.org.br\/site2022\/#\/schema\/person\/a7d92da77d1084df4d28b57962f1e1bd\",\"name\":\"Sindicato dos Banc\u00e1rios S\u00e3o Bento do Sul e Regi\u00e3o\",\"image\":{\"@type\":\"ImageObject\",\"inLanguage\":\"pt-BR\",\"@id\":\"https:\/\/sindicatodosbancarios.org.br\/site2022\/#\/schema\/person\/image\/\",\"url\":\"https:\/\/secure.gravatar.com\/avatar\/f1d1a06f698f2345352e539387180d42?s=96&d=mm&r=g\",\"contentUrl\":\"https:\/\/secure.gravatar.com\/avatar\/f1d1a06f698f2345352e539387180d42?s=96&d=mm&r=g\",\"caption\":\"Sindicato dos Banc\u00e1rios S\u00e3o Bento do Sul e Regi\u00e3o\"},\"sameAs\":[\"http:\/\/sindicatodosbancarios.org.br\/site2022\/\",\"https:\/\/www.facebook.com\/seeb.sbs.9\"],\"url\":\"https:\/\/sindicatodosbancarios.org.br\/site2022\/author\/sindicatodosbancarios\/\"}]}<\/script>\n<!-- \/ Yoast SEO plugin. -->","yoast_head_json":{"title":"INFORME BANC\u00c1RIO - 28 \/ 2020 - DEN\u00daNCIAS DE TRABALHO AN\u00c1LOGO \u00c0 ESCRAVID\u00c3O AUMENTAM 7,63% EM 2019, DIZ MP DO TRABALHO - Sindicato dos Banc\u00e1rios de S\u00e3o Bento do Sul e Regi\u00e3o","robots":{"index":"index","follow":"follow","max-snippet":"max-snippet:-1","max-image-preview":"max-image-preview:large","max-video-preview":"max-video-preview:-1"},"canonical":"https:\/\/sindicatodosbancarios.org.br\/site2022\/2020\/01\/28\/informe-bancario-28-2020-denuncias-de-trabalho-analogo-a-escravidao-aumentam-763-em-2019-diz-mp-do-trabalho\/","og_locale":"pt_BR","og_type":"article","og_title":"INFORME BANC\u00c1RIO - 28 \/ 2020 - DEN\u00daNCIAS DE TRABALHO AN\u00c1LOGO \u00c0 ESCRAVID\u00c3O AUMENTAM 7,63% EM 2019, DIZ MP DO TRABALHO - Sindicato dos Banc\u00e1rios de S\u00e3o Bento do Sul e Regi\u00e3o","og_description":"BRAS\u00cdLIA (Reuters) &#8211; O n\u00famero de den\u00fancias de trabalho an\u00e1logo \u00e0 escravid\u00e3o aumentou em 2019, para 1.213 casos [&hellip;]","og_url":"https:\/\/sindicatodosbancarios.org.br\/site2022\/2020\/01\/28\/informe-bancario-28-2020-denuncias-de-trabalho-analogo-a-escravidao-aumentam-763-em-2019-diz-mp-do-trabalho\/","og_site_name":"Sindicato dos Banc\u00e1rios de S\u00e3o Bento do Sul e Regi\u00e3o","article_author":"https:\/\/www.facebook.com\/seeb.sbs.9","article_published_time":"2020-01-28T17:52:33+00:00","og_image":[{"width":275,"height":183,"url":"https:\/\/sindicatodosbancarios.org.br\/site2022\/wp-content\/uploads\/2020\/01\/trabalho-escravo-imagem.jpg","type":"image\/jpeg"}],"author":"Sindicato dos Banc\u00e1rios S\u00e3o Bento do Sul e Regi\u00e3o","twitter_card":"summary_large_image","twitter_misc":{"Escrito por":"Sindicato dos Banc\u00e1rios S\u00e3o Bento do Sul e Regi\u00e3o","Est. tempo de leitura":"2 minutos"},"schema":{"@context":"https:\/\/schema.org","@graph":[{"@type":"Article","@id":"https:\/\/sindicatodosbancarios.org.br\/site2022\/2020\/01\/28\/informe-bancario-28-2020-denuncias-de-trabalho-analogo-a-escravidao-aumentam-763-em-2019-diz-mp-do-trabalho\/#article","isPartOf":{"@id":"https:\/\/sindicatodosbancarios.org.br\/site2022\/2020\/01\/28\/informe-bancario-28-2020-denuncias-de-trabalho-analogo-a-escravidao-aumentam-763-em-2019-diz-mp-do-trabalho\/"},"author":{"name":"Sindicato dos Banc\u00e1rios S\u00e3o Bento do Sul e Regi\u00e3o","@id":"https:\/\/sindicatodosbancarios.org.br\/site2022\/#\/schema\/person\/a7d92da77d1084df4d28b57962f1e1bd"},"headline":"INFORME BANC\u00c1RIO &#8211; 28 \/ 2020 &#8211; DEN\u00daNCIAS DE TRABALHO AN\u00c1LOGO \u00c0 ESCRAVID\u00c3O AUMENTAM 7,63% EM 2019, DIZ MP DO TRABALHO","datePublished":"2020-01-28T17:52:33+00:00","dateModified":"2020-01-28T17:52:33+00:00","mainEntityOfPage":{"@id":"https:\/\/sindicatodosbancarios.org.br\/site2022\/2020\/01\/28\/informe-bancario-28-2020-denuncias-de-trabalho-analogo-a-escravidao-aumentam-763-em-2019-diz-mp-do-trabalho\/"},"wordCount":372,"commentCount":0,"publisher":{"@id":"https:\/\/sindicatodosbancarios.org.br\/site2022\/#organization"},"articleSection":["Geral"],"inLanguage":"pt-BR","potentialAction":[{"@type":"CommentAction","name":"Comment","target":["https:\/\/sindicatodosbancarios.org.br\/site2022\/2020\/01\/28\/informe-bancario-28-2020-denuncias-de-trabalho-analogo-a-escravidao-aumentam-763-em-2019-diz-mp-do-trabalho\/#respond"]}]},{"@type":"WebPage","@id":"https:\/\/sindicatodosbancarios.org.br\/site2022\/2020\/01\/28\/informe-bancario-28-2020-denuncias-de-trabalho-analogo-a-escravidao-aumentam-763-em-2019-diz-mp-do-trabalho\/","url":"https:\/\/sindicatodosbancarios.org.br\/site2022\/2020\/01\/28\/informe-bancario-28-2020-denuncias-de-trabalho-analogo-a-escravidao-aumentam-763-em-2019-diz-mp-do-trabalho\/","name":"INFORME BANC\u00c1RIO - 28 \/ 2020 - DEN\u00daNCIAS DE TRABALHO AN\u00c1LOGO \u00c0 ESCRAVID\u00c3O AUMENTAM 7,63% EM 2019, DIZ MP DO TRABALHO - Sindicato dos Banc\u00e1rios de S\u00e3o Bento do Sul e Regi\u00e3o","isPartOf":{"@id":"https:\/\/sindicatodosbancarios.org.br\/site2022\/#website"},"datePublished":"2020-01-28T17:52:33+00:00","dateModified":"2020-01-28T17:52:33+00:00","breadcrumb":{"@id":"https:\/\/sindicatodosbancarios.org.br\/site2022\/2020\/01\/28\/informe-bancario-28-2020-denuncias-de-trabalho-analogo-a-escravidao-aumentam-763-em-2019-diz-mp-do-trabalho\/#breadcrumb"},"inLanguage":"pt-BR","potentialAction":[{"@type":"ReadAction","target":["https:\/\/sindicatodosbancarios.org.br\/site2022\/2020\/01\/28\/informe-bancario-28-2020-denuncias-de-trabalho-analogo-a-escravidao-aumentam-763-em-2019-diz-mp-do-trabalho\/"]}]},{"@type":"BreadcrumbList","@id":"https:\/\/sindicatodosbancarios.org.br\/site2022\/2020\/01\/28\/informe-bancario-28-2020-denuncias-de-trabalho-analogo-a-escravidao-aumentam-763-em-2019-diz-mp-do-trabalho\/#breadcrumb","itemListElement":[{"@type":"ListItem","position":1,"name":"In\u00edcio","item":"https:\/\/sindicatodosbancarios.org.br\/site2022\/"},{"@type":"ListItem","position":2,"name":"INFORME BANC\u00c1RIO &#8211; 28 \/ 2020 &#8211; DEN\u00daNCIAS DE TRABALHO AN\u00c1LOGO \u00c0 ESCRAVID\u00c3O AUMENTAM 7,63% EM 2019, DIZ MP DO TRABALHO"}]},{"@type":"WebSite","@id":"https:\/\/sindicatodosbancarios.org.br\/site2022\/#website","url":"https:\/\/sindicatodosbancarios.org.br\/site2022\/","name":"Sindicato dos Banc\u00e1rios de S\u00e3o Bento do Sul e Regi\u00e3o","description":"Website institucional do Sindicato dos Banc\u00e1rios de S\u00e3o Bento do Sul e Regi\u00e3o","publisher":{"@id":"https:\/\/sindicatodosbancarios.org.br\/site2022\/#organization"},"potentialAction":[{"@type":"SearchAction","target":{"@type":"EntryPoint","urlTemplate":"https:\/\/sindicatodosbancarios.org.br\/site2022\/?s={search_term_string}"},"query-input":"required name=search_term_string"}],"inLanguage":"pt-BR"},{"@type":"Organization","@id":"https:\/\/sindicatodosbancarios.org.br\/site2022\/#organization","name":"Sindicato dos Banc\u00e1rios de S\u00e3o Bento do Sul e Regi\u00e3o","url":"https:\/\/sindicatodosbancarios.org.br\/site2022\/","logo":{"@type":"ImageObject","inLanguage":"pt-BR","@id":"https:\/\/sindicatodosbancarios.org.br\/site2022\/#\/schema\/logo\/image\/","url":"https:\/\/sindicatodosbancarios.org.br\/site2022\/wp-content\/uploads\/2017\/06\/cropped-logo-2.png","contentUrl":"https:\/\/sindicatodosbancarios.org.br\/site2022\/wp-content\/uploads\/2017\/06\/cropped-logo-2.png","width":292,"height":292,"caption":"Sindicato dos Banc\u00e1rios de S\u00e3o Bento do Sul e Regi\u00e3o"},"image":{"@id":"https:\/\/sindicatodosbancarios.org.br\/site2022\/#\/schema\/logo\/image\/"}},{"@type":"Person","@id":"https:\/\/sindicatodosbancarios.org.br\/site2022\/#\/schema\/person\/a7d92da77d1084df4d28b57962f1e1bd","name":"Sindicato dos Banc\u00e1rios S\u00e3o Bento do Sul e Regi\u00e3o","image":{"@type":"ImageObject","inLanguage":"pt-BR","@id":"https:\/\/sindicatodosbancarios.org.br\/site2022\/#\/schema\/person\/image\/","url":"https:\/\/secure.gravatar.com\/avatar\/f1d1a06f698f2345352e539387180d42?s=96&d=mm&r=g","contentUrl":"https:\/\/secure.gravatar.com\/avatar\/f1d1a06f698f2345352e539387180d42?s=96&d=mm&r=g","caption":"Sindicato dos Banc\u00e1rios S\u00e3o Bento do Sul e Regi\u00e3o"},"sameAs":["http:\/\/sindicatodosbancarios.org.br\/site2022\/","https:\/\/www.facebook.com\/seeb.sbs.9"],"url":"https:\/\/sindicatodosbancarios.org.br\/site2022\/author\/sindicatodosbancarios\/"}]}},"jetpack_featured_media_url":"https:\/\/sindicatodosbancarios.org.br\/site2022\/wp-content\/uploads\/2020\/01\/trabalho-escravo-imagem.jpg","jetpack_sharing_enabled":true,"jetpack_shortlink":"https:\/\/wp.me\/p8RSbI-S9","jetpack-related-posts":[{"id":5599,"url":"https:\/\/sindicatodosbancarios.org.br\/site2022\/2021\/08\/10\/informe-bancario-188-2021-sindicato-de-restaurantes-orienta-empregador-a-demitir-quem-recusar-vacina\/","url_meta":{"origin":3357,"position":0},"title":"INFORME BANC\u00c1RIO \u2013 188\/2021 Sindicato de restaurantes orienta empregador a demitir quem recusar vacina","date":"10 de agosto de 2021","format":false,"excerpt":"O Sindicato de Restaurantes, Bares e Similares de S\u00e3o Paulo (SindResBar-SP) publicou uma nota de esclarecimento em que orienta o empregador a demitir o funcion\u00e1rio que se recusar a tomar vacina contra a covid-19. Segundo a entidade, a nota tem como base as conclus\u00f5es obtidas pelo grupo de trabalho do\u2026","rel":"","context":"Em &quot;Geral&quot;","img":{"alt_text":"","src":"https:\/\/i0.wp.com\/sindicatodosbancarios.org.br\/site2022\/wp-content\/uploads\/2021\/08\/unnamed.png?resize=350%2C200&ssl=1","width":350,"height":200},"classes":[]},{"id":4737,"url":"https:\/\/sindicatodosbancarios.org.br\/site2022\/2020\/11\/05\/informe-bancario-421-2020-faltou-trabalho-para-recorde-de-33319-milhoes-de-pessoas-no-pais-ate-agosto\/","url_meta":{"origin":3357,"position":1},"title":"INFORME BANC\u00c1RIO \u2013 421\/2020 Faltou trabalho para recorde de 33,319 milh\u00f5es de pessoas no Pa\u00eds at\u00e9 agosto","date":"5 de novembro de 2020","format":false,"excerpt":"No trimestre terminado em agosto de 2020, faltou trabalho para um recorde de 33,319 milh\u00f5es de pessoas no Pa\u00eds, segundo os dados da Pesquisa Nacional por Amostra de Domic\u00edlios Cont\u00ednua (Pnad Cont\u00ednua), iniciada em 2012 pelo Instituto Brasileiro de Geografia e Estat\u00edstica (IBGE). A taxa composta de subutiliza\u00e7\u00e3o da for\u00e7a\u2026","rel":"","context":"Em &quot;Geral&quot;","img":{"alt_text":"","src":"https:\/\/i0.wp.com\/sindicatodosbancarios.org.br\/site2022\/wp-content\/uploads\/2020\/11\/carteira-de-trabalho-desemprego-960x540-e1565355192788-727x375.jpg?resize=350%2C200&ssl=1","width":350,"height":200},"classes":[]},{"id":4451,"url":"https:\/\/sindicatodosbancarios.org.br\/site2022\/2020\/09\/09\/informe-bancario-332-2020-mpt-excluir-covid-19-de-lista-de-doencas-ocupacionais-e-inegavel-equivoco\/","url_meta":{"origin":3357,"position":2},"title":"INFORME BANC\u00c1RIO \u2013 332\/2020 MPT: Excluir covid-19 de lista de doen\u00e7as ocupacionais \u00e9 ineg\u00e1vel equ\u00edvoco","date":"9 de setembro de 2020","format":false,"excerpt":"O MPT (Minist\u00e9rio P\u00fablico do Trabalho) divulgou hoje uma nota dizendo ser um equ\u00edvoco a a\u00e7\u00e3o do Minist\u00e9rio da Sa\u00fade em revogar a inclus\u00e3o da covid-19 na lista de doen\u00e7as relacionadas ao trabalho (LDRT), conforme publicado um dia antes do DOU (Di\u00e1rio Oficial da Uni\u00e3o). Al\u00e9m de tirar o novo\u2026","rel":"","context":"Em &quot;Geral&quot;","img":{"alt_text":"","src":"https:\/\/i0.wp.com\/sindicatodosbancarios.org.br\/site2022\/wp-content\/uploads\/2020\/09\/funcionaria-na-universidade.jpg?resize=350%2C200&ssl=1","width":350,"height":200},"classes":[]},{"id":5849,"url":"https:\/\/sindicatodosbancarios.org.br\/site2022\/2021\/12\/29\/informe-bancario-257-2021-jair-bolsonaro-critica-combate-ao-trabalho-escravo\/","url_meta":{"origin":3357,"position":3},"title":"INFORME BANC\u00c1RIO \u2013 257\/2021 Jair Bolsonaro critica combate ao trabalho escravo","date":"29 de dezembro de 2021","format":false,"excerpt":"Em evento com empres\u00e1rios, Jair Bolsonaro atacou atua\u00e7\u00e3o do MPT; presidente tamb\u00e9m fez coment\u00e1rio homof\u00f3bico. Jair Bolsonaro\u00a0criticou nesta ter\u00e7a-feira (7\/12) o combate ao\u00a0trabalho escravo\u00a0pelo Minist\u00e9rio P\u00fablico do Trabalho (MPT). Bolsonaro afirmou que as normas que buscam evitar acidentes de trabalho atrapalham a vida do empresariado. \u201cOlha as normas regulamentadoras, como\u2026","rel":"","context":"Em &quot;Geral&quot;","img":{"alt_text":"","src":"https:\/\/i0.wp.com\/sindicatodosbancarios.org.br\/site2022\/wp-content\/uploads\/2021\/12\/190103_jair_bolsonaro_brazil_s.jpg?resize=350%2C200&ssl=1","width":350,"height":200},"classes":[]},{"id":5568,"url":"https:\/\/sindicatodosbancarios.org.br\/site2022\/2021\/07\/29\/informe-bancario-178-2021-o-que-aconteceu-ao-trabalhador-em-25-anos-sem-o-ministerio-do-trabalho\/","url_meta":{"origin":3357,"position":4},"title":"INFORME BANC\u00c1RIO \u2013 178\/2021 O que aconteceu ao trabalhador em 2,5 anos sem o Minist\u00e9rio do Trabalho?","date":"29 de julho de 2021","format":false,"excerpt":"Quando assumiu a Presid\u00eancia do Brasil, em 2019, Jair Bolsonaro (sem partido) reduziu o n\u00famero de minist\u00e9rios, extinguindo, por exemplo, o do Trabalho, criado por Get\u00falio Vargas em 1930. Nestes dois anos e meio com a pasta integrada ao superminist\u00e9rio da Economia, o governo realizou a reforma da Previd\u00eancia, o\u2026","rel":"","context":"Em &quot;Geral&quot;","img":{"alt_text":"","src":"https:\/\/i0.wp.com\/sindicatodosbancarios.org.br\/site2022\/wp-content\/uploads\/2021\/07\/tttttttt.jpg?resize=350%2C200&ssl=1","width":350,"height":200},"classes":[]},{"id":5297,"url":"https:\/\/sindicatodosbancarios.org.br\/site2022\/2021\/04\/13\/informe-bancarios-95-2021-desalento-bate-recorde-de-59-milhoes-de-pessoas-no-trimestre-ate-janeiro-segundo-ibge\/","url_meta":{"origin":3357,"position":5},"title":"INFORME BANC\u00c1RIOS \u2013 95\/2021 Desalento bate recorde de 5,9 milh\u00f5es de pessoas no trimestre at\u00e9 janeiro, segundo IBGE","date":"13 de abril de 2021","format":false,"excerpt":"O Brasil alcan\u00e7ou um recorde de 5,902 milh\u00f5es de pessoas em situa\u00e7\u00e3o de desalento no trimestre encerrado em janeiro, segundo os dados da Pesquisa Nacional por Amostra de Domic\u00edlios Cont\u00ednua (Pnad Cont\u00ednua), iniciada em 2012 pelo Instituto Brasileiro de Geografia e Estat\u00edstica (IBGE). O resultado divulgado nesta quarta-feira significa 133\u2026","rel":"","context":"Em &quot;Geral&quot;","img":{"alt_text":"","src":"https:\/\/i0.wp.com\/sindicatodosbancarios.org.br\/site2022\/wp-content\/uploads\/2021\/02\/ecv8by7wzopiiudr6exo2c0gh.jpg?resize=350%2C200&ssl=1","width":350,"height":200},"classes":[]}],"_links":{"self":[{"href":"https:\/\/sindicatodosbancarios.org.br\/site2022\/wp-json\/wp\/v2\/posts\/3357"}],"collection":[{"href":"https:\/\/sindicatodosbancarios.org.br\/site2022\/wp-json\/wp\/v2\/posts"}],"about":[{"href":"https:\/\/sindicatodosbancarios.org.br\/site2022\/wp-json\/wp\/v2\/types\/post"}],"author":[{"embeddable":true,"href":"https:\/\/sindicatodosbancarios.org.br\/site2022\/wp-json\/wp\/v2\/users\/2"}],"replies":[{"embeddable":true,"href":"https:\/\/sindicatodosbancarios.org.br\/site2022\/wp-json\/wp\/v2\/comments?post=3357"}],"version-history":[{"count":1,"href":"https:\/\/sindicatodosbancarios.org.br\/site2022\/wp-json\/wp\/v2\/posts\/3357\/revisions"}],"predecessor-version":[{"id":3359,"href":"https:\/\/sindicatodosbancarios.org.br\/site2022\/wp-json\/wp\/v2\/posts\/3357\/revisions\/3359"}],"wp:featuredmedia":[{"embeddable":true,"href":"https:\/\/sindicatodosbancarios.org.br\/site2022\/wp-json\/wp\/v2\/media\/3358"}],"wp:attachment":[{"href":"https:\/\/sindicatodosbancarios.org.br\/site2022\/wp-json\/wp\/v2\/media?parent=3357"}],"wp:term":[{"taxonomy":"category","embeddable":true,"href":"https:\/\/sindicatodosbancarios.org.br\/site2022\/wp-json\/wp\/v2\/categories?post=3357"},{"taxonomy":"post_tag","embeddable":true,"href":"https:\/\/sindicatodosbancarios.org.br\/site2022\/wp-json\/wp\/v2\/tags?post=3357"}],"curies":[{"name":"wp","href":"https:\/\/api.w.org\/{rel}","templated":true}]}}