{"id":3372,"date":"2020-02-03T14:35:27","date_gmt":"2020-02-03T17:35:27","guid":{"rendered":"https:\/\/sindicatodosbancarios.org.br\/?p=3372"},"modified":"2020-02-03T14:35:27","modified_gmt":"2020-02-03T17:35:27","slug":"informe-bancario-32-2020-o-que-a-nova-previdencia-alterou-no-auxilio-doenca-inss","status":"publish","type":"post","link":"https:\/\/sindicatodosbancarios.org.br\/site2022\/2020\/02\/03\/informe-bancario-32-2020-o-que-a-nova-previdencia-alterou-no-auxilio-doenca-inss\/","title":{"rendered":"INFORME BANC\u00c1RIO &#8211; 32 \/ 2020 &#8211; O QUE A NOVA PREVID\u00caNCIA ALTEROU NO AUX\u00cdLIO DOEN\u00c7A INSS?"},"content":{"rendered":"<p>O que a Nova Previd\u00eancia alterou no Aux\u00edlio Doen\u00e7a INSS? A\u00a0C\u00e2mara dos Deputados\u00a0est\u00e1 discutindo a possibilidade de o\u00a0pagamento do aux\u00edlio-doen\u00e7a entre 16 e 120 dias de afastamento\u00a0do trabalhador\u00a0passar do INSS para a empresa.\u00a0A proposta foi inclu\u00edda pelo deputado Fernando Rodolfo (PL-PE) em seu relat\u00f3rio da\u00a0Medida Provis\u00f3ria 891, que trata da antecipa\u00e7\u00e3o da primeira parcela do 13\u00ba sal\u00e1rio de aposentados e pensionistas do INSS. A informa\u00e7\u00e3o foi confirmada pelo secret\u00e1rio de Previd\u00eancia e Trabalho do Minist\u00e9rio da Economia, Rog\u00e9rio Marinho. No entanto, especialistas em Direito Previdenci\u00e1rio t\u00eam d\u00favidas quanto \u00e0 efici\u00eancia da medida e aos impactos para os empregados.<\/p>\n<p>Hoje, quando um trabalhador da iniciativa privada \u00e9 afastado por mais de 15 dias de suas atividades, \u00e9 feita uma per\u00edcia pelo INSS para verificar o tempo de licen\u00e7a necess\u00e1rio e para garantir o pagamento do benef\u00edcio pela Previd\u00eancia Social. Na proposta apresentada agora, as empresas \u00e9 que ficariam respons\u00e1veis por esse exame ap\u00f3s os 15 dias iniciais. Caso comprovada a necessidade de afastamento do empregado por mais tempo, os patr\u00f5es\u00a0assumiriam o pagamento de aux\u00edlio-doen\u00e7a por at\u00e9 120 dias, com o valor limitado ao teto do INSS\u00a0(R$ 5.839,45), como j\u00e1 \u00e9 hoje.<\/p>\n<p>A principal vantagem seria tirar as pessoas do chamado \u201climbo jur\u00eddico\u201d, em que o trabalhador n\u00e3o consegue fazer a per\u00edcia do INSS por problemas de agenda do instituto (para dar in\u00edcio ao pagamento do benef\u00edcio ou para ter alta e voltar a trabalhar), e a empresa n\u00e3o consegue afastar o trabalhador nem aceit\u00e1-lo de volta ap\u00f3s sua recupera\u00e7\u00e3o.<\/p>\n<p>\u2014 A proposta \u00e9 interessante porque, em alguns casos, a empresa entende que o trabalhador est\u00e1 incapaz, mas at\u00e9 o INSS fazer a per\u00edcia, muitas vezes, demora. Assim, o trabalhador n\u00e3o pode ser afastado, mas a empresa tamb\u00e9m n\u00e3o paga (o sal\u00e1rio dele). No fim, o trabalhador fica sem remunera\u00e7\u00e3o alguma. E a proposta segue a l\u00f3gica da jurisprud\u00eancia atual, que entende que, at\u00e9 conseguir o laudo (do INSS), a empresa \u00e9 respons\u00e1vel pelo pagamento do funcion\u00e1rio \u2014 afirmou o advogado Jo\u00e3o Badari, s\u00f3cio do Aith, Badari e Luchin Advogados.<\/p>\n<p><strong>Casos que ainda ficariam com o INSS<\/strong><\/p>\n<p>A solu\u00e7\u00e3o, por\u00e9m, pode causar outros problemas, principalmente onerando as pequenas empresas. Para microempreendedores individuais (MEIs) ou pessoas f\u00edsicas que assinam a carteira de empregados dom\u00e9sticos, a proposta prev\u00ea que o aux\u00edlio-doen\u00e7a continuar\u00e1 a ser pago diretamente pelo INSS. Mas, outras empresas podem n\u00e3o estar dispostas a arcar com esses custos.<\/p>\n<p>Para Luiz Guilherme Migliora, professor da FGV Direito Rio, o perigo de se terceirizar esses servi\u00e7os \u00e9 o conflito de interesses:<\/p>\n<p>\u2014 O perigo de o governo terceirizar assuntos de governo \u00e9 que os interesses das empresas s\u00e3o outros. Pode n\u00e3o haver interesse em dar a licen\u00e7a para os trabalhadores, porque as empresas, diferentemente do governo, n\u00e3o est\u00e3o preocupadas com a seguridade social.<\/p>\n<p>Outros especialistas consideram complicado dar a capacidade de perito a m\u00e9dicos do trabalho e acreditam que o benef\u00edcio de se acabar com esse \u201climpo jur\u00eddico\u201d seria tempor\u00e1rio. Depois de 120 dias de afastamento do trabalhador, o problema poderia ressurgir.<\/p>\n<p>\u2014 M\u00e9dico n\u00e3o \u00e9 perito. O vi\u00e9s \u00e9 completamente outro. O entendimento de que h\u00e1 incapacidade para o trabalho pode ser subjetivo. Por isso, h\u00e1 normas a serem seguidas. \u00c9 boa a ideia de se acabar com o \u201climbo jur\u00eddico\u201d, mas mesmo que essa responsabilidade passe para a empresa a partir de 16 dias (de afastamento), depois de 120 dias o trabalhador (ainda n\u00e3o recuperado) deveria voltar ao INSS, o que poderia lev\u00e1-lo ao \u201climbo\u201d novamente \u2014 afirmou Adriane Bramante, presidente do Instituto Brasileiro de Direito Previdenci\u00e1rio (IBDP), que acredita que a proposta deveria ser discutida melhor e n\u00e3o ser atrelada a uma medida provis\u00f3ria.<\/p>\n<p><span style=\"font-size: 8pt;\">Fonte: Mixvale, 30\/01\/2020.<\/span><\/p>\n<p>&nbsp;<\/p>\n","protected":false},"excerpt":{"rendered":"<p>O que a Nova Previd\u00eancia alterou no Aux\u00edlio Doen\u00e7a INSS? A\u00a0C\u00e2mara dos Deputados\u00a0est\u00e1 discutindo a possibilidade de o\u00a0pagamento [&hellip;]<\/p>\n","protected":false},"author":2,"featured_media":3191,"comment_status":"open","ping_status":"open","sticky":false,"template":"","format":"standard","meta":{"jetpack_post_was_ever_published":false,"jetpack_publicize_message":"","jetpack_is_tweetstorm":false,"jetpack_publicize_feature_enabled":true,"jetpack_social_post_already_shared":true,"jetpack_social_options":[]},"categories":[1],"tags":[],"jetpack_publicize_connections":[],"acf":[],"yoast_head":"<!-- This site is optimized with the Yoast SEO plugin v19.14 - https:\/\/yoast.com\/wordpress\/plugins\/seo\/ -->\n<title>INFORME BANC\u00c1RIO - 32 \/ 2020 - O QUE A NOVA PREVID\u00caNCIA ALTEROU NO AUX\u00cdLIO DOEN\u00c7A INSS? - Sindicato dos Banc\u00e1rios de S\u00e3o Bento do Sul e Regi\u00e3o<\/title>\n<meta name=\"robots\" content=\"index, follow, max-snippet:-1, max-image-preview:large, max-video-preview:-1\" \/>\n<link rel=\"canonical\" href=\"https:\/\/sindicatodosbancarios.org.br\/site2022\/2020\/02\/03\/informe-bancario-32-2020-o-que-a-nova-previdencia-alterou-no-auxilio-doenca-inss\/\" \/>\n<meta property=\"og:locale\" content=\"pt_BR\" \/>\n<meta property=\"og:type\" content=\"article\" \/>\n<meta property=\"og:title\" content=\"INFORME BANC\u00c1RIO - 32 \/ 2020 - O QUE A NOVA PREVID\u00caNCIA ALTEROU NO AUX\u00cdLIO DOEN\u00c7A INSS? - Sindicato dos Banc\u00e1rios de S\u00e3o Bento do Sul e Regi\u00e3o\" \/>\n<meta property=\"og:description\" content=\"O que a Nova Previd\u00eancia alterou no Aux\u00edlio Doen\u00e7a INSS? A\u00a0C\u00e2mara dos Deputados\u00a0est\u00e1 discutindo a possibilidade de o\u00a0pagamento [&hellip;]\" \/>\n<meta property=\"og:url\" content=\"https:\/\/sindicatodosbancarios.org.br\/site2022\/2020\/02\/03\/informe-bancario-32-2020-o-que-a-nova-previdencia-alterou-no-auxilio-doenca-inss\/\" \/>\n<meta property=\"og:site_name\" content=\"Sindicato dos Banc\u00e1rios de S\u00e3o Bento do Sul e Regi\u00e3o\" \/>\n<meta property=\"article:author\" content=\"https:\/\/www.facebook.com\/seeb.sbs.9\" \/>\n<meta property=\"article:published_time\" content=\"2020-02-03T17:35:27+00:00\" \/>\n<meta property=\"og:image\" content=\"https:\/\/sindicatodosbancarios.org.br\/site2022\/wp-content\/uploads\/2019\/11\/previdencia-social-imagem.jpg\" \/>\n\t<meta property=\"og:image:width\" content=\"1024\" \/>\n\t<meta property=\"og:image:height\" content=\"565\" \/>\n\t<meta property=\"og:image:type\" content=\"image\/jpeg\" \/>\n<meta name=\"author\" content=\"Sindicato dos Banc\u00e1rios S\u00e3o Bento do Sul e Regi\u00e3o\" \/>\n<meta name=\"twitter:card\" content=\"summary_large_image\" \/>\n<meta name=\"twitter:label1\" content=\"Escrito por\" \/>\n\t<meta name=\"twitter:data1\" content=\"Sindicato dos Banc\u00e1rios S\u00e3o Bento do Sul e Regi\u00e3o\" \/>\n\t<meta name=\"twitter:label2\" content=\"Est. tempo de leitura\" \/>\n\t<meta name=\"twitter:data2\" content=\"3 minutos\" \/>\n<script type=\"application\/ld+json\" class=\"yoast-schema-graph\">{\"@context\":\"https:\/\/schema.org\",\"@graph\":[{\"@type\":\"Article\",\"@id\":\"https:\/\/sindicatodosbancarios.org.br\/site2022\/2020\/02\/03\/informe-bancario-32-2020-o-que-a-nova-previdencia-alterou-no-auxilio-doenca-inss\/#article\",\"isPartOf\":{\"@id\":\"https:\/\/sindicatodosbancarios.org.br\/site2022\/2020\/02\/03\/informe-bancario-32-2020-o-que-a-nova-previdencia-alterou-no-auxilio-doenca-inss\/\"},\"author\":{\"name\":\"Sindicato dos Banc\u00e1rios S\u00e3o Bento do Sul e Regi\u00e3o\",\"@id\":\"https:\/\/sindicatodosbancarios.org.br\/site2022\/#\/schema\/person\/a7d92da77d1084df4d28b57962f1e1bd\"},\"headline\":\"INFORME BANC\u00c1RIO &#8211; 32 \/ 2020 &#8211; O QUE A NOVA PREVID\u00caNCIA ALTEROU NO AUX\u00cdLIO DOEN\u00c7A INSS?\",\"datePublished\":\"2020-02-03T17:35:27+00:00\",\"dateModified\":\"2020-02-03T17:35:27+00:00\",\"mainEntityOfPage\":{\"@id\":\"https:\/\/sindicatodosbancarios.org.br\/site2022\/2020\/02\/03\/informe-bancario-32-2020-o-que-a-nova-previdencia-alterou-no-auxilio-doenca-inss\/\"},\"wordCount\":682,\"commentCount\":0,\"publisher\":{\"@id\":\"https:\/\/sindicatodosbancarios.org.br\/site2022\/#organization\"},\"articleSection\":[\"Geral\"],\"inLanguage\":\"pt-BR\",\"potentialAction\":[{\"@type\":\"CommentAction\",\"name\":\"Comment\",\"target\":[\"https:\/\/sindicatodosbancarios.org.br\/site2022\/2020\/02\/03\/informe-bancario-32-2020-o-que-a-nova-previdencia-alterou-no-auxilio-doenca-inss\/#respond\"]}]},{\"@type\":\"WebPage\",\"@id\":\"https:\/\/sindicatodosbancarios.org.br\/site2022\/2020\/02\/03\/informe-bancario-32-2020-o-que-a-nova-previdencia-alterou-no-auxilio-doenca-inss\/\",\"url\":\"https:\/\/sindicatodosbancarios.org.br\/site2022\/2020\/02\/03\/informe-bancario-32-2020-o-que-a-nova-previdencia-alterou-no-auxilio-doenca-inss\/\",\"name\":\"INFORME BANC\u00c1RIO - 32 \/ 2020 - O QUE A NOVA PREVID\u00caNCIA ALTEROU NO AUX\u00cdLIO DOEN\u00c7A INSS? - Sindicato dos Banc\u00e1rios de S\u00e3o Bento do Sul e Regi\u00e3o\",\"isPartOf\":{\"@id\":\"https:\/\/sindicatodosbancarios.org.br\/site2022\/#website\"},\"datePublished\":\"2020-02-03T17:35:27+00:00\",\"dateModified\":\"2020-02-03T17:35:27+00:00\",\"breadcrumb\":{\"@id\":\"https:\/\/sindicatodosbancarios.org.br\/site2022\/2020\/02\/03\/informe-bancario-32-2020-o-que-a-nova-previdencia-alterou-no-auxilio-doenca-inss\/#breadcrumb\"},\"inLanguage\":\"pt-BR\",\"potentialAction\":[{\"@type\":\"ReadAction\",\"target\":[\"https:\/\/sindicatodosbancarios.org.br\/site2022\/2020\/02\/03\/informe-bancario-32-2020-o-que-a-nova-previdencia-alterou-no-auxilio-doenca-inss\/\"]}]},{\"@type\":\"BreadcrumbList\",\"@id\":\"https:\/\/sindicatodosbancarios.org.br\/site2022\/2020\/02\/03\/informe-bancario-32-2020-o-que-a-nova-previdencia-alterou-no-auxilio-doenca-inss\/#breadcrumb\",\"itemListElement\":[{\"@type\":\"ListItem\",\"position\":1,\"name\":\"In\u00edcio\",\"item\":\"https:\/\/sindicatodosbancarios.org.br\/site2022\/\"},{\"@type\":\"ListItem\",\"position\":2,\"name\":\"INFORME BANC\u00c1RIO &#8211; 32 \/ 2020 &#8211; O QUE A NOVA PREVID\u00caNCIA ALTEROU NO AUX\u00cdLIO DOEN\u00c7A INSS?\"}]},{\"@type\":\"WebSite\",\"@id\":\"https:\/\/sindicatodosbancarios.org.br\/site2022\/#website\",\"url\":\"https:\/\/sindicatodosbancarios.org.br\/site2022\/\",\"name\":\"Sindicato dos Banc\u00e1rios de S\u00e3o Bento do Sul e Regi\u00e3o\",\"description\":\"Website institucional do Sindicato dos Banc\u00e1rios de S\u00e3o Bento do Sul e Regi\u00e3o\",\"publisher\":{\"@id\":\"https:\/\/sindicatodosbancarios.org.br\/site2022\/#organization\"},\"potentialAction\":[{\"@type\":\"SearchAction\",\"target\":{\"@type\":\"EntryPoint\",\"urlTemplate\":\"https:\/\/sindicatodosbancarios.org.br\/site2022\/?s={search_term_string}\"},\"query-input\":\"required name=search_term_string\"}],\"inLanguage\":\"pt-BR\"},{\"@type\":\"Organization\",\"@id\":\"https:\/\/sindicatodosbancarios.org.br\/site2022\/#organization\",\"name\":\"Sindicato dos Banc\u00e1rios de S\u00e3o Bento do Sul e Regi\u00e3o\",\"url\":\"https:\/\/sindicatodosbancarios.org.br\/site2022\/\",\"logo\":{\"@type\":\"ImageObject\",\"inLanguage\":\"pt-BR\",\"@id\":\"https:\/\/sindicatodosbancarios.org.br\/site2022\/#\/schema\/logo\/image\/\",\"url\":\"https:\/\/sindicatodosbancarios.org.br\/site2022\/wp-content\/uploads\/2017\/06\/cropped-logo-2.png\",\"contentUrl\":\"https:\/\/sindicatodosbancarios.org.br\/site2022\/wp-content\/uploads\/2017\/06\/cropped-logo-2.png\",\"width\":292,\"height\":292,\"caption\":\"Sindicato dos Banc\u00e1rios de S\u00e3o Bento do Sul e Regi\u00e3o\"},\"image\":{\"@id\":\"https:\/\/sindicatodosbancarios.org.br\/site2022\/#\/schema\/logo\/image\/\"}},{\"@type\":\"Person\",\"@id\":\"https:\/\/sindicatodosbancarios.org.br\/site2022\/#\/schema\/person\/a7d92da77d1084df4d28b57962f1e1bd\",\"name\":\"Sindicato dos Banc\u00e1rios S\u00e3o Bento do Sul e Regi\u00e3o\",\"image\":{\"@type\":\"ImageObject\",\"inLanguage\":\"pt-BR\",\"@id\":\"https:\/\/sindicatodosbancarios.org.br\/site2022\/#\/schema\/person\/image\/\",\"url\":\"https:\/\/secure.gravatar.com\/avatar\/f1d1a06f698f2345352e539387180d42?s=96&d=mm&r=g\",\"contentUrl\":\"https:\/\/secure.gravatar.com\/avatar\/f1d1a06f698f2345352e539387180d42?s=96&d=mm&r=g\",\"caption\":\"Sindicato dos Banc\u00e1rios S\u00e3o Bento do Sul e Regi\u00e3o\"},\"sameAs\":[\"http:\/\/sindicatodosbancarios.org.br\/site2022\/\",\"https:\/\/www.facebook.com\/seeb.sbs.9\"],\"url\":\"https:\/\/sindicatodosbancarios.org.br\/site2022\/author\/sindicatodosbancarios\/\"}]}<\/script>\n<!-- \/ Yoast SEO plugin. -->","yoast_head_json":{"title":"INFORME BANC\u00c1RIO - 32 \/ 2020 - O QUE A NOVA PREVID\u00caNCIA ALTEROU NO AUX\u00cdLIO DOEN\u00c7A INSS? - Sindicato dos Banc\u00e1rios de S\u00e3o Bento do Sul e Regi\u00e3o","robots":{"index":"index","follow":"follow","max-snippet":"max-snippet:-1","max-image-preview":"max-image-preview:large","max-video-preview":"max-video-preview:-1"},"canonical":"https:\/\/sindicatodosbancarios.org.br\/site2022\/2020\/02\/03\/informe-bancario-32-2020-o-que-a-nova-previdencia-alterou-no-auxilio-doenca-inss\/","og_locale":"pt_BR","og_type":"article","og_title":"INFORME BANC\u00c1RIO - 32 \/ 2020 - O QUE A NOVA PREVID\u00caNCIA ALTEROU NO AUX\u00cdLIO DOEN\u00c7A INSS? - Sindicato dos Banc\u00e1rios de S\u00e3o Bento do Sul e Regi\u00e3o","og_description":"O que a Nova Previd\u00eancia alterou no Aux\u00edlio Doen\u00e7a INSS? A\u00a0C\u00e2mara dos Deputados\u00a0est\u00e1 discutindo a possibilidade de o\u00a0pagamento [&hellip;]","og_url":"https:\/\/sindicatodosbancarios.org.br\/site2022\/2020\/02\/03\/informe-bancario-32-2020-o-que-a-nova-previdencia-alterou-no-auxilio-doenca-inss\/","og_site_name":"Sindicato dos Banc\u00e1rios de S\u00e3o Bento do Sul e Regi\u00e3o","article_author":"https:\/\/www.facebook.com\/seeb.sbs.9","article_published_time":"2020-02-03T17:35:27+00:00","og_image":[{"width":1024,"height":565,"url":"https:\/\/sindicatodosbancarios.org.br\/site2022\/wp-content\/uploads\/2019\/11\/previdencia-social-imagem.jpg","type":"image\/jpeg"}],"author":"Sindicato dos Banc\u00e1rios S\u00e3o Bento do Sul e Regi\u00e3o","twitter_card":"summary_large_image","twitter_misc":{"Escrito por":"Sindicato dos Banc\u00e1rios S\u00e3o Bento do Sul e Regi\u00e3o","Est. tempo de leitura":"3 minutos"},"schema":{"@context":"https:\/\/schema.org","@graph":[{"@type":"Article","@id":"https:\/\/sindicatodosbancarios.org.br\/site2022\/2020\/02\/03\/informe-bancario-32-2020-o-que-a-nova-previdencia-alterou-no-auxilio-doenca-inss\/#article","isPartOf":{"@id":"https:\/\/sindicatodosbancarios.org.br\/site2022\/2020\/02\/03\/informe-bancario-32-2020-o-que-a-nova-previdencia-alterou-no-auxilio-doenca-inss\/"},"author":{"name":"Sindicato dos Banc\u00e1rios S\u00e3o Bento do Sul e Regi\u00e3o","@id":"https:\/\/sindicatodosbancarios.org.br\/site2022\/#\/schema\/person\/a7d92da77d1084df4d28b57962f1e1bd"},"headline":"INFORME BANC\u00c1RIO &#8211; 32 \/ 2020 &#8211; O QUE A NOVA PREVID\u00caNCIA ALTEROU NO AUX\u00cdLIO DOEN\u00c7A INSS?","datePublished":"2020-02-03T17:35:27+00:00","dateModified":"2020-02-03T17:35:27+00:00","mainEntityOfPage":{"@id":"https:\/\/sindicatodosbancarios.org.br\/site2022\/2020\/02\/03\/informe-bancario-32-2020-o-que-a-nova-previdencia-alterou-no-auxilio-doenca-inss\/"},"wordCount":682,"commentCount":0,"publisher":{"@id":"https:\/\/sindicatodosbancarios.org.br\/site2022\/#organization"},"articleSection":["Geral"],"inLanguage":"pt-BR","potentialAction":[{"@type":"CommentAction","name":"Comment","target":["https:\/\/sindicatodosbancarios.org.br\/site2022\/2020\/02\/03\/informe-bancario-32-2020-o-que-a-nova-previdencia-alterou-no-auxilio-doenca-inss\/#respond"]}]},{"@type":"WebPage","@id":"https:\/\/sindicatodosbancarios.org.br\/site2022\/2020\/02\/03\/informe-bancario-32-2020-o-que-a-nova-previdencia-alterou-no-auxilio-doenca-inss\/","url":"https:\/\/sindicatodosbancarios.org.br\/site2022\/2020\/02\/03\/informe-bancario-32-2020-o-que-a-nova-previdencia-alterou-no-auxilio-doenca-inss\/","name":"INFORME BANC\u00c1RIO - 32 \/ 2020 - O QUE A NOVA PREVID\u00caNCIA ALTEROU NO AUX\u00cdLIO DOEN\u00c7A INSS? - Sindicato dos Banc\u00e1rios de S\u00e3o Bento do Sul e Regi\u00e3o","isPartOf":{"@id":"https:\/\/sindicatodosbancarios.org.br\/site2022\/#website"},"datePublished":"2020-02-03T17:35:27+00:00","dateModified":"2020-02-03T17:35:27+00:00","breadcrumb":{"@id":"https:\/\/sindicatodosbancarios.org.br\/site2022\/2020\/02\/03\/informe-bancario-32-2020-o-que-a-nova-previdencia-alterou-no-auxilio-doenca-inss\/#breadcrumb"},"inLanguage":"pt-BR","potentialAction":[{"@type":"ReadAction","target":["https:\/\/sindicatodosbancarios.org.br\/site2022\/2020\/02\/03\/informe-bancario-32-2020-o-que-a-nova-previdencia-alterou-no-auxilio-doenca-inss\/"]}]},{"@type":"BreadcrumbList","@id":"https:\/\/sindicatodosbancarios.org.br\/site2022\/2020\/02\/03\/informe-bancario-32-2020-o-que-a-nova-previdencia-alterou-no-auxilio-doenca-inss\/#breadcrumb","itemListElement":[{"@type":"ListItem","position":1,"name":"In\u00edcio","item":"https:\/\/sindicatodosbancarios.org.br\/site2022\/"},{"@type":"ListItem","position":2,"name":"INFORME BANC\u00c1RIO &#8211; 32 \/ 2020 &#8211; O QUE A NOVA PREVID\u00caNCIA ALTEROU NO AUX\u00cdLIO DOEN\u00c7A INSS?"}]},{"@type":"WebSite","@id":"https:\/\/sindicatodosbancarios.org.br\/site2022\/#website","url":"https:\/\/sindicatodosbancarios.org.br\/site2022\/","name":"Sindicato dos Banc\u00e1rios de S\u00e3o Bento do Sul e Regi\u00e3o","description":"Website institucional do Sindicato dos Banc\u00e1rios de S\u00e3o Bento do Sul e Regi\u00e3o","publisher":{"@id":"https:\/\/sindicatodosbancarios.org.br\/site2022\/#organization"},"potentialAction":[{"@type":"SearchAction","target":{"@type":"EntryPoint","urlTemplate":"https:\/\/sindicatodosbancarios.org.br\/site2022\/?s={search_term_string}"},"query-input":"required name=search_term_string"}],"inLanguage":"pt-BR"},{"@type":"Organization","@id":"https:\/\/sindicatodosbancarios.org.br\/site2022\/#organization","name":"Sindicato dos Banc\u00e1rios de S\u00e3o Bento do Sul e Regi\u00e3o","url":"https:\/\/sindicatodosbancarios.org.br\/site2022\/","logo":{"@type":"ImageObject","inLanguage":"pt-BR","@id":"https:\/\/sindicatodosbancarios.org.br\/site2022\/#\/schema\/logo\/image\/","url":"https:\/\/sindicatodosbancarios.org.br\/site2022\/wp-content\/uploads\/2017\/06\/cropped-logo-2.png","contentUrl":"https:\/\/sindicatodosbancarios.org.br\/site2022\/wp-content\/uploads\/2017\/06\/cropped-logo-2.png","width":292,"height":292,"caption":"Sindicato dos Banc\u00e1rios de S\u00e3o Bento do Sul e Regi\u00e3o"},"image":{"@id":"https:\/\/sindicatodosbancarios.org.br\/site2022\/#\/schema\/logo\/image\/"}},{"@type":"Person","@id":"https:\/\/sindicatodosbancarios.org.br\/site2022\/#\/schema\/person\/a7d92da77d1084df4d28b57962f1e1bd","name":"Sindicato dos Banc\u00e1rios S\u00e3o Bento do Sul e Regi\u00e3o","image":{"@type":"ImageObject","inLanguage":"pt-BR","@id":"https:\/\/sindicatodosbancarios.org.br\/site2022\/#\/schema\/person\/image\/","url":"https:\/\/secure.gravatar.com\/avatar\/f1d1a06f698f2345352e539387180d42?s=96&d=mm&r=g","contentUrl":"https:\/\/secure.gravatar.com\/avatar\/f1d1a06f698f2345352e539387180d42?s=96&d=mm&r=g","caption":"Sindicato dos Banc\u00e1rios S\u00e3o Bento do Sul e Regi\u00e3o"},"sameAs":["http:\/\/sindicatodosbancarios.org.br\/site2022\/","https:\/\/www.facebook.com\/seeb.sbs.9"],"url":"https:\/\/sindicatodosbancarios.org.br\/site2022\/author\/sindicatodosbancarios\/"}]}},"jetpack_featured_media_url":"https:\/\/sindicatodosbancarios.org.br\/site2022\/wp-content\/uploads\/2019\/11\/previdencia-social-imagem.jpg","jetpack_sharing_enabled":true,"jetpack_shortlink":"https:\/\/wp.me\/p8RSbI-So","jetpack-related-posts":[{"id":4808,"url":"https:\/\/sindicatodosbancarios.org.br\/site2022\/2020\/11\/20\/informe-bancario-440-2020-auxilio-doenca-negado-saiba-como-contestar-o-inss\/","url_meta":{"origin":3372,"position":0},"title":"INFORME BANC\u00c1RIO \u2013 440\/2020 Aux\u00edlio-doen\u00e7a negado? Saiba como contestar o INSS","date":"20 de novembro de 2020","format":false,"excerpt":"Segurado que teve o benef\u00edcio indeferido tem at\u00e9 30 dias, ap\u00f3s ser notificado, para solicitar a revis\u00e3o ao CRPS. Recurso pode ser julgado em duas inst\u00e2ncias. Os segurados do Instituto Nacional do Seguro Social (INSS) que tiveram o\u00a0aux\u00edlio-doen\u00e7a\u00a0negado podem contestar a decis\u00e3o em at\u00e9 30 dias ap\u00f3s serem comunicados do\u2026","rel":"","context":"Em &quot;Geral&quot;","img":{"alt_text":"","src":"https:\/\/i0.wp.com\/sindicatodosbancarios.org.br\/site2022\/wp-content\/uploads\/2020\/06\/equipe-do-ministro-paulo-guedes-economia-anunciou-que-vai-passar-a-cobrar-contribuicao-previdenciaria-do-seguro-desemprego-1573590732966_v2_976x549.jpg?resize=350%2C200&ssl=1","width":350,"height":200},"classes":[]},{"id":4311,"url":"https:\/\/sindicatodosbancarios.org.br\/site2022\/2020\/08\/20\/informe-bancario-306-2020-novas-regras-do-auxilio-doenca-entenda-o-que-mudou-apos-a-reforma-da-previdencia\/","url_meta":{"origin":3372,"position":1},"title":"INFORME BANC\u00c1RIO \u2013 306\/2020 Novas regras do aux\u00edlio-doen\u00e7a: Entenda o que mudou ap\u00f3s a Reforma da Previd\u00eancia","date":"20 de agosto de 2020","format":false,"excerpt":"Regras para ter direito ao aux\u00edlio-doen\u00e7a e aposentadoria por invalidez ficaram mais duras ap\u00f3s a reforma. Entenda como \u00e9 feito o c\u00e1lculo em cada modalidade. Muitos segurados do\u00a0Instituto Nacional do Seguro Social (INSS) ainda t\u00eam d\u00favidas sobre as novas regras da\u00a0aposentadoria, que entraram em vigor ap\u00f3s a Reforma da Previd\u00eancia\u2026","rel":"","context":"Em &quot;Geral&quot;","img":{"alt_text":"","src":"https:\/\/i0.wp.com\/sindicatodosbancarios.org.br\/site2022\/wp-content\/uploads\/2020\/08\/pedido-auxilio-doenca.jpg?resize=350%2C200&ssl=1","width":350,"height":200},"classes":[]},{"id":4488,"url":"https:\/\/sindicatodosbancarios.org.br\/site2022\/2020\/09\/14\/informe-bancario-346-2020-conheca-nova-aposentadoria-por-invalidez-e-novo-auxilio-doenca-do-inss\/","url_meta":{"origin":3372,"position":2},"title":"INFORME BANC\u00c1RIO \u2013 346\/2020 Conhe\u00e7a nova aposentadoria por invalidez e novo aux\u00edlio-doen\u00e7a do INSS","date":"14 de setembro de 2020","format":false,"excerpt":"Aposentadoria por invalidez e aux\u00edlio-doen\u00e7a do INSS passaram por algumas mudan\u00e7as, desde a reforma da previd\u00eancia. Confira! Com a\u00a0Reforma da Previd\u00eancia, v\u00e1rias modifica\u00e7\u00f5es foram realizadas. Isso inclui a aposentadoria por invalidez, que deu espa\u00e7o para a aposentadoria por incapacidade permanente, e o aux\u00edlio-doen\u00e7a, adora denominado como\u00a0aux\u00edlio por incapacidade tempor\u00e1ria. Desde\u2026","rel":"","context":"Em &quot;Geral&quot;","img":{"alt_text":"","src":"","width":0,"height":0},"classes":[]},{"id":5435,"url":"https:\/\/sindicatodosbancarios.org.br\/site2022\/2021\/06\/02\/informe-bancario-137-2021-segurados-do-inss-podem-receber-dois-beneficios-ao-mesmo-tempo\/","url_meta":{"origin":3372,"position":3},"title":"INFORME BANC\u00c1RIO \u2013 137\/2021 Segurados do INSS podem receber dois benef\u00edcios ao mesmo tempo","date":"2 de junho de 2021","format":false,"excerpt":"A reforma da previd\u00eancia que ocorreu em 2019 e com ela vieram uma s\u00e9rie de mudan\u00e7as para as aposentadorias e pens\u00f5es do INSS. As novas regras do INSS permitem que o segurado receba duas pens\u00f5es oficiais do Instituto Nacional do Seguro Social, mas \u00e9 necess\u00e1rio contemplar ambas em regimes de\u2026","rel":"","context":"Em &quot;Geral&quot;","img":{"alt_text":"","src":"https:\/\/i0.wp.com\/sindicatodosbancarios.org.br\/site2022\/wp-content\/uploads\/2021\/06\/idoso.jpg?resize=350%2C200&ssl=1","width":350,"height":200},"classes":[]},{"id":5171,"url":"https:\/\/sindicatodosbancarios.org.br\/site2022\/2021\/02\/17\/informe-bancarios-58-2021-15-doencas-que-dao-direito-ao-auxilio-doenca-e-aposentadoria-em-2021\/","url_meta":{"origin":3372,"position":4},"title":"INFORME BANC\u00c1RIOS \u2013 58\/2021 15 doen\u00e7as que d\u00e3o direito ao aux\u00edlio-doen\u00e7a e aposentadoria em 2021","date":"17 de fevereiro de 2021","format":false,"excerpt":"O Aux\u00edlio-Doen\u00e7a \u00e9 destinado ao trabalhador que est\u00e1 incapacitado temporariamente e seja segurado do INSS (Instituto Nacional do Seguro Social). A aposentadoria por invalidez \u00e9 destinado para aqueles que se encontram permanentemente incapaz de exercer qualquer atividade em seu local de trabalho e n\u00e3o consiga tamb\u00e9m exercer outra profiss\u00e3o. Conhe\u00e7a\u2026","rel":"","context":"Em &quot;Geral&quot;","img":{"alt_text":"","src":"https:\/\/i0.wp.com\/sindicatodosbancarios.org.br\/site2022\/wp-content\/uploads\/2021\/02\/unnamed-2.jpg?resize=350%2C200&ssl=1","width":350,"height":200},"classes":[]},{"id":4462,"url":"https:\/\/sindicatodosbancarios.org.br\/site2022\/2020\/09\/10\/informe-bancario-336-2020-inss-trabalhador-demitido-tem-direito-a-beneficio-por-ate-tres-anos\/","url_meta":{"origin":3372,"position":5},"title":"INFORME BANC\u00c1RIO \u2013 336\/2020 INSS: Trabalhador demitido tem direito a benef\u00edcio por at\u00e9 tr\u00eas anos","date":"10 de setembro de 2020","format":false,"excerpt":"Acesso ao alongamento na qualidade de segurado depende da quantidade de contribui\u00e7\u00f5es realizadas antes da demiss\u00e3o. A\u00a0pandemia\u00a0de Covid-19 agravou ainda mais o setor das contrata\u00e7\u00f5es este ano. Para ter uma ideia do impacto, atualmente, h\u00e1 quase 13 milh\u00f5es de brasileiros desempregados. Com a retomada t\u00edmida das atividades econ\u00f4micas, a conta\u2026","rel":"","context":"Em &quot;Geral&quot;","img":{"alt_text":"","src":"https:\/\/i0.wp.com\/sindicatodosbancarios.org.br\/site2022\/wp-content\/uploads\/2020\/06\/caged.jpg?resize=350%2C200&ssl=1","width":350,"height":200},"classes":[]}],"_links":{"self":[{"href":"https:\/\/sindicatodosbancarios.org.br\/site2022\/wp-json\/wp\/v2\/posts\/3372"}],"collection":[{"href":"https:\/\/sindicatodosbancarios.org.br\/site2022\/wp-json\/wp\/v2\/posts"}],"about":[{"href":"https:\/\/sindicatodosbancarios.org.br\/site2022\/wp-json\/wp\/v2\/types\/post"}],"author":[{"embeddable":true,"href":"https:\/\/sindicatodosbancarios.org.br\/site2022\/wp-json\/wp\/v2\/users\/2"}],"replies":[{"embeddable":true,"href":"https:\/\/sindicatodosbancarios.org.br\/site2022\/wp-json\/wp\/v2\/comments?post=3372"}],"version-history":[{"count":1,"href":"https:\/\/sindicatodosbancarios.org.br\/site2022\/wp-json\/wp\/v2\/posts\/3372\/revisions"}],"predecessor-version":[{"id":3373,"href":"https:\/\/sindicatodosbancarios.org.br\/site2022\/wp-json\/wp\/v2\/posts\/3372\/revisions\/3373"}],"wp:featuredmedia":[{"embeddable":true,"href":"https:\/\/sindicatodosbancarios.org.br\/site2022\/wp-json\/wp\/v2\/media\/3191"}],"wp:attachment":[{"href":"https:\/\/sindicatodosbancarios.org.br\/site2022\/wp-json\/wp\/v2\/media?parent=3372"}],"wp:term":[{"taxonomy":"category","embeddable":true,"href":"https:\/\/sindicatodosbancarios.org.br\/site2022\/wp-json\/wp\/v2\/categories?post=3372"},{"taxonomy":"post_tag","embeddable":true,"href":"https:\/\/sindicatodosbancarios.org.br\/site2022\/wp-json\/wp\/v2\/tags?post=3372"}],"curies":[{"name":"wp","href":"https:\/\/api.w.org\/{rel}","templated":true}]}}