{"id":3374,"date":"2020-02-03T15:26:55","date_gmt":"2020-02-03T18:26:55","guid":{"rendered":"https:\/\/sindicatodosbancarios.org.br\/?p=3374"},"modified":"2020-02-03T15:26:55","modified_gmt":"2020-02-03T18:26:55","slug":"informe-bancario-33-2020-a-caixa-preta-furada","status":"publish","type":"post","link":"https:\/\/sindicatodosbancarios.org.br\/site2022\/2020\/02\/03\/informe-bancario-33-2020-a-caixa-preta-furada\/","title":{"rendered":"INFORME BANC\u00c1RIO &#8211; 33 \/ 2020 &#8211; A CAIXA &#8211; PRETA FURADA"},"content":{"rendered":"<p>A abertura da \u201ccaixa-preta do BNDES\u201d foi uma das principais bandeiras de Jair Bolsonaro durante a campanha presidencial. Desde o in\u00edcio do seu mandato ele declarou que finalmente a popula\u00e7\u00e3o conheceria as irregularidades cometidas no banco de fomento durantes as gest\u00f5es petistas. Por causa disso, for\u00e7ou a demiss\u00e3o de um dos maiores quadros do seu governo, o ex-presidente do BNDES Joaquim Levy, acusado de n\u00e3o se empenhar com a transpar\u00eancia da institui\u00e7\u00e3o \u2014 o que sempre foi negado pelas evid\u00eancias e por ex-dirigentes do banco. Na \u00faltima semana, quase tr\u00eas anos depois do in\u00edcio de uma ampla auditoria interna para investigar os neg\u00f3cios com o Grupo J&amp;F, o BNDES precisou anunciar que nenhuma irregularidade tinha sido encontrada. Como diz o prov\u00e9rbio latino, a montanha pariu um rato. Pior: a pr\u00f3pria an\u00e1lise se tornou um esc\u00e2ndalo, j\u00e1 que foram consumidos nada menos que R$ 48 milh\u00f5es em uma investiga\u00e7\u00e3o que n\u00e3o deu em nada.<\/p>\n<p><strong>Aditamentos<\/strong><\/p>\n<p>\u201cN\u00e3o h\u00e1 mais nada a esclarecer. N\u00e3o houve nada de ilegal\u201d, foi obrigado a declarar o atual presidente do banco, Gustavo Montezano, em uma entrevista coletiva na quarta-feira, 29. Ele afirmou que uma auditoria foi contratada em 2017 para analisar oito opera\u00e7\u00f5es do banco com o grupo empresarial, com repasses que somam R$ 20,1 bilh\u00f5es em valores atualizados. Na previs\u00e3o inicial o servi\u00e7o custaria R$ 23,3 milh\u00f5es. O BNDES pagou para o trabalho de consultoria da Cleary Gottlieb Steen &amp; Hamilton LLP, subcontratada pelo escrit\u00f3rio Levy &amp; Salom\u00e3o Advogados, para escrutinar os n\u00fameros do banco em opera\u00e7\u00f5es realizadas entre 2005 e 2018. Aditamentos sucessivos contratados posteriormente levaram \u00e0 eleva\u00e7\u00e3o. Foram justificados pelo aumento do volume de informa\u00e7\u00f5es, pela Opera\u00e7\u00e3o Bullish, da Pol\u00edcia Federal, e pela Comiss\u00e3o Parlamentar de Inqu\u00e9rito (CPI) instalada no Congresso. Durante a gest\u00e3o de Montezano, em julho passado, teria ocorrido apenas a decis\u00e3o de aumentar em R$ 2,3 milh\u00f5es os gastos com a auditoria \u201cshadow\u201d \u2014 respons\u00e1vel por revisar a auditoria principal. O custo final, segundo ele, foi de R$ 42,7 milh\u00f5es. A diferen\u00e7a [para os R$ 48 milh\u00f5es] se deve \u00e0 contabiliza\u00e7\u00e3o das despesas de acordo com o c\u00e2mbio de cada per\u00edodo.<\/p>\n<p><strong>\u201cN\u00e3o h\u00e1 mais nada a esclarecer. N\u00e3o houve nada de ilegal. O BNDES est\u00e1 pronto para virar a p\u00e1gina\u201d<\/strong>\u00a0Gustavo Montezano, presidente do BNDES<\/p>\n<p>As explica\u00e7\u00f5es n\u00e3o melhoraram a situa\u00e7\u00e3o de Montezano nem justificaram o papel\u00e3o. O presidente Jair Bolsonaro reagiu com irrita\u00e7\u00e3o. \u201cEssa auditoria come\u00e7ou no governo [Michel] Temer e teve dois aditivos. O \u00faltimo aditivo, parece, n\u00e3o tenho certeza, seria na ordem de R$ 2 milh\u00f5es. E chegou a R$ 48 milh\u00f5es no final. T\u00e1 errado, t\u00e1 errado. Tem coisa esquisita a\u00ed. Parece que algu\u00e9m quis raspar o tacho\u201d, afirmou. N\u00e3o \u00e9 o primeiro constrangimento que Montezano enfrenta no cargo. Aos 38 anos, ele foi al\u00e7ado \u00e0 presid\u00eancia do BNDES por Guedes e pela amizade com os filhos do presidente. Anunciou que \u201cabrir a caixa-preta\u201d era uma de suas principais metas. Foi contestado ao tentar emplacar nomes de sua prefer\u00eancia contra quadros do BNDES e pela inexperi\u00eancia para gerir uma institui\u00e7\u00e3o de tamanha magnitude. Tem no curr\u00edculo um processo judicial por ter arrombado os port\u00f5es do condom\u00ednio em que morava em S\u00e3o Paulo, em 2015, para comemorar seu anivers\u00e1rio \u2014 no epis\u00f3dio, Eduardo Bolsonaro estava presente. Agora, precisou enfrentar a ira do presidente. \u201cO garoto l\u00e1 [Montezano] eu conhe\u00e7o, por coincid\u00eancia, desde pequeno. \u00c9 um jovem bem intencionado. E ele que passou as informa\u00e7\u00f5es disso, que s\u00e3o os aditivos. A ordem \u00e9 n\u00e3o passar a m\u00e3o na cabe\u00e7a de ningu\u00e9m. Exp\u00f5e logo o neg\u00f3cio e resolve.\u201d Montezano tentou reverter a situa\u00e7\u00e3o e disse que encarou como \u201cum elogio\u201d a men\u00e7\u00e3o de garoto feita pelo presidente. N\u00e3o convenceu.<\/p>\n<p><strong>Li\u00e7\u00e3o de moral<\/strong><\/p>\n<p>As explica\u00e7\u00f5es foram mal recebidas no Planalto. O presidente ficou ainda mais exposto diante das declara\u00e7\u00f5es que transformaram em p\u00f3 uma das grandes bandeiras pol\u00edticas que construiu contra as gest\u00f5es petistas. Al\u00e9m disso, Montezano fez um desastrado exerc\u00edcio ret\u00f3rico para tentar justificar o fiasco. Segundo ele, o pr\u00f3prio Pa\u00eds \u201clegalizou\u201d um esquema de corrup\u00e7\u00e3o que teria resultado, entre outros malfeitos, no uso indevido dos recursos financiados pelo banco. E tentou voltar \u00e0 ofensiva, dando uma li\u00e7\u00e3o de moral. \u201cA gente [o Pa\u00eds] construiu leis, normas, aparatos legais e jur\u00eddicos que tornaram legal esse esquema de corrup\u00e7\u00e3o. A conclus\u00e3o \u00e9 essa\u201d, afirmou. Agora, segundo ele, \u201co BNDES est\u00e1 pronto para virar a p\u00e1gina\u201d. Talvez n\u00e3o. Como ficou evidente, o banco de fomento, pilar do desenvolvimento do Pa\u00eds nas \u00faltimas d\u00e9cadas, est\u00e1 sendo gerido de uma forma no m\u00ednimo question\u00e1vel. \u00c9 lament\u00e1vel que Bolsonaro s\u00f3 esteja espantado agora.<\/p>\n<p><span style=\"font-size: 8pt;\">FONTE: Isto\u00e9.com 31\/01\/2020.<\/span><\/p>\n","protected":false},"excerpt":{"rendered":"<p>A abertura da \u201ccaixa-preta do BNDES\u201d foi uma das principais bandeiras de Jair Bolsonaro durante a campanha presidencial. [&hellip;]<\/p>\n","protected":false},"author":2,"featured_media":3323,"comment_status":"open","ping_status":"open","sticky":false,"template":"","format":"standard","meta":{"jetpack_post_was_ever_published":false,"jetpack_publicize_message":"","jetpack_is_tweetstorm":false,"jetpack_publicize_feature_enabled":true,"jetpack_social_post_already_shared":true,"jetpack_social_options":[]},"categories":[1],"tags":[],"jetpack_publicize_connections":[],"acf":[],"yoast_head":"<!-- This site is optimized with the Yoast SEO plugin v19.14 - https:\/\/yoast.com\/wordpress\/plugins\/seo\/ -->\n<title>INFORME BANC\u00c1RIO - 33 \/ 2020 - A CAIXA - PRETA FURADA - Sindicato dos Banc\u00e1rios de S\u00e3o Bento do Sul e Regi\u00e3o<\/title>\n<meta name=\"robots\" content=\"index, follow, max-snippet:-1, max-image-preview:large, max-video-preview:-1\" \/>\n<link rel=\"canonical\" href=\"https:\/\/sindicatodosbancarios.org.br\/site2022\/2020\/02\/03\/informe-bancario-33-2020-a-caixa-preta-furada\/\" \/>\n<meta property=\"og:locale\" content=\"pt_BR\" \/>\n<meta property=\"og:type\" content=\"article\" \/>\n<meta property=\"og:title\" content=\"INFORME BANC\u00c1RIO - 33 \/ 2020 - A CAIXA - PRETA FURADA - Sindicato dos Banc\u00e1rios de S\u00e3o Bento do Sul e Regi\u00e3o\" \/>\n<meta property=\"og:description\" content=\"A abertura da \u201ccaixa-preta do BNDES\u201d foi uma das principais bandeiras de Jair Bolsonaro durante a campanha presidencial. [&hellip;]\" \/>\n<meta property=\"og:url\" content=\"https:\/\/sindicatodosbancarios.org.br\/site2022\/2020\/02\/03\/informe-bancario-33-2020-a-caixa-preta-furada\/\" \/>\n<meta property=\"og:site_name\" content=\"Sindicato dos Banc\u00e1rios de S\u00e3o Bento do Sul e Regi\u00e3o\" \/>\n<meta property=\"article:author\" content=\"https:\/\/www.facebook.com\/seeb.sbs.9\" \/>\n<meta property=\"article:published_time\" content=\"2020-02-03T18:26:55+00:00\" \/>\n<meta property=\"og:image\" content=\"https:\/\/sindicatodosbancarios.org.br\/site2022\/wp-content\/uploads\/2020\/01\/bndes.jpg\" \/>\n\t<meta property=\"og:image:width\" content=\"680\" \/>\n\t<meta property=\"og:image:height\" content=\"453\" \/>\n\t<meta property=\"og:image:type\" content=\"image\/jpeg\" \/>\n<meta name=\"author\" content=\"Sindicato dos Banc\u00e1rios S\u00e3o Bento do Sul e Regi\u00e3o\" \/>\n<meta name=\"twitter:card\" content=\"summary_large_image\" \/>\n<meta name=\"twitter:label1\" content=\"Escrito por\" \/>\n\t<meta name=\"twitter:data1\" content=\"Sindicato dos Banc\u00e1rios S\u00e3o Bento do Sul e Regi\u00e3o\" \/>\n\t<meta name=\"twitter:label2\" content=\"Est. tempo de leitura\" \/>\n\t<meta name=\"twitter:data2\" content=\"4 minutos\" \/>\n<script type=\"application\/ld+json\" class=\"yoast-schema-graph\">{\"@context\":\"https:\/\/schema.org\",\"@graph\":[{\"@type\":\"Article\",\"@id\":\"https:\/\/sindicatodosbancarios.org.br\/site2022\/2020\/02\/03\/informe-bancario-33-2020-a-caixa-preta-furada\/#article\",\"isPartOf\":{\"@id\":\"https:\/\/sindicatodosbancarios.org.br\/site2022\/2020\/02\/03\/informe-bancario-33-2020-a-caixa-preta-furada\/\"},\"author\":{\"name\":\"Sindicato dos Banc\u00e1rios S\u00e3o Bento do Sul e Regi\u00e3o\",\"@id\":\"https:\/\/sindicatodosbancarios.org.br\/site2022\/#\/schema\/person\/a7d92da77d1084df4d28b57962f1e1bd\"},\"headline\":\"INFORME BANC\u00c1RIO &#8211; 33 \/ 2020 &#8211; A CAIXA &#8211; PRETA FURADA\",\"datePublished\":\"2020-02-03T18:26:55+00:00\",\"dateModified\":\"2020-02-03T18:26:55+00:00\",\"mainEntityOfPage\":{\"@id\":\"https:\/\/sindicatodosbancarios.org.br\/site2022\/2020\/02\/03\/informe-bancario-33-2020-a-caixa-preta-furada\/\"},\"wordCount\":854,\"commentCount\":0,\"publisher\":{\"@id\":\"https:\/\/sindicatodosbancarios.org.br\/site2022\/#organization\"},\"articleSection\":[\"Geral\"],\"inLanguage\":\"pt-BR\",\"potentialAction\":[{\"@type\":\"CommentAction\",\"name\":\"Comment\",\"target\":[\"https:\/\/sindicatodosbancarios.org.br\/site2022\/2020\/02\/03\/informe-bancario-33-2020-a-caixa-preta-furada\/#respond\"]}]},{\"@type\":\"WebPage\",\"@id\":\"https:\/\/sindicatodosbancarios.org.br\/site2022\/2020\/02\/03\/informe-bancario-33-2020-a-caixa-preta-furada\/\",\"url\":\"https:\/\/sindicatodosbancarios.org.br\/site2022\/2020\/02\/03\/informe-bancario-33-2020-a-caixa-preta-furada\/\",\"name\":\"INFORME BANC\u00c1RIO - 33 \/ 2020 - A CAIXA - PRETA FURADA - Sindicato dos Banc\u00e1rios de S\u00e3o Bento do Sul e Regi\u00e3o\",\"isPartOf\":{\"@id\":\"https:\/\/sindicatodosbancarios.org.br\/site2022\/#website\"},\"datePublished\":\"2020-02-03T18:26:55+00:00\",\"dateModified\":\"2020-02-03T18:26:55+00:00\",\"breadcrumb\":{\"@id\":\"https:\/\/sindicatodosbancarios.org.br\/site2022\/2020\/02\/03\/informe-bancario-33-2020-a-caixa-preta-furada\/#breadcrumb\"},\"inLanguage\":\"pt-BR\",\"potentialAction\":[{\"@type\":\"ReadAction\",\"target\":[\"https:\/\/sindicatodosbancarios.org.br\/site2022\/2020\/02\/03\/informe-bancario-33-2020-a-caixa-preta-furada\/\"]}]},{\"@type\":\"BreadcrumbList\",\"@id\":\"https:\/\/sindicatodosbancarios.org.br\/site2022\/2020\/02\/03\/informe-bancario-33-2020-a-caixa-preta-furada\/#breadcrumb\",\"itemListElement\":[{\"@type\":\"ListItem\",\"position\":1,\"name\":\"In\u00edcio\",\"item\":\"https:\/\/sindicatodosbancarios.org.br\/site2022\/\"},{\"@type\":\"ListItem\",\"position\":2,\"name\":\"INFORME BANC\u00c1RIO &#8211; 33 \/ 2020 &#8211; A CAIXA &#8211; PRETA FURADA\"}]},{\"@type\":\"WebSite\",\"@id\":\"https:\/\/sindicatodosbancarios.org.br\/site2022\/#website\",\"url\":\"https:\/\/sindicatodosbancarios.org.br\/site2022\/\",\"name\":\"Sindicato dos Banc\u00e1rios de S\u00e3o Bento do Sul e Regi\u00e3o\",\"description\":\"Website institucional do Sindicato dos Banc\u00e1rios de S\u00e3o Bento do Sul e Regi\u00e3o\",\"publisher\":{\"@id\":\"https:\/\/sindicatodosbancarios.org.br\/site2022\/#organization\"},\"potentialAction\":[{\"@type\":\"SearchAction\",\"target\":{\"@type\":\"EntryPoint\",\"urlTemplate\":\"https:\/\/sindicatodosbancarios.org.br\/site2022\/?s={search_term_string}\"},\"query-input\":\"required name=search_term_string\"}],\"inLanguage\":\"pt-BR\"},{\"@type\":\"Organization\",\"@id\":\"https:\/\/sindicatodosbancarios.org.br\/site2022\/#organization\",\"name\":\"Sindicato dos Banc\u00e1rios de S\u00e3o Bento do Sul e Regi\u00e3o\",\"url\":\"https:\/\/sindicatodosbancarios.org.br\/site2022\/\",\"logo\":{\"@type\":\"ImageObject\",\"inLanguage\":\"pt-BR\",\"@id\":\"https:\/\/sindicatodosbancarios.org.br\/site2022\/#\/schema\/logo\/image\/\",\"url\":\"https:\/\/sindicatodosbancarios.org.br\/site2022\/wp-content\/uploads\/2017\/06\/cropped-logo-2.png\",\"contentUrl\":\"https:\/\/sindicatodosbancarios.org.br\/site2022\/wp-content\/uploads\/2017\/06\/cropped-logo-2.png\",\"width\":292,\"height\":292,\"caption\":\"Sindicato dos Banc\u00e1rios de S\u00e3o Bento do Sul e Regi\u00e3o\"},\"image\":{\"@id\":\"https:\/\/sindicatodosbancarios.org.br\/site2022\/#\/schema\/logo\/image\/\"}},{\"@type\":\"Person\",\"@id\":\"https:\/\/sindicatodosbancarios.org.br\/site2022\/#\/schema\/person\/a7d92da77d1084df4d28b57962f1e1bd\",\"name\":\"Sindicato dos Banc\u00e1rios S\u00e3o Bento do Sul e Regi\u00e3o\",\"image\":{\"@type\":\"ImageObject\",\"inLanguage\":\"pt-BR\",\"@id\":\"https:\/\/sindicatodosbancarios.org.br\/site2022\/#\/schema\/person\/image\/\",\"url\":\"https:\/\/secure.gravatar.com\/avatar\/f1d1a06f698f2345352e539387180d42?s=96&d=mm&r=g\",\"contentUrl\":\"https:\/\/secure.gravatar.com\/avatar\/f1d1a06f698f2345352e539387180d42?s=96&d=mm&r=g\",\"caption\":\"Sindicato dos Banc\u00e1rios S\u00e3o Bento do Sul e Regi\u00e3o\"},\"sameAs\":[\"http:\/\/sindicatodosbancarios.org.br\/site2022\/\",\"https:\/\/www.facebook.com\/seeb.sbs.9\"],\"url\":\"https:\/\/sindicatodosbancarios.org.br\/site2022\/author\/sindicatodosbancarios\/\"}]}<\/script>\n<!-- \/ Yoast SEO plugin. -->","yoast_head_json":{"title":"INFORME BANC\u00c1RIO - 33 \/ 2020 - A CAIXA - PRETA FURADA - Sindicato dos Banc\u00e1rios de S\u00e3o Bento do Sul e Regi\u00e3o","robots":{"index":"index","follow":"follow","max-snippet":"max-snippet:-1","max-image-preview":"max-image-preview:large","max-video-preview":"max-video-preview:-1"},"canonical":"https:\/\/sindicatodosbancarios.org.br\/site2022\/2020\/02\/03\/informe-bancario-33-2020-a-caixa-preta-furada\/","og_locale":"pt_BR","og_type":"article","og_title":"INFORME BANC\u00c1RIO - 33 \/ 2020 - A CAIXA - PRETA FURADA - Sindicato dos Banc\u00e1rios de S\u00e3o Bento do Sul e Regi\u00e3o","og_description":"A abertura da \u201ccaixa-preta do BNDES\u201d foi uma das principais bandeiras de Jair Bolsonaro durante a campanha presidencial. [&hellip;]","og_url":"https:\/\/sindicatodosbancarios.org.br\/site2022\/2020\/02\/03\/informe-bancario-33-2020-a-caixa-preta-furada\/","og_site_name":"Sindicato dos Banc\u00e1rios de S\u00e3o Bento do Sul e Regi\u00e3o","article_author":"https:\/\/www.facebook.com\/seeb.sbs.9","article_published_time":"2020-02-03T18:26:55+00:00","og_image":[{"width":680,"height":453,"url":"https:\/\/sindicatodosbancarios.org.br\/site2022\/wp-content\/uploads\/2020\/01\/bndes.jpg","type":"image\/jpeg"}],"author":"Sindicato dos Banc\u00e1rios S\u00e3o Bento do Sul e Regi\u00e3o","twitter_card":"summary_large_image","twitter_misc":{"Escrito por":"Sindicato dos Banc\u00e1rios S\u00e3o Bento do Sul e Regi\u00e3o","Est. tempo de leitura":"4 minutos"},"schema":{"@context":"https:\/\/schema.org","@graph":[{"@type":"Article","@id":"https:\/\/sindicatodosbancarios.org.br\/site2022\/2020\/02\/03\/informe-bancario-33-2020-a-caixa-preta-furada\/#article","isPartOf":{"@id":"https:\/\/sindicatodosbancarios.org.br\/site2022\/2020\/02\/03\/informe-bancario-33-2020-a-caixa-preta-furada\/"},"author":{"name":"Sindicato dos Banc\u00e1rios S\u00e3o Bento do Sul e Regi\u00e3o","@id":"https:\/\/sindicatodosbancarios.org.br\/site2022\/#\/schema\/person\/a7d92da77d1084df4d28b57962f1e1bd"},"headline":"INFORME BANC\u00c1RIO &#8211; 33 \/ 2020 &#8211; A CAIXA &#8211; PRETA FURADA","datePublished":"2020-02-03T18:26:55+00:00","dateModified":"2020-02-03T18:26:55+00:00","mainEntityOfPage":{"@id":"https:\/\/sindicatodosbancarios.org.br\/site2022\/2020\/02\/03\/informe-bancario-33-2020-a-caixa-preta-furada\/"},"wordCount":854,"commentCount":0,"publisher":{"@id":"https:\/\/sindicatodosbancarios.org.br\/site2022\/#organization"},"articleSection":["Geral"],"inLanguage":"pt-BR","potentialAction":[{"@type":"CommentAction","name":"Comment","target":["https:\/\/sindicatodosbancarios.org.br\/site2022\/2020\/02\/03\/informe-bancario-33-2020-a-caixa-preta-furada\/#respond"]}]},{"@type":"WebPage","@id":"https:\/\/sindicatodosbancarios.org.br\/site2022\/2020\/02\/03\/informe-bancario-33-2020-a-caixa-preta-furada\/","url":"https:\/\/sindicatodosbancarios.org.br\/site2022\/2020\/02\/03\/informe-bancario-33-2020-a-caixa-preta-furada\/","name":"INFORME BANC\u00c1RIO - 33 \/ 2020 - A CAIXA - PRETA FURADA - Sindicato dos Banc\u00e1rios de S\u00e3o Bento do Sul e Regi\u00e3o","isPartOf":{"@id":"https:\/\/sindicatodosbancarios.org.br\/site2022\/#website"},"datePublished":"2020-02-03T18:26:55+00:00","dateModified":"2020-02-03T18:26:55+00:00","breadcrumb":{"@id":"https:\/\/sindicatodosbancarios.org.br\/site2022\/2020\/02\/03\/informe-bancario-33-2020-a-caixa-preta-furada\/#breadcrumb"},"inLanguage":"pt-BR","potentialAction":[{"@type":"ReadAction","target":["https:\/\/sindicatodosbancarios.org.br\/site2022\/2020\/02\/03\/informe-bancario-33-2020-a-caixa-preta-furada\/"]}]},{"@type":"BreadcrumbList","@id":"https:\/\/sindicatodosbancarios.org.br\/site2022\/2020\/02\/03\/informe-bancario-33-2020-a-caixa-preta-furada\/#breadcrumb","itemListElement":[{"@type":"ListItem","position":1,"name":"In\u00edcio","item":"https:\/\/sindicatodosbancarios.org.br\/site2022\/"},{"@type":"ListItem","position":2,"name":"INFORME BANC\u00c1RIO &#8211; 33 \/ 2020 &#8211; A CAIXA &#8211; PRETA FURADA"}]},{"@type":"WebSite","@id":"https:\/\/sindicatodosbancarios.org.br\/site2022\/#website","url":"https:\/\/sindicatodosbancarios.org.br\/site2022\/","name":"Sindicato dos Banc\u00e1rios de S\u00e3o Bento do Sul e Regi\u00e3o","description":"Website institucional do Sindicato dos Banc\u00e1rios de S\u00e3o Bento do Sul e Regi\u00e3o","publisher":{"@id":"https:\/\/sindicatodosbancarios.org.br\/site2022\/#organization"},"potentialAction":[{"@type":"SearchAction","target":{"@type":"EntryPoint","urlTemplate":"https:\/\/sindicatodosbancarios.org.br\/site2022\/?s={search_term_string}"},"query-input":"required name=search_term_string"}],"inLanguage":"pt-BR"},{"@type":"Organization","@id":"https:\/\/sindicatodosbancarios.org.br\/site2022\/#organization","name":"Sindicato dos Banc\u00e1rios de S\u00e3o Bento do Sul e Regi\u00e3o","url":"https:\/\/sindicatodosbancarios.org.br\/site2022\/","logo":{"@type":"ImageObject","inLanguage":"pt-BR","@id":"https:\/\/sindicatodosbancarios.org.br\/site2022\/#\/schema\/logo\/image\/","url":"https:\/\/sindicatodosbancarios.org.br\/site2022\/wp-content\/uploads\/2017\/06\/cropped-logo-2.png","contentUrl":"https:\/\/sindicatodosbancarios.org.br\/site2022\/wp-content\/uploads\/2017\/06\/cropped-logo-2.png","width":292,"height":292,"caption":"Sindicato dos Banc\u00e1rios de S\u00e3o Bento do Sul e Regi\u00e3o"},"image":{"@id":"https:\/\/sindicatodosbancarios.org.br\/site2022\/#\/schema\/logo\/image\/"}},{"@type":"Person","@id":"https:\/\/sindicatodosbancarios.org.br\/site2022\/#\/schema\/person\/a7d92da77d1084df4d28b57962f1e1bd","name":"Sindicato dos Banc\u00e1rios S\u00e3o Bento do Sul e Regi\u00e3o","image":{"@type":"ImageObject","inLanguage":"pt-BR","@id":"https:\/\/sindicatodosbancarios.org.br\/site2022\/#\/schema\/person\/image\/","url":"https:\/\/secure.gravatar.com\/avatar\/f1d1a06f698f2345352e539387180d42?s=96&d=mm&r=g","contentUrl":"https:\/\/secure.gravatar.com\/avatar\/f1d1a06f698f2345352e539387180d42?s=96&d=mm&r=g","caption":"Sindicato dos Banc\u00e1rios S\u00e3o Bento do Sul e Regi\u00e3o"},"sameAs":["http:\/\/sindicatodosbancarios.org.br\/site2022\/","https:\/\/www.facebook.com\/seeb.sbs.9"],"url":"https:\/\/sindicatodosbancarios.org.br\/site2022\/author\/sindicatodosbancarios\/"}]}},"jetpack_featured_media_url":"https:\/\/sindicatodosbancarios.org.br\/site2022\/wp-content\/uploads\/2020\/01\/bndes.jpg","jetpack_sharing_enabled":true,"jetpack_shortlink":"https:\/\/wp.me\/p8RSbI-Sq","jetpack-related-posts":[{"id":4454,"url":"https:\/\/sindicatodosbancarios.org.br\/site2022\/2020\/09\/09\/informe-bancario-333-2020-servidores-chamam-reforma-de-caixa-preta-e-dizem-que-agora-e-guerra\/","url_meta":{"origin":3374,"position":0},"title":"INFORME BANC\u00c1RIO \u2013 333\/2020 Servidores chamam reforma de &#8216;caixa preta&#8217; e dizem que &#8216;agora \u00e9 guerra&#8217;","date":"9 de setembro de 2020","format":false,"excerpt":"\u00c0s v\u00e9speras do envio da reforma administrativa pelo governo federal, que mudar\u00e1 as regras para novos integrantes do servi\u00e7o p\u00fablico, os atuais servidores reclamam de falta de di\u00e1logo do governo sobre a proposta. As categorias j\u00e1 est\u00e3o se mobilizando para atuar junto a parlamentares e na Justi\u00e7a. \"Agora, vai se\u2026","rel":"","context":"Em &quot;Geral&quot;","img":{"alt_text":"","src":"https:\/\/i0.wp.com\/sindicatodosbancarios.org.br\/site2022\/wp-content\/uploads\/2020\/09\/camara-dos-deputados.jpg?resize=350%2C200&ssl=1","width":350,"height":200},"classes":[]},{"id":5284,"url":"https:\/\/sindicatodosbancarios.org.br\/site2022\/2021\/03\/31\/informe-bancarios-92-2021-movimento-sindical-bancario-e-empregados-cobram-direcao-da-caixa-correcao-no-pagamento-da-plr-conforme-o-act\/","url_meta":{"origin":3374,"position":1},"title":"INFORME BANC\u00c1RIOS \u2013 92\/2021 MOVIMENTO SINDICAL BANC\u00c1RIO E EMPREGADOS COBRAM DIRE\u00c7\u00c3O DA CAIXA CORRE\u00c7\u00c3O NO PAGAMENTO DA PLR CONFORME O ACT","date":"31 de mar\u00e7o de 2021","format":false,"excerpt":"Segundo levantamento do DIEESE, o pagamento foi feito utilizando o valor de 3% do lucro l\u00edquido e n\u00e3o 4%. A Confedera\u00e7\u00e3o Nacional dos Trabalhadores do Ramo Financeiro (CONTRAF-CUT), assessorada pela Comiss\u00e3o Executiva dos Empregados da Caixa (CEE\/Caixa), enviou um Of\u00edcio, na sexta-feira (26), \u00e0 Dire\u00e7\u00e3o do Banco cobrando esclarecimentos quanto\u2026","rel":"","context":"Em &quot;Caixa Econ\u00f4mica Federal&quot;","img":{"alt_text":"","src":"https:\/\/i0.wp.com\/sindicatodosbancarios.org.br\/site2022\/wp-content\/uploads\/2021\/03\/Caixa-Econ\u00f4mica-Federal-740x494.png?resize=350%2C200&ssl=1","width":350,"height":200},"classes":[]},{"id":4942,"url":"https:\/\/sindicatodosbancarios.org.br\/site2022\/2020\/12\/29\/informe-bancario-478-2020-seeb-sbs-e-regiao-renova-termo-de-adesao-act-ccv-com-a-caixa-economica-federal\/","url_meta":{"origin":3374,"position":2},"title":"INFORME BANC\u00c1RIO \u2013 478\/2020 SEEB SBS E REGI\u00c3O &#8211; RENOVA TERMO DE ADES\u00c3O ACT CCV COM A CAIXA ECON\u00d4MICA FEDERAL","date":"29 de dezembro de 2020","format":false,"excerpt":"O Sindicato segue realizando concilia\u00e7\u00f5es de CCV (Comiss\u00e3o de Concilia\u00e7\u00e3o Volunt\u00e1ria) para os Ex-empregados da Caixa Econ\u00f4mica Federal, conseguindo recuperar direitos relacionados ao benef\u00edcio futuro do Aux\u00edlio-alimenta\u00e7\u00e3o p\u00f3s-aposentadoria. As recentes propostas do Banco foram apresentadas e analisadas pelo Presidente do Sindicato Sr. Luiz Carlos de Oliveira, com aprova\u00e7\u00e3o dos Ex-empregados.\u2026","rel":"","context":"Em &quot;Caixa Econ\u00f4mica Federal&quot;","img":{"alt_text":"","src":"https:\/\/i0.wp.com\/sindicatodosbancarios.org.br\/site2022\/wp-content\/uploads\/2020\/09\/brasilia-df-brasil-caixa-economica-federal-foto-marcelo-camargoagencia-brasil-1600822484947_v2_900x506.jpg?resize=350%2C200&ssl=1","width":350,"height":200},"classes":[]},{"id":5865,"url":"https:\/\/sindicatodosbancarios.org.br\/site2022\/2022\/01\/05\/informe-bancario-04-2022-uma-empresa-seria-demitiria-diz-ex-ombudsman-do-itau-sobre-ceo-da-caixa\/","url_meta":{"origin":3374,"position":3},"title":"INFORME BANC\u00c1RIO \u2013 04\/2022 \u201cUma empresa s\u00e9ria demitiria\u201d, diz ex-ombudsman do Ita\u00fa sobre CEO da Caixa","date":"5 de janeiro de 2022","format":false,"excerpt":"Na festa de fim de ano da estatal, Guimar\u00e3es fez gerentes e lideran\u00e7as da institui\u00e7\u00e3o fazerem flex\u00f5es e darem cambalhotas. O ex-ombudsman do\u00a0Ita\u00fa\u00a0Deives Rezende, que hoje \u00e9 CEO e fundador da Condur\u00fa Consultoria, disse que\u00a0as condutas do presidente da Caixa Econ\u00f4mica Federal\u00a0Pedro Guimar\u00e3es na festa de fim de ano do\u2026","rel":"","context":"Em &quot;Caixa Econ\u00f4mica Federal&quot;","img":{"alt_text":"","src":"https:\/\/i0.wp.com\/sindicatodosbancarios.org.br\/site2022\/wp-content\/uploads\/2022\/01\/pedro-guimaraes-poder-em-foco-868x644.jpg?resize=350%2C200&ssl=1","width":350,"height":200},"classes":[]},{"id":5688,"url":"https:\/\/sindicatodosbancarios.org.br\/site2022\/2021\/09\/08\/informe-bancario-215-2021-bolsonaro-tenta-acabar-com-representacao-de-trabalhadores-nos-conselhos-de-empresas-publicas\/","url_meta":{"origin":3374,"position":4},"title":"INFORME BANC\u00c1RIO \u2013 215\/2021 BOLSONARO TENTA ACABAR COM REPRESENTA\u00c7\u00c3O DE TRABALHADORES NOS CONSELHOS DE EMPRESAS P\u00daBLICAS","date":"8 de setembro de 2021","format":false,"excerpt":"Coer\u00e7\u00e3o, processos e ass\u00e9dio da c\u00fapula da Caixa contra representante dos trabalhadores s\u00e3o um dos exemplos que marcam a postura do governo frente \u00e0s empresas p\u00fablicas. Como se n\u00e3o bastasse o caos econ\u00f4mico em que o Brasil foi atirado desde 2016, com a situa\u00e7\u00e3o piorada pelo governo Jair Bolsonaro, mais\u2026","rel":"","context":"Em &quot;Geral&quot;","img":{"alt_text":"","src":"https:\/\/i0.wp.com\/sindicatodosbancarios.org.br\/site2022\/wp-content\/uploads\/2020\/09\/brasilia-df-brasil-caixa-economica-federal-foto-marcelo-camargoagencia-brasil-1600822484947_v2_900x506.jpg?resize=350%2C200&ssl=1","width":350,"height":200},"classes":[]},{"id":5320,"url":"https:\/\/sindicatodosbancarios.org.br\/site2022\/2021\/04\/20\/informe-bancarios-102-2021-caixa-explicacao-sobre-plr-social-nao-procede\/","url_meta":{"origin":3374,"position":5},"title":"INFORME BANC\u00c1RIOS \u2013 102\/2021 CAIXA: \u201cEXPLICA\u00c7\u00c3O\u201d SOBRE PLR SOCIAL N\u00c3O PROCEDE","date":"20 de abril de 2021","format":false,"excerpt":"Ap\u00f3s 25 dias de cobran\u00e7as por parte dos Sindicatos e demais Entidades Representativas dos Empregados da Caixa, a Dire\u00e7\u00e3o do Banco P\u00fablico tentou, sem sucesso, justificar o pagamento menor da PLR Social aos Trabalhadores. No of\u00edcio encaminhado para a CONTRAF e para a CEE\/CAIXA, a Dire\u00e7\u00e3o do Banco insiste em\u2026","rel":"","context":"Em &quot;Caixa Econ\u00f4mica Federal&quot;","img":{"alt_text":"","src":"https:\/\/i0.wp.com\/sindicatodosbancarios.org.br\/site2022\/wp-content\/uploads\/2021\/04\/200421123840-CAIXA.jpg?resize=350%2C200&ssl=1","width":350,"height":200},"classes":[]}],"_links":{"self":[{"href":"https:\/\/sindicatodosbancarios.org.br\/site2022\/wp-json\/wp\/v2\/posts\/3374"}],"collection":[{"href":"https:\/\/sindicatodosbancarios.org.br\/site2022\/wp-json\/wp\/v2\/posts"}],"about":[{"href":"https:\/\/sindicatodosbancarios.org.br\/site2022\/wp-json\/wp\/v2\/types\/post"}],"author":[{"embeddable":true,"href":"https:\/\/sindicatodosbancarios.org.br\/site2022\/wp-json\/wp\/v2\/users\/2"}],"replies":[{"embeddable":true,"href":"https:\/\/sindicatodosbancarios.org.br\/site2022\/wp-json\/wp\/v2\/comments?post=3374"}],"version-history":[{"count":1,"href":"https:\/\/sindicatodosbancarios.org.br\/site2022\/wp-json\/wp\/v2\/posts\/3374\/revisions"}],"predecessor-version":[{"id":3375,"href":"https:\/\/sindicatodosbancarios.org.br\/site2022\/wp-json\/wp\/v2\/posts\/3374\/revisions\/3375"}],"wp:featuredmedia":[{"embeddable":true,"href":"https:\/\/sindicatodosbancarios.org.br\/site2022\/wp-json\/wp\/v2\/media\/3323"}],"wp:attachment":[{"href":"https:\/\/sindicatodosbancarios.org.br\/site2022\/wp-json\/wp\/v2\/media?parent=3374"}],"wp:term":[{"taxonomy":"category","embeddable":true,"href":"https:\/\/sindicatodosbancarios.org.br\/site2022\/wp-json\/wp\/v2\/categories?post=3374"},{"taxonomy":"post_tag","embeddable":true,"href":"https:\/\/sindicatodosbancarios.org.br\/site2022\/wp-json\/wp\/v2\/tags?post=3374"}],"curies":[{"name":"wp","href":"https:\/\/api.w.org\/{rel}","templated":true}]}}