{"id":3392,"date":"2020-02-06T16:48:41","date_gmt":"2020-02-06T19:48:41","guid":{"rendered":"https:\/\/sindicatodosbancarios.org.br\/?p=3392"},"modified":"2020-02-06T16:48:41","modified_gmt":"2020-02-06T19:48:41","slug":"informe-bancario-40-2020-qual-o-valor-pago-a-quem-se-aposenta-por-invalidez-pelo-inss-veja-regra","status":"publish","type":"post","link":"https:\/\/sindicatodosbancarios.org.br\/site2022\/2020\/02\/06\/informe-bancario-40-2020-qual-o-valor-pago-a-quem-se-aposenta-por-invalidez-pelo-inss-veja-regra\/","title":{"rendered":"INFORME BANC\u00c1RIO &#8211; 40 \/ 2020 &#8211; QUAL O VALOR PAGO A QUEM SE APOSENTA POR INVALIDEZ PELO INSS? VEJA REGRA&#8230;"},"content":{"rendered":"<p>A reforma da Previd\u00eancia mudou a regra de c\u00e1lculo da aposentadoria por invalidez, que passou a ser chamada de aposentadoria por incapacidade permanente. Isso causou uma redu\u00e7\u00e3o nos valores pagos (veja mais abaixo neste texto uma compara\u00e7\u00e3o). H\u00e1 duas situa\u00e7\u00f5es para c\u00e1lculo: se a invalidez n\u00e3o foi causada pelo trabalho ou se foi.<\/p>\n<p>Se n\u00e3o foi causada pelo trabalho, para defini\u00e7\u00e3o do valor, \u00e9 considerado o tempo de contribui\u00e7\u00e3o ao INSS. Antes da reforma, o valor pago ao aposentado por invalidez era calculado com base nos 80% maiores sal\u00e1rios de contribui\u00e7\u00e3o desde julho de 1994. Os 20% menores sal\u00e1rios eram desconsiderados, o melhorava sua m\u00e9dia e dava uma aposentadoria maior.<\/p>\n<p>Agora, a m\u00e9dia salarial \u00e9 calculada com todos os sal\u00e1rios de contribui\u00e7\u00e3o desde julho de 1994, incluindo os 20% menores sal\u00e1rios. Isso reduz a m\u00e9dia e o benef\u00edcio pago. O INSS considerada 60% dessa m\u00e9dia salarial, mais dois pontos percentuais a cada ano que exceder 20 anos de contribui\u00e7\u00e3o (homens) ou 15 anos (mulheres).<\/p>\n<p>Se o homem tiver 15 anos de contribui\u00e7\u00e3o, receber\u00e1 60% da m\u00e9dia. Se tiver 20 anos, tamb\u00e9m. Caso tenha 21 anos, passa a ter direito a 62%. Com 22 anos, 64% da m\u00e9dia. Com 40 anos de contribui\u00e7\u00e3o, ele chega a 100% (se for mulher, \u00e9 aos 35 anos).<\/p>\n<p><strong>Se a invalidez tiver rela\u00e7\u00e3o com o trabalho<\/strong><\/p>\n<p>Quando a invalidez \u00e9 causada pela atividade profissional, como um acidente de trabalho ou doen\u00e7as profissionais, n\u00e3o \u00e9 preciso considerar o tempo de contribui\u00e7\u00e3o: o valor da aposentadoria fica sempre em 100% da m\u00e9dia salarial.<\/p>\n<p><strong>Veja as diferen\u00e7as no c\u00e1lculo<\/strong><\/p>\n<p>A nova regra trazida pela reforma acaba reduzindo o valor da aposentadoria por incapacidade permanente. Sem o descarte das menores contribui\u00e7\u00f5es, a m\u00e9dia salarial costuma ficar pior. Al\u00e9m disso, o valor da aposentadoria depender\u00e1 de quanto tempo de contribui\u00e7\u00e3o a pessoa tem.<\/p>\n<p>C\u00e1lculos do advogado previdenci\u00e1rio Luiz Felipe Pereira Ver\u00edssimo mostram as diferen\u00e7as nos valores:<\/p>\n<p>1) Um homem com 22 anos de contribui\u00e7\u00e3o, sendo 10 anos pagando o INSS sobre o sal\u00e1rio m\u00ednimo, cinco anos contribuindo sobre dois sal\u00e1rios m\u00ednimos e mais sete anos pagando sobre o teto previdenci\u00e1rio.<\/p>\n<p>Regra antiga:<\/p>\n<p>M\u00e9dia salarial de R$ 2.938,43, com o descarte dos 20% menores sal\u00e1rios de contribui\u00e7\u00e3o<\/p>\n<p>Valor da aposentadoria: R$ 2.938,43 (100% da m\u00e9dia salarial).<\/p>\n<p>Nova regra:<\/p>\n<p>M\u00e9dia salarial: R$ 2.499,22, com todos os sal\u00e1rios de contribui\u00e7\u00e3o<\/p>\n<p>Valor da aposentadoria (a causa n\u00e3o foi acidente\/doen\u00e7a do trabalho): R$ 1.599,50 (por ter 22 anos de contribui\u00e7\u00e3o, ter\u00e1 direito a 64% da m\u00e9dia)<\/p>\n<p>Valor da aposentadoria (a causa foi acidente\/doen\u00e7a de trabalho): R$ 2.499,22 (100% da m\u00e9dia salarial).<\/p>\n<p>2) Mulher com 20 anos de contribui\u00e7\u00e3o, sendo seis anos pagando o INSS sobre o sal\u00e1rio m\u00ednimo, dois anos sobre dois sal\u00e1rios m\u00ednimos e mais 12 anos pagando sobre o teto previdenci\u00e1rio.<\/p>\n<p>Regra antiga:<\/p>\n<p>M\u00e9dia salarial: R$ 4.555,59, com o descarte dos 20% menores sal\u00e1rios de contribui\u00e7\u00e3o<\/p>\n<p>Valor da aposentadoria: R$ 4.555,59 (100% da m\u00e9dia salarial).<\/p>\n<p>Nova regra:<\/p>\n<p>M\u00e9dia salarial: R$ 3.820,83, com todos os sal\u00e1rios de contribui\u00e7\u00e3o<\/p>\n<p>Valor da aposentadoria (a causa n\u00e3o foi acidente\/doen\u00e7a do trabalho): R$ 2.674,58 (por ter 20 anos de contribui\u00e7\u00e3o, ter\u00e1 direito a 70% da m\u00e9dia)<\/p>\n<p>Valor da aposentadoria (a causa foi acidente\/doen\u00e7a do trabalho): R$ 3.820,83 (100% da m\u00e9dia salarial).<\/p>\n<p><strong>Diferen\u00e7a de c\u00e1lculo pode aumentar a\u00e7\u00f5es<\/strong><\/p>\n<p>Para o advogado previdenci\u00e1rio R\u00f4mulo Saraiva, a diferen\u00e7a de c\u00e1lculo entre a aposentadoria por incapacidade comum e a relacionada com trabalho pode aumentar as a\u00e7\u00f5es judiciais. A diferen\u00e7a entre elas pode chegar a 40%.<\/p>\n<p>Ele afirma que h\u00e1 situa\u00e7\u00f5es em que o adoecimento n\u00e3o aconteceu no trabalho, mas piorou por causa do trabalho. Por exemplo uma pessoa que tem h\u00e9rnia de disco por conta da idade. Se ele pega peso, sem equipamento de prote\u00e7\u00e3o, e a doen\u00e7a piorar, essa doen\u00e7a pode ser caraterizada como relacionada com o trabalho.<\/p>\n<p>&#8220;Essa nova realidade pode aumentar o interesse de pessoas em caracterizar a doen\u00e7a como sendo relacionada ao trabalho para ter direito a 100% da m\u00e9dia.&#8221;<\/p>\n<p>Para ele, a nova Previd\u00eancia penaliza quem n\u00e3o tem doen\u00e7a relacionada com o trabalho. &#8220;Qual a l\u00f3gica de uma pessoa com c\u00e2ncer ocupacional ter uma renda melhor do que quem tem um c\u00e2ncer sem rela\u00e7\u00e3o com o trabalho? Na minha \u00f3tica, \u00e9 injustific\u00e1vel fazer essa distin\u00e7\u00e3o.&#8221;<\/p>\n<p><span style=\"font-size: 8pt;\">FONTE: Uol 06\/02\/2020.<\/span><\/p>\n","protected":false},"excerpt":{"rendered":"<p>A reforma da Previd\u00eancia mudou a regra de c\u00e1lculo da aposentadoria por invalidez, que passou a ser chamada [&hellip;]<\/p>\n","protected":false},"author":2,"featured_media":3191,"comment_status":"open","ping_status":"open","sticky":false,"template":"","format":"standard","meta":{"jetpack_post_was_ever_published":false,"jetpack_publicize_message":"","jetpack_is_tweetstorm":false,"jetpack_publicize_feature_enabled":true,"jetpack_social_post_already_shared":true,"jetpack_social_options":[]},"categories":[1],"tags":[],"jetpack_publicize_connections":[],"acf":[],"yoast_head":"<!-- This site is optimized with the Yoast SEO plugin v19.14 - https:\/\/yoast.com\/wordpress\/plugins\/seo\/ -->\n<title>INFORME BANC\u00c1RIO - 40 \/ 2020 - QUAL O VALOR PAGO A QUEM SE APOSENTA POR INVALIDEZ PELO INSS? VEJA REGRA... - Sindicato dos Banc\u00e1rios de S\u00e3o Bento do Sul e Regi\u00e3o<\/title>\n<meta name=\"robots\" content=\"index, follow, max-snippet:-1, max-image-preview:large, max-video-preview:-1\" \/>\n<link rel=\"canonical\" href=\"https:\/\/sindicatodosbancarios.org.br\/site2022\/2020\/02\/06\/informe-bancario-40-2020-qual-o-valor-pago-a-quem-se-aposenta-por-invalidez-pelo-inss-veja-regra\/\" \/>\n<meta property=\"og:locale\" content=\"pt_BR\" \/>\n<meta property=\"og:type\" content=\"article\" \/>\n<meta property=\"og:title\" content=\"INFORME BANC\u00c1RIO - 40 \/ 2020 - QUAL O VALOR PAGO A QUEM SE APOSENTA POR INVALIDEZ PELO INSS? VEJA REGRA... - Sindicato dos Banc\u00e1rios de S\u00e3o Bento do Sul e Regi\u00e3o\" \/>\n<meta property=\"og:description\" content=\"A reforma da Previd\u00eancia mudou a regra de c\u00e1lculo da aposentadoria por invalidez, que passou a ser chamada [&hellip;]\" \/>\n<meta property=\"og:url\" content=\"https:\/\/sindicatodosbancarios.org.br\/site2022\/2020\/02\/06\/informe-bancario-40-2020-qual-o-valor-pago-a-quem-se-aposenta-por-invalidez-pelo-inss-veja-regra\/\" \/>\n<meta property=\"og:site_name\" content=\"Sindicato dos Banc\u00e1rios de S\u00e3o Bento do Sul e Regi\u00e3o\" \/>\n<meta property=\"article:author\" content=\"https:\/\/www.facebook.com\/seeb.sbs.9\" \/>\n<meta property=\"article:published_time\" content=\"2020-02-06T19:48:41+00:00\" \/>\n<meta property=\"og:image\" content=\"https:\/\/sindicatodosbancarios.org.br\/site2022\/wp-content\/uploads\/2019\/11\/previdencia-social-imagem.jpg\" \/>\n\t<meta property=\"og:image:width\" content=\"1024\" \/>\n\t<meta property=\"og:image:height\" content=\"565\" \/>\n\t<meta property=\"og:image:type\" content=\"image\/jpeg\" \/>\n<meta name=\"author\" content=\"Sindicato dos Banc\u00e1rios S\u00e3o Bento do Sul e Regi\u00e3o\" \/>\n<meta name=\"twitter:card\" content=\"summary_large_image\" \/>\n<meta name=\"twitter:label1\" content=\"Escrito por\" \/>\n\t<meta name=\"twitter:data1\" content=\"Sindicato dos Banc\u00e1rios S\u00e3o Bento do Sul e Regi\u00e3o\" \/>\n\t<meta name=\"twitter:label2\" content=\"Est. tempo de leitura\" \/>\n\t<meta name=\"twitter:data2\" content=\"4 minutos\" \/>\n<script type=\"application\/ld+json\" class=\"yoast-schema-graph\">{\"@context\":\"https:\/\/schema.org\",\"@graph\":[{\"@type\":\"Article\",\"@id\":\"https:\/\/sindicatodosbancarios.org.br\/site2022\/2020\/02\/06\/informe-bancario-40-2020-qual-o-valor-pago-a-quem-se-aposenta-por-invalidez-pelo-inss-veja-regra\/#article\",\"isPartOf\":{\"@id\":\"https:\/\/sindicatodosbancarios.org.br\/site2022\/2020\/02\/06\/informe-bancario-40-2020-qual-o-valor-pago-a-quem-se-aposenta-por-invalidez-pelo-inss-veja-regra\/\"},\"author\":{\"name\":\"Sindicato dos Banc\u00e1rios S\u00e3o Bento do Sul e Regi\u00e3o\",\"@id\":\"https:\/\/sindicatodosbancarios.org.br\/site2022\/#\/schema\/person\/a7d92da77d1084df4d28b57962f1e1bd\"},\"headline\":\"INFORME BANC\u00c1RIO &#8211; 40 \/ 2020 &#8211; QUAL O VALOR PAGO A QUEM SE APOSENTA POR INVALIDEZ PELO INSS? VEJA REGRA&#8230;\",\"datePublished\":\"2020-02-06T19:48:41+00:00\",\"dateModified\":\"2020-02-06T19:48:41+00:00\",\"mainEntityOfPage\":{\"@id\":\"https:\/\/sindicatodosbancarios.org.br\/site2022\/2020\/02\/06\/informe-bancario-40-2020-qual-o-valor-pago-a-quem-se-aposenta-por-invalidez-pelo-inss-veja-regra\/\"},\"wordCount\":776,\"commentCount\":0,\"publisher\":{\"@id\":\"https:\/\/sindicatodosbancarios.org.br\/site2022\/#organization\"},\"articleSection\":[\"Geral\"],\"inLanguage\":\"pt-BR\",\"potentialAction\":[{\"@type\":\"CommentAction\",\"name\":\"Comment\",\"target\":[\"https:\/\/sindicatodosbancarios.org.br\/site2022\/2020\/02\/06\/informe-bancario-40-2020-qual-o-valor-pago-a-quem-se-aposenta-por-invalidez-pelo-inss-veja-regra\/#respond\"]}]},{\"@type\":\"WebPage\",\"@id\":\"https:\/\/sindicatodosbancarios.org.br\/site2022\/2020\/02\/06\/informe-bancario-40-2020-qual-o-valor-pago-a-quem-se-aposenta-por-invalidez-pelo-inss-veja-regra\/\",\"url\":\"https:\/\/sindicatodosbancarios.org.br\/site2022\/2020\/02\/06\/informe-bancario-40-2020-qual-o-valor-pago-a-quem-se-aposenta-por-invalidez-pelo-inss-veja-regra\/\",\"name\":\"INFORME BANC\u00c1RIO - 40 \/ 2020 - QUAL O VALOR PAGO A QUEM SE APOSENTA POR INVALIDEZ PELO INSS? VEJA REGRA... - Sindicato dos Banc\u00e1rios de S\u00e3o Bento do Sul e Regi\u00e3o\",\"isPartOf\":{\"@id\":\"https:\/\/sindicatodosbancarios.org.br\/site2022\/#website\"},\"datePublished\":\"2020-02-06T19:48:41+00:00\",\"dateModified\":\"2020-02-06T19:48:41+00:00\",\"breadcrumb\":{\"@id\":\"https:\/\/sindicatodosbancarios.org.br\/site2022\/2020\/02\/06\/informe-bancario-40-2020-qual-o-valor-pago-a-quem-se-aposenta-por-invalidez-pelo-inss-veja-regra\/#breadcrumb\"},\"inLanguage\":\"pt-BR\",\"potentialAction\":[{\"@type\":\"ReadAction\",\"target\":[\"https:\/\/sindicatodosbancarios.org.br\/site2022\/2020\/02\/06\/informe-bancario-40-2020-qual-o-valor-pago-a-quem-se-aposenta-por-invalidez-pelo-inss-veja-regra\/\"]}]},{\"@type\":\"BreadcrumbList\",\"@id\":\"https:\/\/sindicatodosbancarios.org.br\/site2022\/2020\/02\/06\/informe-bancario-40-2020-qual-o-valor-pago-a-quem-se-aposenta-por-invalidez-pelo-inss-veja-regra\/#breadcrumb\",\"itemListElement\":[{\"@type\":\"ListItem\",\"position\":1,\"name\":\"In\u00edcio\",\"item\":\"https:\/\/sindicatodosbancarios.org.br\/site2022\/\"},{\"@type\":\"ListItem\",\"position\":2,\"name\":\"INFORME BANC\u00c1RIO &#8211; 40 \/ 2020 &#8211; QUAL O VALOR PAGO A QUEM SE APOSENTA POR INVALIDEZ PELO INSS? VEJA REGRA&#8230;\"}]},{\"@type\":\"WebSite\",\"@id\":\"https:\/\/sindicatodosbancarios.org.br\/site2022\/#website\",\"url\":\"https:\/\/sindicatodosbancarios.org.br\/site2022\/\",\"name\":\"Sindicato dos Banc\u00e1rios de S\u00e3o Bento do Sul e Regi\u00e3o\",\"description\":\"Website institucional do Sindicato dos Banc\u00e1rios de S\u00e3o Bento do Sul e Regi\u00e3o\",\"publisher\":{\"@id\":\"https:\/\/sindicatodosbancarios.org.br\/site2022\/#organization\"},\"potentialAction\":[{\"@type\":\"SearchAction\",\"target\":{\"@type\":\"EntryPoint\",\"urlTemplate\":\"https:\/\/sindicatodosbancarios.org.br\/site2022\/?s={search_term_string}\"},\"query-input\":\"required name=search_term_string\"}],\"inLanguage\":\"pt-BR\"},{\"@type\":\"Organization\",\"@id\":\"https:\/\/sindicatodosbancarios.org.br\/site2022\/#organization\",\"name\":\"Sindicato dos Banc\u00e1rios de S\u00e3o Bento do Sul e Regi\u00e3o\",\"url\":\"https:\/\/sindicatodosbancarios.org.br\/site2022\/\",\"logo\":{\"@type\":\"ImageObject\",\"inLanguage\":\"pt-BR\",\"@id\":\"https:\/\/sindicatodosbancarios.org.br\/site2022\/#\/schema\/logo\/image\/\",\"url\":\"https:\/\/sindicatodosbancarios.org.br\/site2022\/wp-content\/uploads\/2017\/06\/cropped-logo-2.png\",\"contentUrl\":\"https:\/\/sindicatodosbancarios.org.br\/site2022\/wp-content\/uploads\/2017\/06\/cropped-logo-2.png\",\"width\":292,\"height\":292,\"caption\":\"Sindicato dos Banc\u00e1rios de S\u00e3o Bento do Sul e Regi\u00e3o\"},\"image\":{\"@id\":\"https:\/\/sindicatodosbancarios.org.br\/site2022\/#\/schema\/logo\/image\/\"}},{\"@type\":\"Person\",\"@id\":\"https:\/\/sindicatodosbancarios.org.br\/site2022\/#\/schema\/person\/a7d92da77d1084df4d28b57962f1e1bd\",\"name\":\"Sindicato dos Banc\u00e1rios S\u00e3o Bento do Sul e Regi\u00e3o\",\"image\":{\"@type\":\"ImageObject\",\"inLanguage\":\"pt-BR\",\"@id\":\"https:\/\/sindicatodosbancarios.org.br\/site2022\/#\/schema\/person\/image\/\",\"url\":\"https:\/\/secure.gravatar.com\/avatar\/f1d1a06f698f2345352e539387180d42?s=96&d=mm&r=g\",\"contentUrl\":\"https:\/\/secure.gravatar.com\/avatar\/f1d1a06f698f2345352e539387180d42?s=96&d=mm&r=g\",\"caption\":\"Sindicato dos Banc\u00e1rios S\u00e3o Bento do Sul e Regi\u00e3o\"},\"sameAs\":[\"http:\/\/sindicatodosbancarios.org.br\/site2022\/\",\"https:\/\/www.facebook.com\/seeb.sbs.9\"],\"url\":\"https:\/\/sindicatodosbancarios.org.br\/site2022\/author\/sindicatodosbancarios\/\"}]}<\/script>\n<!-- \/ Yoast SEO plugin. -->","yoast_head_json":{"title":"INFORME BANC\u00c1RIO - 40 \/ 2020 - QUAL O VALOR PAGO A QUEM SE APOSENTA POR INVALIDEZ PELO INSS? VEJA REGRA... - Sindicato dos Banc\u00e1rios de S\u00e3o Bento do Sul e Regi\u00e3o","robots":{"index":"index","follow":"follow","max-snippet":"max-snippet:-1","max-image-preview":"max-image-preview:large","max-video-preview":"max-video-preview:-1"},"canonical":"https:\/\/sindicatodosbancarios.org.br\/site2022\/2020\/02\/06\/informe-bancario-40-2020-qual-o-valor-pago-a-quem-se-aposenta-por-invalidez-pelo-inss-veja-regra\/","og_locale":"pt_BR","og_type":"article","og_title":"INFORME BANC\u00c1RIO - 40 \/ 2020 - QUAL O VALOR PAGO A QUEM SE APOSENTA POR INVALIDEZ PELO INSS? VEJA REGRA... - Sindicato dos Banc\u00e1rios de S\u00e3o Bento do Sul e Regi\u00e3o","og_description":"A reforma da Previd\u00eancia mudou a regra de c\u00e1lculo da aposentadoria por invalidez, que passou a ser chamada [&hellip;]","og_url":"https:\/\/sindicatodosbancarios.org.br\/site2022\/2020\/02\/06\/informe-bancario-40-2020-qual-o-valor-pago-a-quem-se-aposenta-por-invalidez-pelo-inss-veja-regra\/","og_site_name":"Sindicato dos Banc\u00e1rios de S\u00e3o Bento do Sul e Regi\u00e3o","article_author":"https:\/\/www.facebook.com\/seeb.sbs.9","article_published_time":"2020-02-06T19:48:41+00:00","og_image":[{"width":1024,"height":565,"url":"https:\/\/sindicatodosbancarios.org.br\/site2022\/wp-content\/uploads\/2019\/11\/previdencia-social-imagem.jpg","type":"image\/jpeg"}],"author":"Sindicato dos Banc\u00e1rios S\u00e3o Bento do Sul e Regi\u00e3o","twitter_card":"summary_large_image","twitter_misc":{"Escrito por":"Sindicato dos Banc\u00e1rios S\u00e3o Bento do Sul e Regi\u00e3o","Est. tempo de leitura":"4 minutos"},"schema":{"@context":"https:\/\/schema.org","@graph":[{"@type":"Article","@id":"https:\/\/sindicatodosbancarios.org.br\/site2022\/2020\/02\/06\/informe-bancario-40-2020-qual-o-valor-pago-a-quem-se-aposenta-por-invalidez-pelo-inss-veja-regra\/#article","isPartOf":{"@id":"https:\/\/sindicatodosbancarios.org.br\/site2022\/2020\/02\/06\/informe-bancario-40-2020-qual-o-valor-pago-a-quem-se-aposenta-por-invalidez-pelo-inss-veja-regra\/"},"author":{"name":"Sindicato dos Banc\u00e1rios S\u00e3o Bento do Sul e Regi\u00e3o","@id":"https:\/\/sindicatodosbancarios.org.br\/site2022\/#\/schema\/person\/a7d92da77d1084df4d28b57962f1e1bd"},"headline":"INFORME BANC\u00c1RIO &#8211; 40 \/ 2020 &#8211; QUAL O VALOR PAGO A QUEM SE APOSENTA POR INVALIDEZ PELO INSS? VEJA REGRA&#8230;","datePublished":"2020-02-06T19:48:41+00:00","dateModified":"2020-02-06T19:48:41+00:00","mainEntityOfPage":{"@id":"https:\/\/sindicatodosbancarios.org.br\/site2022\/2020\/02\/06\/informe-bancario-40-2020-qual-o-valor-pago-a-quem-se-aposenta-por-invalidez-pelo-inss-veja-regra\/"},"wordCount":776,"commentCount":0,"publisher":{"@id":"https:\/\/sindicatodosbancarios.org.br\/site2022\/#organization"},"articleSection":["Geral"],"inLanguage":"pt-BR","potentialAction":[{"@type":"CommentAction","name":"Comment","target":["https:\/\/sindicatodosbancarios.org.br\/site2022\/2020\/02\/06\/informe-bancario-40-2020-qual-o-valor-pago-a-quem-se-aposenta-por-invalidez-pelo-inss-veja-regra\/#respond"]}]},{"@type":"WebPage","@id":"https:\/\/sindicatodosbancarios.org.br\/site2022\/2020\/02\/06\/informe-bancario-40-2020-qual-o-valor-pago-a-quem-se-aposenta-por-invalidez-pelo-inss-veja-regra\/","url":"https:\/\/sindicatodosbancarios.org.br\/site2022\/2020\/02\/06\/informe-bancario-40-2020-qual-o-valor-pago-a-quem-se-aposenta-por-invalidez-pelo-inss-veja-regra\/","name":"INFORME BANC\u00c1RIO - 40 \/ 2020 - QUAL O VALOR PAGO A QUEM SE APOSENTA POR INVALIDEZ PELO INSS? VEJA REGRA... - Sindicato dos Banc\u00e1rios de S\u00e3o Bento do Sul e Regi\u00e3o","isPartOf":{"@id":"https:\/\/sindicatodosbancarios.org.br\/site2022\/#website"},"datePublished":"2020-02-06T19:48:41+00:00","dateModified":"2020-02-06T19:48:41+00:00","breadcrumb":{"@id":"https:\/\/sindicatodosbancarios.org.br\/site2022\/2020\/02\/06\/informe-bancario-40-2020-qual-o-valor-pago-a-quem-se-aposenta-por-invalidez-pelo-inss-veja-regra\/#breadcrumb"},"inLanguage":"pt-BR","potentialAction":[{"@type":"ReadAction","target":["https:\/\/sindicatodosbancarios.org.br\/site2022\/2020\/02\/06\/informe-bancario-40-2020-qual-o-valor-pago-a-quem-se-aposenta-por-invalidez-pelo-inss-veja-regra\/"]}]},{"@type":"BreadcrumbList","@id":"https:\/\/sindicatodosbancarios.org.br\/site2022\/2020\/02\/06\/informe-bancario-40-2020-qual-o-valor-pago-a-quem-se-aposenta-por-invalidez-pelo-inss-veja-regra\/#breadcrumb","itemListElement":[{"@type":"ListItem","position":1,"name":"In\u00edcio","item":"https:\/\/sindicatodosbancarios.org.br\/site2022\/"},{"@type":"ListItem","position":2,"name":"INFORME BANC\u00c1RIO &#8211; 40 \/ 2020 &#8211; QUAL O VALOR PAGO A QUEM SE APOSENTA POR INVALIDEZ PELO INSS? VEJA REGRA&#8230;"}]},{"@type":"WebSite","@id":"https:\/\/sindicatodosbancarios.org.br\/site2022\/#website","url":"https:\/\/sindicatodosbancarios.org.br\/site2022\/","name":"Sindicato dos Banc\u00e1rios de S\u00e3o Bento do Sul e Regi\u00e3o","description":"Website institucional do Sindicato dos Banc\u00e1rios de S\u00e3o Bento do Sul e Regi\u00e3o","publisher":{"@id":"https:\/\/sindicatodosbancarios.org.br\/site2022\/#organization"},"potentialAction":[{"@type":"SearchAction","target":{"@type":"EntryPoint","urlTemplate":"https:\/\/sindicatodosbancarios.org.br\/site2022\/?s={search_term_string}"},"query-input":"required name=search_term_string"}],"inLanguage":"pt-BR"},{"@type":"Organization","@id":"https:\/\/sindicatodosbancarios.org.br\/site2022\/#organization","name":"Sindicato dos Banc\u00e1rios de S\u00e3o Bento do Sul e Regi\u00e3o","url":"https:\/\/sindicatodosbancarios.org.br\/site2022\/","logo":{"@type":"ImageObject","inLanguage":"pt-BR","@id":"https:\/\/sindicatodosbancarios.org.br\/site2022\/#\/schema\/logo\/image\/","url":"https:\/\/sindicatodosbancarios.org.br\/site2022\/wp-content\/uploads\/2017\/06\/cropped-logo-2.png","contentUrl":"https:\/\/sindicatodosbancarios.org.br\/site2022\/wp-content\/uploads\/2017\/06\/cropped-logo-2.png","width":292,"height":292,"caption":"Sindicato dos Banc\u00e1rios de S\u00e3o Bento do Sul e Regi\u00e3o"},"image":{"@id":"https:\/\/sindicatodosbancarios.org.br\/site2022\/#\/schema\/logo\/image\/"}},{"@type":"Person","@id":"https:\/\/sindicatodosbancarios.org.br\/site2022\/#\/schema\/person\/a7d92da77d1084df4d28b57962f1e1bd","name":"Sindicato dos Banc\u00e1rios S\u00e3o Bento do Sul e Regi\u00e3o","image":{"@type":"ImageObject","inLanguage":"pt-BR","@id":"https:\/\/sindicatodosbancarios.org.br\/site2022\/#\/schema\/person\/image\/","url":"https:\/\/secure.gravatar.com\/avatar\/f1d1a06f698f2345352e539387180d42?s=96&d=mm&r=g","contentUrl":"https:\/\/secure.gravatar.com\/avatar\/f1d1a06f698f2345352e539387180d42?s=96&d=mm&r=g","caption":"Sindicato dos Banc\u00e1rios S\u00e3o Bento do Sul e Regi\u00e3o"},"sameAs":["http:\/\/sindicatodosbancarios.org.br\/site2022\/","https:\/\/www.facebook.com\/seeb.sbs.9"],"url":"https:\/\/sindicatodosbancarios.org.br\/site2022\/author\/sindicatodosbancarios\/"}]}},"jetpack_featured_media_url":"https:\/\/sindicatodosbancarios.org.br\/site2022\/wp-content\/uploads\/2019\/11\/previdencia-social-imagem.jpg","jetpack_sharing_enabled":true,"jetpack_shortlink":"https:\/\/wp.me\/p8RSbI-SI","jetpack-related-posts":[{"id":4311,"url":"https:\/\/sindicatodosbancarios.org.br\/site2022\/2020\/08\/20\/informe-bancario-306-2020-novas-regras-do-auxilio-doenca-entenda-o-que-mudou-apos-a-reforma-da-previdencia\/","url_meta":{"origin":3392,"position":0},"title":"INFORME BANC\u00c1RIO \u2013 306\/2020 Novas regras do aux\u00edlio-doen\u00e7a: Entenda o que mudou ap\u00f3s a Reforma da Previd\u00eancia","date":"20 de agosto de 2020","format":false,"excerpt":"Regras para ter direito ao aux\u00edlio-doen\u00e7a e aposentadoria por invalidez ficaram mais duras ap\u00f3s a reforma. Entenda como \u00e9 feito o c\u00e1lculo em cada modalidade. Muitos segurados do\u00a0Instituto Nacional do Seguro Social (INSS) ainda t\u00eam d\u00favidas sobre as novas regras da\u00a0aposentadoria, que entraram em vigor ap\u00f3s a Reforma da Previd\u00eancia\u2026","rel":"","context":"Em &quot;Geral&quot;","img":{"alt_text":"","src":"https:\/\/i0.wp.com\/sindicatodosbancarios.org.br\/site2022\/wp-content\/uploads\/2020\/08\/pedido-auxilio-doenca.jpg?resize=350%2C200&ssl=1","width":350,"height":200},"classes":[]},{"id":5945,"url":"https:\/\/sindicatodosbancarios.org.br\/site2022\/2022\/03\/04\/informe-bancario-28-2022-revisao-da-vida-toda-do-inss-tem-maioria-dos-votos-do-stf-veja-quem-tem-direito-e-para-quem-vale-a-pena\/","url_meta":{"origin":3392,"position":1},"title":"INFORME BANC\u00c1RIO \u2013 28\/2022 &#8216;Revis\u00e3o da vida toda&#8217; do INSS tem maioria dos votos do STF; veja quem tem direito e para quem vale a pena","date":"4 de mar\u00e7o de 2022","format":false,"excerpt":"O\u00a0Supremo Tribunal Federal (STF)\u00a0formou maioria nesta sexta-feira (25) para que aposentados e pensionistas do Instituto Nacional do Seguro Social\u00a0(INSS) tenham direito \u00e0 chamada \"revis\u00e3o da vida toda\". Essa revis\u00e3o poder\u00e1 ser pedida pelos trabalhadores que come\u00e7aram a contribuir para o\u00a0INSS\u00a0antes de 1994 e que se aposentaram depois de 1999.\u00a0Leia detalhes\u2026","rel":"","context":"Em &quot;Geral&quot;","img":{"alt_text":"","src":"https:\/\/i0.wp.com\/sindicatodosbancarios.org.br\/site2022\/wp-content\/uploads\/2021\/09\/reforma-trabalhista.jpg?resize=350%2C200&ssl=1","width":350,"height":200},"classes":[]},{"id":5485,"url":"https:\/\/sindicatodosbancarios.org.br\/site2022\/2021\/06\/21\/informe-bancario-152-2021-marco-aurelio-vota-pelo-beneficio-mais-vantajoso-na-revisao-da-vida-toda\/","url_meta":{"origin":3392,"position":2},"title":"INFORME BANC\u00c1RIO \u2013 152\/2021 Marco Aur\u00e9lio vota pelo benef\u00edcio mais vantajoso na &#8220;revis\u00e3o da vida toda&#8221;","date":"21 de junho de 2021","format":false,"excerpt":"Na revis\u00e3o dos benef\u00edcios de aposentados e pensionistas do INSS deve prevalecer a aplica\u00e7\u00e3o da regra que considera todas as contribui\u00e7\u00f5es no c\u00e1lculo do benef\u00edcio e n\u00e3o apenas as feitas depois de julho de 1994, quando o resultado for mais favor\u00e1vel ao segurado. Esta \u00e9 a tese defendida pelo ministro\u2026","rel":"","context":"Em &quot;Geral&quot;","img":{"alt_text":"","src":"https:\/\/i0.wp.com\/sindicatodosbancarios.org.br\/site2022\/wp-content\/uploads\/2021\/06\/systemuploadsnews9d3119822b542943c8c-700x460xfit-83e55.jpg?resize=350%2C200&ssl=1","width":350,"height":200},"classes":[]},{"id":4248,"url":"https:\/\/sindicatodosbancarios.org.br\/site2022\/2020\/08\/10\/informe-bancario-288-2020-aposentadoria-por-tempo-de-contribuicao-acabou-para-todos\/","url_meta":{"origin":3392,"position":3},"title":"INFORME BANC\u00c1RIO \u2013 288\/2020 Aposentadoria por tempo de contribui\u00e7\u00e3o acabou para todos?","date":"10 de agosto de 2020","format":false,"excerpt":"A partir de novembro de 2019, com a Reforma da Previd\u00eancia a Aposentadoria por Tempo de contribui\u00e7\u00e3o foi extinta, dando lugar ao novo benef\u00edcio que exige al\u00e9m do tempo de contribui\u00e7\u00e3o, a idade m\u00ednima de 62 anos pra mulher e 65 anos para homem, no qual vamos abordar no pr\u00f3ximo\u2026","rel":"","context":"Em &quot;Geral&quot;","img":{"alt_text":"","src":"https:\/\/i0.wp.com\/sindicatodosbancarios.org.br\/site2022\/wp-content\/uploads\/2020\/08\/idoso-aposentadoria2.jpg?resize=350%2C200&ssl=1","width":350,"height":200},"classes":[]},{"id":4425,"url":"https:\/\/sindicatodosbancarios.org.br\/site2022\/2020\/09\/03\/informe-bancario-325-2020-a-aposentadoria-por-tempo-de-contribuicao-acabou-apos-reforma\/","url_meta":{"origin":3392,"position":4},"title":"INFORME BANC\u00c1RIO \u2013 325\/2020 A Aposentadoria por tempo de contribui\u00e7\u00e3o acabou ap\u00f3s Reforma?","date":"3 de setembro de 2020","format":false,"excerpt":"1. As altera\u00e7\u00f5es na aposentadoria por tempo de contribui\u00e7\u00e3o Nas regras previdenci\u00e1rias anteriormente vigentes, as aposentadorias eram conhecidas por aposentadoria \u201cpor tempo de contribui\u00e7\u00e3o\u201d, \u201cpor idade (rural ou urbana)\u201d, \u201cespecial\u201d e \u201cpor invalidez\u201d. Neste texto vou tratar das principais mudan\u00e7as na aposentadoria \u201cpor tempo de contribui\u00e7\u00e3o\u201d, tamb\u00e9m muito conhecida como\u2026","rel":"","context":"Em &quot;Geral&quot;","img":{"alt_text":"","src":"https:\/\/i0.wp.com\/sindicatodosbancarios.org.br\/site2022\/wp-content\/uploads\/2020\/09\/idoso-1.jpg?resize=350%2C200&ssl=1","width":350,"height":200},"classes":[]},{"id":4488,"url":"https:\/\/sindicatodosbancarios.org.br\/site2022\/2020\/09\/14\/informe-bancario-346-2020-conheca-nova-aposentadoria-por-invalidez-e-novo-auxilio-doenca-do-inss\/","url_meta":{"origin":3392,"position":5},"title":"INFORME BANC\u00c1RIO \u2013 346\/2020 Conhe\u00e7a nova aposentadoria por invalidez e novo aux\u00edlio-doen\u00e7a do INSS","date":"14 de setembro de 2020","format":false,"excerpt":"Aposentadoria por invalidez e aux\u00edlio-doen\u00e7a do INSS passaram por algumas mudan\u00e7as, desde a reforma da previd\u00eancia. Confira! Com a\u00a0Reforma da Previd\u00eancia, v\u00e1rias modifica\u00e7\u00f5es foram realizadas. Isso inclui a aposentadoria por invalidez, que deu espa\u00e7o para a aposentadoria por incapacidade permanente, e o aux\u00edlio-doen\u00e7a, adora denominado como\u00a0aux\u00edlio por incapacidade tempor\u00e1ria. Desde\u2026","rel":"","context":"Em &quot;Geral&quot;","img":{"alt_text":"","src":"","width":0,"height":0},"classes":[]}],"_links":{"self":[{"href":"https:\/\/sindicatodosbancarios.org.br\/site2022\/wp-json\/wp\/v2\/posts\/3392"}],"collection":[{"href":"https:\/\/sindicatodosbancarios.org.br\/site2022\/wp-json\/wp\/v2\/posts"}],"about":[{"href":"https:\/\/sindicatodosbancarios.org.br\/site2022\/wp-json\/wp\/v2\/types\/post"}],"author":[{"embeddable":true,"href":"https:\/\/sindicatodosbancarios.org.br\/site2022\/wp-json\/wp\/v2\/users\/2"}],"replies":[{"embeddable":true,"href":"https:\/\/sindicatodosbancarios.org.br\/site2022\/wp-json\/wp\/v2\/comments?post=3392"}],"version-history":[{"count":1,"href":"https:\/\/sindicatodosbancarios.org.br\/site2022\/wp-json\/wp\/v2\/posts\/3392\/revisions"}],"predecessor-version":[{"id":3393,"href":"https:\/\/sindicatodosbancarios.org.br\/site2022\/wp-json\/wp\/v2\/posts\/3392\/revisions\/3393"}],"wp:featuredmedia":[{"embeddable":true,"href":"https:\/\/sindicatodosbancarios.org.br\/site2022\/wp-json\/wp\/v2\/media\/3191"}],"wp:attachment":[{"href":"https:\/\/sindicatodosbancarios.org.br\/site2022\/wp-json\/wp\/v2\/media?parent=3392"}],"wp:term":[{"taxonomy":"category","embeddable":true,"href":"https:\/\/sindicatodosbancarios.org.br\/site2022\/wp-json\/wp\/v2\/categories?post=3392"},{"taxonomy":"post_tag","embeddable":true,"href":"https:\/\/sindicatodosbancarios.org.br\/site2022\/wp-json\/wp\/v2\/tags?post=3392"}],"curies":[{"name":"wp","href":"https:\/\/api.w.org\/{rel}","templated":true}]}}