{"id":3936,"date":"2020-06-16T14:43:58","date_gmt":"2020-06-16T17:43:58","guid":{"rendered":"https:\/\/sindicatodosbancarios.org.br\/?p=3936"},"modified":"2020-06-16T14:43:58","modified_gmt":"2020-06-16T17:43:58","slug":"informe-bancario-201-2020-reducao-de-jornada-e-salario-podera-ter-prazo-ampliado-em-mais-60-dias","status":"publish","type":"post","link":"https:\/\/sindicatodosbancarios.org.br\/site2022\/2020\/06\/16\/informe-bancario-201-2020-reducao-de-jornada-e-salario-podera-ter-prazo-ampliado-em-mais-60-dias\/","title":{"rendered":"INFORME BANC\u00c1RIO \u2013 201\/2020 Redu\u00e7\u00e3o de jornada e sal\u00e1rio poder\u00e1 ter prazo ampliado em mais 60 dias"},"content":{"rendered":"<p>O governo avalia prorrogar o per\u00edodo m\u00e1ximo de redu\u00e7\u00e3o de jornada e sal\u00e1rios ou suspens\u00e3o de contratos de trabalhadores com carteira assinada. O prazo adicional ainda n\u00e3o est\u00e1 fechado porque a medida depende de espa\u00e7o no Or\u00e7amento para bancar os benef\u00edcios como compensa\u00e7\u00e3o aos atingidos, mas uma das possibilidades em estudo \u00e9 estender o limite em mais 60 dias, segundo apurou o Estad\u00e3o\/Broadcast (sistema de not\u00edcias em tempo real do Grupo Estado).<\/p>\n<p>Caso a \u00e1rea econ\u00f4mica decida por esse caminho, representaria uma prorroga\u00e7\u00e3o na mesma propor\u00e7\u00e3o de tempo do aux\u00edlio emergencial de R$ 600 pago para a informais e desempregados &#8211; que j\u00e1 tem o sinal verde do ministro da Economia, Paulo Guedes, para vigorar por mais dois meses, embora com valor menor, de R$ 300.<\/p>\n<p>Pelas regras em vigor, as empresas podem negociar com trabalhadores a suspens\u00e3o de contratos por at\u00e9 60 dias ou redu\u00e7\u00e3o de jornada e sal\u00e1rios por at\u00e9 90 dias. As medidas tamb\u00e9m podem ser combinadas, desde que juntas n\u00e3o extrapolem os prazos individuais nem a dura\u00e7\u00e3o m\u00e1xima total de tr\u00eas meses.<\/p>\n<p>Em contrapartida, o governo paga um benef\u00edcio de at\u00e9 100% da parcela do seguro-desemprego a que o trabalhador teria direito se fosse demitido, de acordo com a flexibiliza\u00e7\u00e3o negociada no contrato. Inicialmente, o governo prev\u00ea pagar at\u00e9 R$ 51,2 bilh\u00f5es nesses benef\u00edcios, segundo as regras originais e uma previs\u00e3o de 24,5 milh\u00f5es de trabalhadores atingidos.<\/p>\n<p>A prorroga\u00e7\u00e3o, por\u00e9m, \u00e9 dada como inevit\u00e1vel. A suspens\u00e3o de contratos tem sido a modalidade mais acessada pelas empresas, e muitas aderiram logo no in\u00edcio de abril, quando a Medida Provis\u00f3ria (MP) 936, que implementou o programa, foi editada. Isso significa que muitas negocia\u00e7\u00f5es est\u00e3o chegando ao limite de sua validade, sem que haja perspectiva de retomada da economia no curto prazo.<\/p>\n<p>Segundo uma fonte da \u00e1rea econ\u00f4mica, a prorroga\u00e7\u00e3o por pelo menos 60 dias ajudaria a dar f\u00f4lego a essas empresas. Mais da metade s\u00e3o companhias que recolhem pelo Simples Nacional, com receita bruta anual de at\u00e9 R$ 4,8 milh\u00f5es. At\u00e9 agora, as negocia\u00e7\u00f5es j\u00e1 atingem 10,1 milh\u00f5es de trabalhadores com carteira assinada.<\/p>\n<p>A extens\u00e3o seria poss\u00edvel porque a C\u00e2mara inseriu um dispositivo que permite ao Executivo adotar a medida por decreto, sem necessidade de novo aval dos parlamentares, desde que a prorroga\u00e7\u00e3o ocorra dentro do per\u00edodo de calamidade p\u00fablica pela covid-19, que vai at\u00e9 o fim do ano.<\/p>\n<p><strong><span style=\"font-size: 14pt;\">Senado <\/span><\/strong><\/p>\n<p>O governo tentou ontem um acordo no Senado para concluir a vota\u00e7\u00e3o da MP 936, que trata do corte de jornada e sal\u00e1rios, e acelerar seu envio \u00e0 san\u00e7\u00e3o do presidente Jair Bolsonaro (sem partido), sem sucesso. A aprecia\u00e7\u00e3o do texto acabou ficando para a pr\u00f3xima ter\u00e7a-feira. A \u00e1rea econ\u00f4mica teme que empresas cujos prazos para suspens\u00e3o de contrato est\u00e3o chegando ao fim decidam n\u00e3o esperar e demitam parte de seus funcion\u00e1rios.<\/p>\n<p>O relator no Senado, Vanderlan Cardoso (PSD-GO), disse que recebeu sinaliza\u00e7\u00e3o da equipe econ\u00f4mica de que a prorroga\u00e7\u00e3o seria feita aos poucos. &#8220;Se o governo fizer a prorroga\u00e7\u00e3o por decreto, acho que vai ser mensal ou no m\u00e1ximo 60 dias&#8221;, disse. &#8220;Os setores que foram mais prejudicados, como o turismo, precisam disso.&#8221;<\/p>\n<p>O universo de 10 milh\u00f5es de atingidos representa 30% dos trabalhadores formais do setor privado. Segundo dados do IBGE, o Pa\u00eds tinha no trimestre encerrado em abril 33,7 milh\u00f5es de trabalhadores formais, incluindo os dom\u00e9sticos.<\/p>\n<p>O programa foi lan\u00e7ado no come\u00e7o de abril. A MP 936 que criou o chamado Benef\u00edcio Emergencial de Preserva\u00e7\u00e3o do Emprego e da Renda (BEm) prev\u00ea a garantia provis\u00f3ria no emprego por um per\u00edodo igual ao da suspens\u00e3o do contrato ou da redu\u00e7\u00e3o da jornada. Para n\u00e3o perder a validade, ela precisa ser aprovada em at\u00e9 120 dias pelo Congresso Nacional.<\/p>\n<p>Em raz\u00e3o da pandemia, o governo liberou corte de jornada e sal\u00e1rio de 25%, 50% ou de 70% por um prazo m\u00e1ximo de 90 dias. A medida tamb\u00e9m permite a suspens\u00e3o total do contrato de trabalho por at\u00e9 60 dias.<\/p>\n<p>Segundo o \u00faltimo balan\u00e7o do governo, os acordos relacionados \u00e0 suspens\u00e3o de contratos representam a maior fatia, com mais da metade do total (54%), seguido pelos acordos com redu\u00e7\u00e3o de 50% (17,5%) e de redu\u00e7\u00e3o de 25% (13,8%). Entre os setores, o de servi\u00e7os registra o maior n\u00famero de acordos, seguido pelo com\u00e9rcio e ind\u00fastria.<\/p>\n<p><span style=\"font-size: 8pt;\">Fonte UOL, 11\/06\/2020<\/span><\/p>\n","protected":false},"excerpt":{"rendered":"<p>O governo avalia prorrogar o per\u00edodo m\u00e1ximo de redu\u00e7\u00e3o de jornada e sal\u00e1rios ou suspens\u00e3o de contratos de [&hellip;]<\/p>\n","protected":false},"author":2,"featured_media":3937,"comment_status":"open","ping_status":"open","sticky":false,"template":"","format":"standard","meta":{"jetpack_post_was_ever_published":false,"jetpack_publicize_message":"","jetpack_is_tweetstorm":false,"jetpack_publicize_feature_enabled":true,"jetpack_social_post_already_shared":true,"jetpack_social_options":[]},"categories":[1],"tags":[81,73,87,63,107,46,47,53],"jetpack_publicize_connections":[],"acf":[],"yoast_head":"<!-- This site is optimized with the Yoast SEO plugin v19.14 - https:\/\/yoast.com\/wordpress\/plugins\/seo\/ -->\n<title>INFORME BANC\u00c1RIO \u2013 201\/2020 Redu\u00e7\u00e3o de jornada e sal\u00e1rio poder\u00e1 ter prazo ampliado em mais 60 dias - Sindicato dos Banc\u00e1rios de S\u00e3o Bento do Sul e Regi\u00e3o<\/title>\n<meta name=\"robots\" content=\"index, follow, max-snippet:-1, max-image-preview:large, max-video-preview:-1\" \/>\n<link rel=\"canonical\" href=\"https:\/\/sindicatodosbancarios.org.br\/site2022\/2020\/06\/16\/informe-bancario-201-2020-reducao-de-jornada-e-salario-podera-ter-prazo-ampliado-em-mais-60-dias\/\" \/>\n<meta property=\"og:locale\" content=\"pt_BR\" \/>\n<meta property=\"og:type\" content=\"article\" \/>\n<meta property=\"og:title\" content=\"INFORME BANC\u00c1RIO \u2013 201\/2020 Redu\u00e7\u00e3o de jornada e sal\u00e1rio poder\u00e1 ter prazo ampliado em mais 60 dias - Sindicato dos Banc\u00e1rios de S\u00e3o Bento do Sul e Regi\u00e3o\" \/>\n<meta property=\"og:description\" content=\"O governo avalia prorrogar o per\u00edodo m\u00e1ximo de redu\u00e7\u00e3o de jornada e sal\u00e1rios ou suspens\u00e3o de contratos de [&hellip;]\" \/>\n<meta property=\"og:url\" content=\"https:\/\/sindicatodosbancarios.org.br\/site2022\/2020\/06\/16\/informe-bancario-201-2020-reducao-de-jornada-e-salario-podera-ter-prazo-ampliado-em-mais-60-dias\/\" \/>\n<meta property=\"og:site_name\" content=\"Sindicato dos Banc\u00e1rios de S\u00e3o Bento do Sul e Regi\u00e3o\" \/>\n<meta property=\"article:author\" content=\"https:\/\/www.facebook.com\/seeb.sbs.9\" \/>\n<meta property=\"article:published_time\" content=\"2020-06-16T17:43:58+00:00\" \/>\n<meta property=\"og:image\" content=\"https:\/\/sindicatodosbancarios.org.br\/site2022\/wp-content\/uploads\/2020\/06\/maxresdefault-scaled.jpg\" \/>\n\t<meta property=\"og:image:width\" content=\"800\" \/>\n\t<meta property=\"og:image:height\" content=\"450\" \/>\n\t<meta property=\"og:image:type\" content=\"image\/jpeg\" \/>\n<meta name=\"author\" content=\"Sindicato dos Banc\u00e1rios S\u00e3o Bento do Sul e Regi\u00e3o\" \/>\n<meta name=\"twitter:card\" content=\"summary_large_image\" \/>\n<meta name=\"twitter:label1\" content=\"Escrito por\" \/>\n\t<meta name=\"twitter:data1\" content=\"Sindicato dos Banc\u00e1rios S\u00e3o Bento do Sul e Regi\u00e3o\" \/>\n\t<meta name=\"twitter:label2\" content=\"Est. tempo de leitura\" \/>\n\t<meta name=\"twitter:data2\" content=\"4 minutos\" \/>\n<script type=\"application\/ld+json\" class=\"yoast-schema-graph\">{\"@context\":\"https:\/\/schema.org\",\"@graph\":[{\"@type\":\"Article\",\"@id\":\"https:\/\/sindicatodosbancarios.org.br\/site2022\/2020\/06\/16\/informe-bancario-201-2020-reducao-de-jornada-e-salario-podera-ter-prazo-ampliado-em-mais-60-dias\/#article\",\"isPartOf\":{\"@id\":\"https:\/\/sindicatodosbancarios.org.br\/site2022\/2020\/06\/16\/informe-bancario-201-2020-reducao-de-jornada-e-salario-podera-ter-prazo-ampliado-em-mais-60-dias\/\"},\"author\":{\"name\":\"Sindicato dos Banc\u00e1rios S\u00e3o Bento do Sul e Regi\u00e3o\",\"@id\":\"https:\/\/sindicatodosbancarios.org.br\/site2022\/#\/schema\/person\/a7d92da77d1084df4d28b57962f1e1bd\"},\"headline\":\"INFORME BANC\u00c1RIO \u2013 201\/2020 Redu\u00e7\u00e3o de jornada e sal\u00e1rio poder\u00e1 ter prazo ampliado em mais 60 dias\",\"datePublished\":\"2020-06-16T17:43:58+00:00\",\"dateModified\":\"2020-06-16T17:43:58+00:00\",\"mainEntityOfPage\":{\"@id\":\"https:\/\/sindicatodosbancarios.org.br\/site2022\/2020\/06\/16\/informe-bancario-201-2020-reducao-de-jornada-e-salario-podera-ter-prazo-ampliado-em-mais-60-dias\/\"},\"wordCount\":787,\"commentCount\":0,\"publisher\":{\"@id\":\"https:\/\/sindicatodosbancarios.org.br\/site2022\/#organization\"},\"keywords\":[\"ACORDO\",\"CORONAV\u00cdRUS\",\"CRISE\",\"MERCADO DE TRABALHO\",\"PANDEMIA\",\"sindicato\",\"sindicato dos bancarios\",\"sindicato dos banc\u00e1rios de s\u00e3o bento do sul\"],\"articleSection\":[\"Geral\"],\"inLanguage\":\"pt-BR\",\"potentialAction\":[{\"@type\":\"CommentAction\",\"name\":\"Comment\",\"target\":[\"https:\/\/sindicatodosbancarios.org.br\/site2022\/2020\/06\/16\/informe-bancario-201-2020-reducao-de-jornada-e-salario-podera-ter-prazo-ampliado-em-mais-60-dias\/#respond\"]}]},{\"@type\":\"WebPage\",\"@id\":\"https:\/\/sindicatodosbancarios.org.br\/site2022\/2020\/06\/16\/informe-bancario-201-2020-reducao-de-jornada-e-salario-podera-ter-prazo-ampliado-em-mais-60-dias\/\",\"url\":\"https:\/\/sindicatodosbancarios.org.br\/site2022\/2020\/06\/16\/informe-bancario-201-2020-reducao-de-jornada-e-salario-podera-ter-prazo-ampliado-em-mais-60-dias\/\",\"name\":\"INFORME BANC\u00c1RIO \u2013 201\/2020 Redu\u00e7\u00e3o de jornada e sal\u00e1rio poder\u00e1 ter prazo ampliado em mais 60 dias - Sindicato dos Banc\u00e1rios de S\u00e3o Bento do Sul e Regi\u00e3o\",\"isPartOf\":{\"@id\":\"https:\/\/sindicatodosbancarios.org.br\/site2022\/#website\"},\"datePublished\":\"2020-06-16T17:43:58+00:00\",\"dateModified\":\"2020-06-16T17:43:58+00:00\",\"breadcrumb\":{\"@id\":\"https:\/\/sindicatodosbancarios.org.br\/site2022\/2020\/06\/16\/informe-bancario-201-2020-reducao-de-jornada-e-salario-podera-ter-prazo-ampliado-em-mais-60-dias\/#breadcrumb\"},\"inLanguage\":\"pt-BR\",\"potentialAction\":[{\"@type\":\"ReadAction\",\"target\":[\"https:\/\/sindicatodosbancarios.org.br\/site2022\/2020\/06\/16\/informe-bancario-201-2020-reducao-de-jornada-e-salario-podera-ter-prazo-ampliado-em-mais-60-dias\/\"]}]},{\"@type\":\"BreadcrumbList\",\"@id\":\"https:\/\/sindicatodosbancarios.org.br\/site2022\/2020\/06\/16\/informe-bancario-201-2020-reducao-de-jornada-e-salario-podera-ter-prazo-ampliado-em-mais-60-dias\/#breadcrumb\",\"itemListElement\":[{\"@type\":\"ListItem\",\"position\":1,\"name\":\"In\u00edcio\",\"item\":\"https:\/\/sindicatodosbancarios.org.br\/site2022\/\"},{\"@type\":\"ListItem\",\"position\":2,\"name\":\"INFORME BANC\u00c1RIO \u2013 201\/2020 Redu\u00e7\u00e3o de jornada e sal\u00e1rio poder\u00e1 ter prazo ampliado em mais 60 dias\"}]},{\"@type\":\"WebSite\",\"@id\":\"https:\/\/sindicatodosbancarios.org.br\/site2022\/#website\",\"url\":\"https:\/\/sindicatodosbancarios.org.br\/site2022\/\",\"name\":\"Sindicato dos Banc\u00e1rios de S\u00e3o Bento do Sul e Regi\u00e3o\",\"description\":\"Website institucional do Sindicato dos Banc\u00e1rios de S\u00e3o Bento do Sul e Regi\u00e3o\",\"publisher\":{\"@id\":\"https:\/\/sindicatodosbancarios.org.br\/site2022\/#organization\"},\"potentialAction\":[{\"@type\":\"SearchAction\",\"target\":{\"@type\":\"EntryPoint\",\"urlTemplate\":\"https:\/\/sindicatodosbancarios.org.br\/site2022\/?s={search_term_string}\"},\"query-input\":\"required name=search_term_string\"}],\"inLanguage\":\"pt-BR\"},{\"@type\":\"Organization\",\"@id\":\"https:\/\/sindicatodosbancarios.org.br\/site2022\/#organization\",\"name\":\"Sindicato dos Banc\u00e1rios de S\u00e3o Bento do Sul e Regi\u00e3o\",\"url\":\"https:\/\/sindicatodosbancarios.org.br\/site2022\/\",\"logo\":{\"@type\":\"ImageObject\",\"inLanguage\":\"pt-BR\",\"@id\":\"https:\/\/sindicatodosbancarios.org.br\/site2022\/#\/schema\/logo\/image\/\",\"url\":\"https:\/\/sindicatodosbancarios.org.br\/site2022\/wp-content\/uploads\/2017\/06\/cropped-logo-2.png\",\"contentUrl\":\"https:\/\/sindicatodosbancarios.org.br\/site2022\/wp-content\/uploads\/2017\/06\/cropped-logo-2.png\",\"width\":292,\"height\":292,\"caption\":\"Sindicato dos Banc\u00e1rios de S\u00e3o Bento do Sul e Regi\u00e3o\"},\"image\":{\"@id\":\"https:\/\/sindicatodosbancarios.org.br\/site2022\/#\/schema\/logo\/image\/\"}},{\"@type\":\"Person\",\"@id\":\"https:\/\/sindicatodosbancarios.org.br\/site2022\/#\/schema\/person\/a7d92da77d1084df4d28b57962f1e1bd\",\"name\":\"Sindicato dos Banc\u00e1rios S\u00e3o Bento do Sul e Regi\u00e3o\",\"image\":{\"@type\":\"ImageObject\",\"inLanguage\":\"pt-BR\",\"@id\":\"https:\/\/sindicatodosbancarios.org.br\/site2022\/#\/schema\/person\/image\/\",\"url\":\"https:\/\/secure.gravatar.com\/avatar\/f1d1a06f698f2345352e539387180d42?s=96&d=mm&r=g\",\"contentUrl\":\"https:\/\/secure.gravatar.com\/avatar\/f1d1a06f698f2345352e539387180d42?s=96&d=mm&r=g\",\"caption\":\"Sindicato dos Banc\u00e1rios S\u00e3o Bento do Sul e Regi\u00e3o\"},\"sameAs\":[\"http:\/\/sindicatodosbancarios.org.br\/site2022\/\",\"https:\/\/www.facebook.com\/seeb.sbs.9\"],\"url\":\"https:\/\/sindicatodosbancarios.org.br\/site2022\/author\/sindicatodosbancarios\/\"}]}<\/script>\n<!-- \/ Yoast SEO plugin. -->","yoast_head_json":{"title":"INFORME BANC\u00c1RIO \u2013 201\/2020 Redu\u00e7\u00e3o de jornada e sal\u00e1rio poder\u00e1 ter prazo ampliado em mais 60 dias - Sindicato dos Banc\u00e1rios de S\u00e3o Bento do Sul e Regi\u00e3o","robots":{"index":"index","follow":"follow","max-snippet":"max-snippet:-1","max-image-preview":"max-image-preview:large","max-video-preview":"max-video-preview:-1"},"canonical":"https:\/\/sindicatodosbancarios.org.br\/site2022\/2020\/06\/16\/informe-bancario-201-2020-reducao-de-jornada-e-salario-podera-ter-prazo-ampliado-em-mais-60-dias\/","og_locale":"pt_BR","og_type":"article","og_title":"INFORME BANC\u00c1RIO \u2013 201\/2020 Redu\u00e7\u00e3o de jornada e sal\u00e1rio poder\u00e1 ter prazo ampliado em mais 60 dias - Sindicato dos Banc\u00e1rios de S\u00e3o Bento do Sul e Regi\u00e3o","og_description":"O governo avalia prorrogar o per\u00edodo m\u00e1ximo de redu\u00e7\u00e3o de jornada e sal\u00e1rios ou suspens\u00e3o de contratos de [&hellip;]","og_url":"https:\/\/sindicatodosbancarios.org.br\/site2022\/2020\/06\/16\/informe-bancario-201-2020-reducao-de-jornada-e-salario-podera-ter-prazo-ampliado-em-mais-60-dias\/","og_site_name":"Sindicato dos Banc\u00e1rios de S\u00e3o Bento do Sul e Regi\u00e3o","article_author":"https:\/\/www.facebook.com\/seeb.sbs.9","article_published_time":"2020-06-16T17:43:58+00:00","og_image":[{"width":800,"height":450,"url":"https:\/\/sindicatodosbancarios.org.br\/site2022\/wp-content\/uploads\/2020\/06\/maxresdefault-scaled.jpg","type":"image\/jpeg"}],"author":"Sindicato dos Banc\u00e1rios S\u00e3o Bento do Sul e Regi\u00e3o","twitter_card":"summary_large_image","twitter_misc":{"Escrito por":"Sindicato dos Banc\u00e1rios S\u00e3o Bento do Sul e Regi\u00e3o","Est. tempo de leitura":"4 minutos"},"schema":{"@context":"https:\/\/schema.org","@graph":[{"@type":"Article","@id":"https:\/\/sindicatodosbancarios.org.br\/site2022\/2020\/06\/16\/informe-bancario-201-2020-reducao-de-jornada-e-salario-podera-ter-prazo-ampliado-em-mais-60-dias\/#article","isPartOf":{"@id":"https:\/\/sindicatodosbancarios.org.br\/site2022\/2020\/06\/16\/informe-bancario-201-2020-reducao-de-jornada-e-salario-podera-ter-prazo-ampliado-em-mais-60-dias\/"},"author":{"name":"Sindicato dos Banc\u00e1rios S\u00e3o Bento do Sul e Regi\u00e3o","@id":"https:\/\/sindicatodosbancarios.org.br\/site2022\/#\/schema\/person\/a7d92da77d1084df4d28b57962f1e1bd"},"headline":"INFORME BANC\u00c1RIO \u2013 201\/2020 Redu\u00e7\u00e3o de jornada e sal\u00e1rio poder\u00e1 ter prazo ampliado em mais 60 dias","datePublished":"2020-06-16T17:43:58+00:00","dateModified":"2020-06-16T17:43:58+00:00","mainEntityOfPage":{"@id":"https:\/\/sindicatodosbancarios.org.br\/site2022\/2020\/06\/16\/informe-bancario-201-2020-reducao-de-jornada-e-salario-podera-ter-prazo-ampliado-em-mais-60-dias\/"},"wordCount":787,"commentCount":0,"publisher":{"@id":"https:\/\/sindicatodosbancarios.org.br\/site2022\/#organization"},"keywords":["ACORDO","CORONAV\u00cdRUS","CRISE","MERCADO DE TRABALHO","PANDEMIA","sindicato","sindicato dos bancarios","sindicato dos banc\u00e1rios de s\u00e3o bento do sul"],"articleSection":["Geral"],"inLanguage":"pt-BR","potentialAction":[{"@type":"CommentAction","name":"Comment","target":["https:\/\/sindicatodosbancarios.org.br\/site2022\/2020\/06\/16\/informe-bancario-201-2020-reducao-de-jornada-e-salario-podera-ter-prazo-ampliado-em-mais-60-dias\/#respond"]}]},{"@type":"WebPage","@id":"https:\/\/sindicatodosbancarios.org.br\/site2022\/2020\/06\/16\/informe-bancario-201-2020-reducao-de-jornada-e-salario-podera-ter-prazo-ampliado-em-mais-60-dias\/","url":"https:\/\/sindicatodosbancarios.org.br\/site2022\/2020\/06\/16\/informe-bancario-201-2020-reducao-de-jornada-e-salario-podera-ter-prazo-ampliado-em-mais-60-dias\/","name":"INFORME BANC\u00c1RIO \u2013 201\/2020 Redu\u00e7\u00e3o de jornada e sal\u00e1rio poder\u00e1 ter prazo ampliado em mais 60 dias - Sindicato dos Banc\u00e1rios de S\u00e3o Bento do Sul e Regi\u00e3o","isPartOf":{"@id":"https:\/\/sindicatodosbancarios.org.br\/site2022\/#website"},"datePublished":"2020-06-16T17:43:58+00:00","dateModified":"2020-06-16T17:43:58+00:00","breadcrumb":{"@id":"https:\/\/sindicatodosbancarios.org.br\/site2022\/2020\/06\/16\/informe-bancario-201-2020-reducao-de-jornada-e-salario-podera-ter-prazo-ampliado-em-mais-60-dias\/#breadcrumb"},"inLanguage":"pt-BR","potentialAction":[{"@type":"ReadAction","target":["https:\/\/sindicatodosbancarios.org.br\/site2022\/2020\/06\/16\/informe-bancario-201-2020-reducao-de-jornada-e-salario-podera-ter-prazo-ampliado-em-mais-60-dias\/"]}]},{"@type":"BreadcrumbList","@id":"https:\/\/sindicatodosbancarios.org.br\/site2022\/2020\/06\/16\/informe-bancario-201-2020-reducao-de-jornada-e-salario-podera-ter-prazo-ampliado-em-mais-60-dias\/#breadcrumb","itemListElement":[{"@type":"ListItem","position":1,"name":"In\u00edcio","item":"https:\/\/sindicatodosbancarios.org.br\/site2022\/"},{"@type":"ListItem","position":2,"name":"INFORME BANC\u00c1RIO \u2013 201\/2020 Redu\u00e7\u00e3o de jornada e sal\u00e1rio poder\u00e1 ter prazo ampliado em mais 60 dias"}]},{"@type":"WebSite","@id":"https:\/\/sindicatodosbancarios.org.br\/site2022\/#website","url":"https:\/\/sindicatodosbancarios.org.br\/site2022\/","name":"Sindicato dos Banc\u00e1rios de S\u00e3o Bento do Sul e Regi\u00e3o","description":"Website institucional do Sindicato dos Banc\u00e1rios de S\u00e3o Bento do Sul e Regi\u00e3o","publisher":{"@id":"https:\/\/sindicatodosbancarios.org.br\/site2022\/#organization"},"potentialAction":[{"@type":"SearchAction","target":{"@type":"EntryPoint","urlTemplate":"https:\/\/sindicatodosbancarios.org.br\/site2022\/?s={search_term_string}"},"query-input":"required name=search_term_string"}],"inLanguage":"pt-BR"},{"@type":"Organization","@id":"https:\/\/sindicatodosbancarios.org.br\/site2022\/#organization","name":"Sindicato dos Banc\u00e1rios de S\u00e3o Bento do Sul e Regi\u00e3o","url":"https:\/\/sindicatodosbancarios.org.br\/site2022\/","logo":{"@type":"ImageObject","inLanguage":"pt-BR","@id":"https:\/\/sindicatodosbancarios.org.br\/site2022\/#\/schema\/logo\/image\/","url":"https:\/\/sindicatodosbancarios.org.br\/site2022\/wp-content\/uploads\/2017\/06\/cropped-logo-2.png","contentUrl":"https:\/\/sindicatodosbancarios.org.br\/site2022\/wp-content\/uploads\/2017\/06\/cropped-logo-2.png","width":292,"height":292,"caption":"Sindicato dos Banc\u00e1rios de S\u00e3o Bento do Sul e Regi\u00e3o"},"image":{"@id":"https:\/\/sindicatodosbancarios.org.br\/site2022\/#\/schema\/logo\/image\/"}},{"@type":"Person","@id":"https:\/\/sindicatodosbancarios.org.br\/site2022\/#\/schema\/person\/a7d92da77d1084df4d28b57962f1e1bd","name":"Sindicato dos Banc\u00e1rios S\u00e3o Bento do Sul e Regi\u00e3o","image":{"@type":"ImageObject","inLanguage":"pt-BR","@id":"https:\/\/sindicatodosbancarios.org.br\/site2022\/#\/schema\/person\/image\/","url":"https:\/\/secure.gravatar.com\/avatar\/f1d1a06f698f2345352e539387180d42?s=96&d=mm&r=g","contentUrl":"https:\/\/secure.gravatar.com\/avatar\/f1d1a06f698f2345352e539387180d42?s=96&d=mm&r=g","caption":"Sindicato dos Banc\u00e1rios S\u00e3o Bento do Sul e Regi\u00e3o"},"sameAs":["http:\/\/sindicatodosbancarios.org.br\/site2022\/","https:\/\/www.facebook.com\/seeb.sbs.9"],"url":"https:\/\/sindicatodosbancarios.org.br\/site2022\/author\/sindicatodosbancarios\/"}]}},"jetpack_featured_media_url":"https:\/\/sindicatodosbancarios.org.br\/site2022\/wp-content\/uploads\/2020\/06\/maxresdefault-scaled.jpg","jetpack_sharing_enabled":true,"jetpack_shortlink":"https:\/\/wp.me\/p8RSbI-11u","jetpack-related-posts":[{"id":4950,"url":"https:\/\/sindicatodosbancarios.org.br\/site2022\/2021\/01\/04\/informe-bancario-481-2020-contrato-suspenso-e-o-trabalho-continua-funcionario-pode-processar-empresa\/","url_meta":{"origin":3936,"position":0},"title":"INFORME BANC\u00c1RIO \u2013 03\/2021 Contrato suspenso e o trabalho continua? Funcion\u00e1rio pode processar empresa","date":"4 de janeiro de 2021","format":false,"excerpt":"O prazo de suspens\u00e3o de contratos e redu\u00e7\u00e3o de jornada pode se estender? Como lidar com fraudes nos acordos? Advogados respondem Com o final do ano, o dia 31 de dezembro marca uma data diferente para milh\u00f5es de trabalhadores: o fim do estado de calamidade p\u00fablica por causa da\u00a0covid-19\u00a0e, junto\u2026","rel":"","context":"Em &quot;Geral&quot;","img":{"alt_text":"","src":"https:\/\/i0.wp.com\/sindicatodosbancarios.org.br\/site2022\/wp-content\/uploads\/2021\/01\/gettyimages-1164172295.jpg?resize=350%2C200&ssl=1","width":350,"height":200},"classes":[]},{"id":4524,"url":"https:\/\/sindicatodosbancarios.org.br\/site2022\/2020\/09\/21\/informe-bancario-358-2020-bradesco-fecha-acordo-sobre-trabalho-remoto-com-funcionarios\/","url_meta":{"origin":3936,"position":1},"title":"INFORME BANC\u00c1RIO \u2013 358\/2020 Bradesco fecha acordo sobre trabalho remoto com funcion\u00e1rios","date":"21 de setembro de 2020","format":false,"excerpt":"O Banco Bradesco chegou a um acordo com seus funcion\u00e1rios para adotar permanentemente o trabalho remoto, disse um executivo de recursos humanos do banco. O acordo, apoiado pelo sindicato dos banc\u00e1rios, prev\u00ea que as pessoas possam ser alocadas para trabalhar de casa por quantos dias cada trabalhador e o Bradesco\u2026","rel":"","context":"Em &quot;Bradesco\/HSBC&quot;","img":{"alt_text":"","src":"https:\/\/i0.wp.com\/sindicatodosbancarios.org.br\/site2022\/wp-content\/uploads\/2020\/06\/281211bradesco07.jpg?resize=350%2C200&ssl=1","width":350,"height":200},"classes":[]},{"id":5276,"url":"https:\/\/sindicatodosbancarios.org.br\/site2022\/2021\/03\/29\/informe-bancarios-91-2021-sindicato-conquistou-avancos-nos-feriados-confira-banco-a-banco\/","url_meta":{"origin":3936,"position":2},"title":"INFORME BANC\u00c1RIOS \u2013 91\/2021 Sindicato conquistou avan\u00e7os nos feriados. Confira banco a banco","date":"29 de mar\u00e7o de 2021","format":false,"excerpt":"Bancos funcionar\u00e3o nos feriados antecipados, mas Sindicato negociou com cada um medidas positivas para os trabalhadores, como redu\u00e7\u00e3o do n\u00famero de empregados no presencial e do funcionamento das ag\u00eancias, entre outras. Confira banco a banco Sindicato negocia com Ita\u00fa pontua\u00e7\u00e3o m\u00ednima no Gera na antecipa\u00e7\u00e3o dos feriados Ag\u00eancias e departamentos\u2026","rel":"","context":"Em &quot;Banco do Brasil&quot;","img":{"alt_text":"","src":"https:\/\/i0.wp.com\/sindicatodosbancarios.org.br\/site2022\/wp-content\/uploads\/2020\/12\/investimento-em-bancos.jpg?resize=350%2C200&ssl=1","width":350,"height":200},"classes":[]},{"id":4811,"url":"https:\/\/sindicatodosbancarios.org.br\/site2022\/2020\/11\/23\/informe-bancario-441-2020-13o-salario-governo-define-pagamento-para-quem-teve-jornada-reduzida-ou-contrato-suspenso\/","url_meta":{"origin":3936,"position":3},"title":"INFORME BANC\u00c1RIO \u2013 441\/2020 13\u00ba sal\u00e1rio: Governo define pagamento para quem teve jornada reduzida ou contrato suspenso","date":"23 de novembro de 2020","format":false,"excerpt":"Regra deve ser observada principalmente nos casos em que os trabalhadores estiverem trabalhando em jornada reduzida no m\u00eas de dezembro. Nesta \u00faltima ter\u00e7a-feira, 17, a Secretaria Especial de Previd\u00eancia e Trabalho afirmou que o valor do\u00a013\u00ba sal\u00e1rio\u00a0e das f\u00e9rias de trabalhadores que tiveram jornadas e sal\u00e1rios parcialmente reduzidos ter\u00e3o parcelas\u2026","rel":"","context":"Em &quot;Geral&quot;","img":{"alt_text":"","src":"https:\/\/i0.wp.com\/sindicatodosbancarios.org.br\/site2022\/wp-content\/uploads\/2020\/11\/clt-carteira-de-trabalho-coronavirus-emprego-1593194855519_v2_900x506.jpg?resize=350%2C200&ssl=1","width":350,"height":200},"classes":[]},{"id":4673,"url":"https:\/\/sindicatodosbancarios.org.br\/site2022\/2020\/10\/23\/informe-bancario-400-2020-reforma-administrativa-proposta-que-preve-demissao-de-concursados-deve-ficar-para-2021\/","url_meta":{"origin":3936,"position":4},"title":"INFORME BANC\u00c1RIO \u2013 400\/2020 Reforma Administrativa: Proposta que prev\u00ea demiss\u00e3o de concursados deve ficar para 2021","date":"23 de outubro de 2020","format":false,"excerpt":"Por causa das elei\u00e7\u00f5es municipais, o legislativo n\u00e3o ter\u00e1 tempo de votar o projeto que prev\u00ea mudan\u00e7as significativas no funcionalismo p\u00fablico. A\u00a0Reforma Administrativa,\u00a0que prev\u00ea mudan\u00e7as significativas no funcionalismo p\u00fablico, s\u00f3 deve ser votada no in\u00edcio de 2021. A informa\u00e7\u00e3o foi confirmada pelo\u00a0presidente da C\u00e2mara dos Deputados, Rodrigo Maia (DEM-RJ), que\u2026","rel":"","context":"Em &quot;Geral&quot;","img":{"alt_text":"","src":"https:\/\/i0.wp.com\/sindicatodosbancarios.org.br\/site2022\/wp-content\/uploads\/2020\/10\/reforma_administrativa.jpg?resize=350%2C200&ssl=1","width":350,"height":200},"classes":[]},{"id":5420,"url":"https:\/\/sindicatodosbancarios.org.br\/site2022\/2021\/06\/01\/informe-bancario-131-2021-fgts-inss-ferias-e-13o-o-que-muda-com-a-reducao-de-jornada-e-suspensao-dos-contratos-de-trabalho\/","url_meta":{"origin":3936,"position":5},"title":"INFORME BANC\u00c1RIO \u2013 131\/2021 FGTS, INSS, f\u00e9rias e 13\u00ba: o que muda com a redu\u00e7\u00e3o de jornada e suspens\u00e3o dos contratos de trabalho","date":"1 de junho de 2021","format":false,"excerpt":"Recolhimento do FGTS, por exemplo, passa a ser calculado sobre o sal\u00e1rio reduzido em casos de diminui\u00e7\u00e3o de jornada. O governo relan\u00e7ou, no final de abril, duas Medidas Provis\u00f3rias (MPs) que permitem a\u00a0redu\u00e7\u00e3o da jornada e a suspens\u00e3o dos contratos de trabalho\u00a0e trazem medidas que\u00a0flexibilizam regras trabalhistas referentes a direitos\u2026","rel":"","context":"Em &quot;Geral&quot;","img":{"alt_text":"","src":"https:\/\/i0.wp.com\/sindicatodosbancarios.org.br\/site2022\/wp-content\/uploads\/2020\/11\/Justificando-Ventura-Pedroza-Carteira-de-trabalho-coronavirus.png?resize=350%2C200&ssl=1","width":350,"height":200},"classes":[]}],"_links":{"self":[{"href":"https:\/\/sindicatodosbancarios.org.br\/site2022\/wp-json\/wp\/v2\/posts\/3936"}],"collection":[{"href":"https:\/\/sindicatodosbancarios.org.br\/site2022\/wp-json\/wp\/v2\/posts"}],"about":[{"href":"https:\/\/sindicatodosbancarios.org.br\/site2022\/wp-json\/wp\/v2\/types\/post"}],"author":[{"embeddable":true,"href":"https:\/\/sindicatodosbancarios.org.br\/site2022\/wp-json\/wp\/v2\/users\/2"}],"replies":[{"embeddable":true,"href":"https:\/\/sindicatodosbancarios.org.br\/site2022\/wp-json\/wp\/v2\/comments?post=3936"}],"version-history":[{"count":1,"href":"https:\/\/sindicatodosbancarios.org.br\/site2022\/wp-json\/wp\/v2\/posts\/3936\/revisions"}],"predecessor-version":[{"id":3938,"href":"https:\/\/sindicatodosbancarios.org.br\/site2022\/wp-json\/wp\/v2\/posts\/3936\/revisions\/3938"}],"wp:featuredmedia":[{"embeddable":true,"href":"https:\/\/sindicatodosbancarios.org.br\/site2022\/wp-json\/wp\/v2\/media\/3937"}],"wp:attachment":[{"href":"https:\/\/sindicatodosbancarios.org.br\/site2022\/wp-json\/wp\/v2\/media?parent=3936"}],"wp:term":[{"taxonomy":"category","embeddable":true,"href":"https:\/\/sindicatodosbancarios.org.br\/site2022\/wp-json\/wp\/v2\/categories?post=3936"},{"taxonomy":"post_tag","embeddable":true,"href":"https:\/\/sindicatodosbancarios.org.br\/site2022\/wp-json\/wp\/v2\/tags?post=3936"}],"curies":[{"name":"wp","href":"https:\/\/api.w.org\/{rel}","templated":true}]}}