{"id":3951,"date":"2020-06-17T14:48:38","date_gmt":"2020-06-17T17:48:38","guid":{"rendered":"https:\/\/sindicatodosbancarios.org.br\/?p=3951"},"modified":"2020-06-17T14:48:38","modified_gmt":"2020-06-17T17:48:38","slug":"informe-bancario-204-2020-coronavirus-acoes-trabalhistas-ligadas-a-pandemia-chegam-a-quase-r-2-bi","status":"publish","type":"post","link":"https:\/\/sindicatodosbancarios.org.br\/site2022\/2020\/06\/17\/informe-bancario-204-2020-coronavirus-acoes-trabalhistas-ligadas-a-pandemia-chegam-a-quase-r-2-bi\/","title":{"rendered":"INFORME BANC\u00c1RIO \u2013 204\/2020 Coronav\u00edrus: a\u00e7\u00f5es trabalhistas ligadas \u00e0 pandemia chegam a quase R$ 2 bi"},"content":{"rendered":"<p>As a\u00e7\u00f5es trabalhistas relacionadas \u00e0 pandemia de <strong>coronav\u00edrus<\/strong> est\u00e3o perto de bater a marca de R$ 2 bilh\u00f5es.<\/p>\n<p>O dado \u00e9 do <strong>Term\u00f4metro covid-19 da Justi\u00e7a do Trabalho<\/strong>, que permite a visualiza\u00e7\u00e3o em tempo real dos processos que citam, em suas peti\u00e7\u00f5es iniciais, as palavras &#8220;covid-19&#8221;, &#8220;coronav\u00edrus&#8221; ou &#8220;pandemia.<\/p>\n<p>Segundo a ferramenta, at\u00e9 a tarde de hoje a Justi\u00e7a do Trabalho acumulava 35.703 processos com valor estimado em R$ 1,99 bilh\u00e3o.<\/p>\n<p>O valor m\u00e9dio de cada processo \u00e9 de R$ 55 mil e a maior parte das a\u00e7\u00f5es corre no Estado de S\u00e3o Paulo (19%). Na sequ\u00eancia est\u00e3o os estados de Minas Gerais (11,8%) e Rio de Janeiro (8,2%). A unidade com menor n\u00famero de a\u00e7\u00f5es \u00e9 Roraima (0,11%).<\/p>\n<p>A ind\u00fastria de transforma\u00e7\u00e3o \u00e9 o setor campe\u00e3o em n\u00famero de casos, seguido por com\u00e9rcio, repara\u00e7\u00e3o de ve\u00edculos e atividades financeiras.<\/p>\n<p><span style=\"font-size: 8pt;\">Fonte UOL, 11\/06\/2020<\/span><\/p>\n","protected":false},"excerpt":{"rendered":"<p>As a\u00e7\u00f5es trabalhistas relacionadas \u00e0 pandemia de coronav\u00edrus est\u00e3o perto de bater a marca de R$ 2 bilh\u00f5es. [&hellip;]<\/p>\n","protected":false},"author":2,"featured_media":3952,"comment_status":"open","ping_status":"open","sticky":false,"template":"","format":"standard","meta":{"jetpack_post_was_ever_published":false,"jetpack_publicize_message":"","jetpack_is_tweetstorm":false,"jetpack_publicize_feature_enabled":true,"jetpack_social_post_already_shared":true,"jetpack_social_options":[]},"categories":[1],"tags":[73,87,63,107,46,47,53],"jetpack_publicize_connections":[],"acf":[],"yoast_head":"<!-- This site is optimized with the Yoast SEO plugin v19.14 - https:\/\/yoast.com\/wordpress\/plugins\/seo\/ -->\n<title>INFORME BANC\u00c1RIO \u2013 204\/2020 Coronav\u00edrus: a\u00e7\u00f5es trabalhistas ligadas \u00e0 pandemia chegam a quase R$ 2 bi - Sindicato dos Banc\u00e1rios de S\u00e3o Bento do Sul e Regi\u00e3o<\/title>\n<meta name=\"robots\" content=\"index, follow, max-snippet:-1, max-image-preview:large, max-video-preview:-1\" \/>\n<link rel=\"canonical\" href=\"https:\/\/sindicatodosbancarios.org.br\/site2022\/2020\/06\/17\/informe-bancario-204-2020-coronavirus-acoes-trabalhistas-ligadas-a-pandemia-chegam-a-quase-r-2-bi\/\" \/>\n<meta property=\"og:locale\" content=\"pt_BR\" \/>\n<meta property=\"og:type\" content=\"article\" \/>\n<meta property=\"og:title\" content=\"INFORME BANC\u00c1RIO \u2013 204\/2020 Coronav\u00edrus: a\u00e7\u00f5es trabalhistas ligadas \u00e0 pandemia chegam a quase R$ 2 bi - Sindicato dos Banc\u00e1rios de S\u00e3o Bento do Sul e Regi\u00e3o\" \/>\n<meta property=\"og:description\" content=\"As a\u00e7\u00f5es trabalhistas relacionadas \u00e0 pandemia de coronav\u00edrus est\u00e3o perto de bater a marca de R$ 2 bilh\u00f5es. [&hellip;]\" \/>\n<meta property=\"og:url\" content=\"https:\/\/sindicatodosbancarios.org.br\/site2022\/2020\/06\/17\/informe-bancario-204-2020-coronavirus-acoes-trabalhistas-ligadas-a-pandemia-chegam-a-quase-r-2-bi\/\" \/>\n<meta property=\"og:site_name\" content=\"Sindicato dos Banc\u00e1rios de S\u00e3o Bento do Sul e Regi\u00e3o\" \/>\n<meta property=\"article:author\" content=\"https:\/\/www.facebook.com\/seeb.sbs.9\" \/>\n<meta property=\"article:published_time\" content=\"2020-06-17T17:48:38+00:00\" \/>\n<meta property=\"og:image\" content=\"https:\/\/sindicatodosbancarios.org.br\/site2022\/wp-content\/uploads\/2020\/06\/advogado-trabalhista-b.png\" \/>\n\t<meta property=\"og:image:width\" content=\"945\" \/>\n\t<meta property=\"og:image:height\" content=\"462\" \/>\n\t<meta property=\"og:image:type\" content=\"image\/png\" \/>\n<meta name=\"author\" content=\"Sindicato dos Banc\u00e1rios S\u00e3o Bento do Sul e Regi\u00e3o\" \/>\n<meta name=\"twitter:card\" content=\"summary_large_image\" \/>\n<meta name=\"twitter:label1\" content=\"Escrito por\" \/>\n\t<meta name=\"twitter:data1\" content=\"Sindicato dos Banc\u00e1rios S\u00e3o Bento do Sul e Regi\u00e3o\" \/>\n\t<meta name=\"twitter:label2\" content=\"Est. tempo de leitura\" \/>\n\t<meta name=\"twitter:data2\" content=\"1 minuto\" \/>\n<script type=\"application\/ld+json\" class=\"yoast-schema-graph\">{\"@context\":\"https:\/\/schema.org\",\"@graph\":[{\"@type\":\"Article\",\"@id\":\"https:\/\/sindicatodosbancarios.org.br\/site2022\/2020\/06\/17\/informe-bancario-204-2020-coronavirus-acoes-trabalhistas-ligadas-a-pandemia-chegam-a-quase-r-2-bi\/#article\",\"isPartOf\":{\"@id\":\"https:\/\/sindicatodosbancarios.org.br\/site2022\/2020\/06\/17\/informe-bancario-204-2020-coronavirus-acoes-trabalhistas-ligadas-a-pandemia-chegam-a-quase-r-2-bi\/\"},\"author\":{\"name\":\"Sindicato dos Banc\u00e1rios S\u00e3o Bento do Sul e Regi\u00e3o\",\"@id\":\"https:\/\/sindicatodosbancarios.org.br\/site2022\/#\/schema\/person\/a7d92da77d1084df4d28b57962f1e1bd\"},\"headline\":\"INFORME BANC\u00c1RIO \u2013 204\/2020 Coronav\u00edrus: a\u00e7\u00f5es trabalhistas ligadas \u00e0 pandemia chegam a quase R$ 2 bi\",\"datePublished\":\"2020-06-17T17:48:38+00:00\",\"dateModified\":\"2020-06-17T17:48:38+00:00\",\"mainEntityOfPage\":{\"@id\":\"https:\/\/sindicatodosbancarios.org.br\/site2022\/2020\/06\/17\/informe-bancario-204-2020-coronavirus-acoes-trabalhistas-ligadas-a-pandemia-chegam-a-quase-r-2-bi\/\"},\"wordCount\":169,\"commentCount\":0,\"publisher\":{\"@id\":\"https:\/\/sindicatodosbancarios.org.br\/site2022\/#organization\"},\"keywords\":[\"CORONAV\u00cdRUS\",\"CRISE\",\"MERCADO DE TRABALHO\",\"PANDEMIA\",\"sindicato\",\"sindicato dos bancarios\",\"sindicato dos banc\u00e1rios de s\u00e3o bento do sul\"],\"articleSection\":[\"Geral\"],\"inLanguage\":\"pt-BR\",\"potentialAction\":[{\"@type\":\"CommentAction\",\"name\":\"Comment\",\"target\":[\"https:\/\/sindicatodosbancarios.org.br\/site2022\/2020\/06\/17\/informe-bancario-204-2020-coronavirus-acoes-trabalhistas-ligadas-a-pandemia-chegam-a-quase-r-2-bi\/#respond\"]}]},{\"@type\":\"WebPage\",\"@id\":\"https:\/\/sindicatodosbancarios.org.br\/site2022\/2020\/06\/17\/informe-bancario-204-2020-coronavirus-acoes-trabalhistas-ligadas-a-pandemia-chegam-a-quase-r-2-bi\/\",\"url\":\"https:\/\/sindicatodosbancarios.org.br\/site2022\/2020\/06\/17\/informe-bancario-204-2020-coronavirus-acoes-trabalhistas-ligadas-a-pandemia-chegam-a-quase-r-2-bi\/\",\"name\":\"INFORME BANC\u00c1RIO \u2013 204\/2020 Coronav\u00edrus: a\u00e7\u00f5es trabalhistas ligadas \u00e0 pandemia chegam a quase R$ 2 bi - Sindicato dos Banc\u00e1rios de S\u00e3o Bento do Sul e Regi\u00e3o\",\"isPartOf\":{\"@id\":\"https:\/\/sindicatodosbancarios.org.br\/site2022\/#website\"},\"datePublished\":\"2020-06-17T17:48:38+00:00\",\"dateModified\":\"2020-06-17T17:48:38+00:00\",\"breadcrumb\":{\"@id\":\"https:\/\/sindicatodosbancarios.org.br\/site2022\/2020\/06\/17\/informe-bancario-204-2020-coronavirus-acoes-trabalhistas-ligadas-a-pandemia-chegam-a-quase-r-2-bi\/#breadcrumb\"},\"inLanguage\":\"pt-BR\",\"potentialAction\":[{\"@type\":\"ReadAction\",\"target\":[\"https:\/\/sindicatodosbancarios.org.br\/site2022\/2020\/06\/17\/informe-bancario-204-2020-coronavirus-acoes-trabalhistas-ligadas-a-pandemia-chegam-a-quase-r-2-bi\/\"]}]},{\"@type\":\"BreadcrumbList\",\"@id\":\"https:\/\/sindicatodosbancarios.org.br\/site2022\/2020\/06\/17\/informe-bancario-204-2020-coronavirus-acoes-trabalhistas-ligadas-a-pandemia-chegam-a-quase-r-2-bi\/#breadcrumb\",\"itemListElement\":[{\"@type\":\"ListItem\",\"position\":1,\"name\":\"In\u00edcio\",\"item\":\"https:\/\/sindicatodosbancarios.org.br\/site2022\/\"},{\"@type\":\"ListItem\",\"position\":2,\"name\":\"INFORME BANC\u00c1RIO \u2013 204\/2020 Coronav\u00edrus: a\u00e7\u00f5es trabalhistas ligadas \u00e0 pandemia chegam a quase R$ 2 bi\"}]},{\"@type\":\"WebSite\",\"@id\":\"https:\/\/sindicatodosbancarios.org.br\/site2022\/#website\",\"url\":\"https:\/\/sindicatodosbancarios.org.br\/site2022\/\",\"name\":\"Sindicato dos Banc\u00e1rios de S\u00e3o Bento do Sul e Regi\u00e3o\",\"description\":\"Website institucional do Sindicato dos Banc\u00e1rios de S\u00e3o Bento do Sul e Regi\u00e3o\",\"publisher\":{\"@id\":\"https:\/\/sindicatodosbancarios.org.br\/site2022\/#organization\"},\"potentialAction\":[{\"@type\":\"SearchAction\",\"target\":{\"@type\":\"EntryPoint\",\"urlTemplate\":\"https:\/\/sindicatodosbancarios.org.br\/site2022\/?s={search_term_string}\"},\"query-input\":\"required name=search_term_string\"}],\"inLanguage\":\"pt-BR\"},{\"@type\":\"Organization\",\"@id\":\"https:\/\/sindicatodosbancarios.org.br\/site2022\/#organization\",\"name\":\"Sindicato dos Banc\u00e1rios de S\u00e3o Bento do Sul e Regi\u00e3o\",\"url\":\"https:\/\/sindicatodosbancarios.org.br\/site2022\/\",\"logo\":{\"@type\":\"ImageObject\",\"inLanguage\":\"pt-BR\",\"@id\":\"https:\/\/sindicatodosbancarios.org.br\/site2022\/#\/schema\/logo\/image\/\",\"url\":\"https:\/\/sindicatodosbancarios.org.br\/site2022\/wp-content\/uploads\/2017\/06\/cropped-logo-2.png\",\"contentUrl\":\"https:\/\/sindicatodosbancarios.org.br\/site2022\/wp-content\/uploads\/2017\/06\/cropped-logo-2.png\",\"width\":292,\"height\":292,\"caption\":\"Sindicato dos Banc\u00e1rios de S\u00e3o Bento do Sul e Regi\u00e3o\"},\"image\":{\"@id\":\"https:\/\/sindicatodosbancarios.org.br\/site2022\/#\/schema\/logo\/image\/\"}},{\"@type\":\"Person\",\"@id\":\"https:\/\/sindicatodosbancarios.org.br\/site2022\/#\/schema\/person\/a7d92da77d1084df4d28b57962f1e1bd\",\"name\":\"Sindicato dos Banc\u00e1rios S\u00e3o Bento do Sul e Regi\u00e3o\",\"image\":{\"@type\":\"ImageObject\",\"inLanguage\":\"pt-BR\",\"@id\":\"https:\/\/sindicatodosbancarios.org.br\/site2022\/#\/schema\/person\/image\/\",\"url\":\"https:\/\/secure.gravatar.com\/avatar\/f1d1a06f698f2345352e539387180d42?s=96&d=mm&r=g\",\"contentUrl\":\"https:\/\/secure.gravatar.com\/avatar\/f1d1a06f698f2345352e539387180d42?s=96&d=mm&r=g\",\"caption\":\"Sindicato dos Banc\u00e1rios S\u00e3o Bento do Sul e Regi\u00e3o\"},\"sameAs\":[\"http:\/\/sindicatodosbancarios.org.br\/site2022\/\",\"https:\/\/www.facebook.com\/seeb.sbs.9\"],\"url\":\"https:\/\/sindicatodosbancarios.org.br\/site2022\/author\/sindicatodosbancarios\/\"}]}<\/script>\n<!-- \/ Yoast SEO plugin. -->","yoast_head_json":{"title":"INFORME BANC\u00c1RIO \u2013 204\/2020 Coronav\u00edrus: a\u00e7\u00f5es trabalhistas ligadas \u00e0 pandemia chegam a quase R$ 2 bi - Sindicato dos Banc\u00e1rios de S\u00e3o Bento do Sul e Regi\u00e3o","robots":{"index":"index","follow":"follow","max-snippet":"max-snippet:-1","max-image-preview":"max-image-preview:large","max-video-preview":"max-video-preview:-1"},"canonical":"https:\/\/sindicatodosbancarios.org.br\/site2022\/2020\/06\/17\/informe-bancario-204-2020-coronavirus-acoes-trabalhistas-ligadas-a-pandemia-chegam-a-quase-r-2-bi\/","og_locale":"pt_BR","og_type":"article","og_title":"INFORME BANC\u00c1RIO \u2013 204\/2020 Coronav\u00edrus: a\u00e7\u00f5es trabalhistas ligadas \u00e0 pandemia chegam a quase R$ 2 bi - Sindicato dos Banc\u00e1rios de S\u00e3o Bento do Sul e Regi\u00e3o","og_description":"As a\u00e7\u00f5es trabalhistas relacionadas \u00e0 pandemia de coronav\u00edrus est\u00e3o perto de bater a marca de R$ 2 bilh\u00f5es. [&hellip;]","og_url":"https:\/\/sindicatodosbancarios.org.br\/site2022\/2020\/06\/17\/informe-bancario-204-2020-coronavirus-acoes-trabalhistas-ligadas-a-pandemia-chegam-a-quase-r-2-bi\/","og_site_name":"Sindicato dos Banc\u00e1rios de S\u00e3o Bento do Sul e Regi\u00e3o","article_author":"https:\/\/www.facebook.com\/seeb.sbs.9","article_published_time":"2020-06-17T17:48:38+00:00","og_image":[{"width":945,"height":462,"url":"https:\/\/sindicatodosbancarios.org.br\/site2022\/wp-content\/uploads\/2020\/06\/advogado-trabalhista-b.png","type":"image\/png"}],"author":"Sindicato dos Banc\u00e1rios S\u00e3o Bento do Sul e Regi\u00e3o","twitter_card":"summary_large_image","twitter_misc":{"Escrito por":"Sindicato dos Banc\u00e1rios S\u00e3o Bento do Sul e Regi\u00e3o","Est. tempo de leitura":"1 minuto"},"schema":{"@context":"https:\/\/schema.org","@graph":[{"@type":"Article","@id":"https:\/\/sindicatodosbancarios.org.br\/site2022\/2020\/06\/17\/informe-bancario-204-2020-coronavirus-acoes-trabalhistas-ligadas-a-pandemia-chegam-a-quase-r-2-bi\/#article","isPartOf":{"@id":"https:\/\/sindicatodosbancarios.org.br\/site2022\/2020\/06\/17\/informe-bancario-204-2020-coronavirus-acoes-trabalhistas-ligadas-a-pandemia-chegam-a-quase-r-2-bi\/"},"author":{"name":"Sindicato dos Banc\u00e1rios S\u00e3o Bento do Sul e Regi\u00e3o","@id":"https:\/\/sindicatodosbancarios.org.br\/site2022\/#\/schema\/person\/a7d92da77d1084df4d28b57962f1e1bd"},"headline":"INFORME BANC\u00c1RIO \u2013 204\/2020 Coronav\u00edrus: a\u00e7\u00f5es trabalhistas ligadas \u00e0 pandemia chegam a quase R$ 2 bi","datePublished":"2020-06-17T17:48:38+00:00","dateModified":"2020-06-17T17:48:38+00:00","mainEntityOfPage":{"@id":"https:\/\/sindicatodosbancarios.org.br\/site2022\/2020\/06\/17\/informe-bancario-204-2020-coronavirus-acoes-trabalhistas-ligadas-a-pandemia-chegam-a-quase-r-2-bi\/"},"wordCount":169,"commentCount":0,"publisher":{"@id":"https:\/\/sindicatodosbancarios.org.br\/site2022\/#organization"},"keywords":["CORONAV\u00cdRUS","CRISE","MERCADO DE TRABALHO","PANDEMIA","sindicato","sindicato dos bancarios","sindicato dos banc\u00e1rios de s\u00e3o bento do sul"],"articleSection":["Geral"],"inLanguage":"pt-BR","potentialAction":[{"@type":"CommentAction","name":"Comment","target":["https:\/\/sindicatodosbancarios.org.br\/site2022\/2020\/06\/17\/informe-bancario-204-2020-coronavirus-acoes-trabalhistas-ligadas-a-pandemia-chegam-a-quase-r-2-bi\/#respond"]}]},{"@type":"WebPage","@id":"https:\/\/sindicatodosbancarios.org.br\/site2022\/2020\/06\/17\/informe-bancario-204-2020-coronavirus-acoes-trabalhistas-ligadas-a-pandemia-chegam-a-quase-r-2-bi\/","url":"https:\/\/sindicatodosbancarios.org.br\/site2022\/2020\/06\/17\/informe-bancario-204-2020-coronavirus-acoes-trabalhistas-ligadas-a-pandemia-chegam-a-quase-r-2-bi\/","name":"INFORME BANC\u00c1RIO \u2013 204\/2020 Coronav\u00edrus: a\u00e7\u00f5es trabalhistas ligadas \u00e0 pandemia chegam a quase R$ 2 bi - Sindicato dos Banc\u00e1rios de S\u00e3o Bento do Sul e Regi\u00e3o","isPartOf":{"@id":"https:\/\/sindicatodosbancarios.org.br\/site2022\/#website"},"datePublished":"2020-06-17T17:48:38+00:00","dateModified":"2020-06-17T17:48:38+00:00","breadcrumb":{"@id":"https:\/\/sindicatodosbancarios.org.br\/site2022\/2020\/06\/17\/informe-bancario-204-2020-coronavirus-acoes-trabalhistas-ligadas-a-pandemia-chegam-a-quase-r-2-bi\/#breadcrumb"},"inLanguage":"pt-BR","potentialAction":[{"@type":"ReadAction","target":["https:\/\/sindicatodosbancarios.org.br\/site2022\/2020\/06\/17\/informe-bancario-204-2020-coronavirus-acoes-trabalhistas-ligadas-a-pandemia-chegam-a-quase-r-2-bi\/"]}]},{"@type":"BreadcrumbList","@id":"https:\/\/sindicatodosbancarios.org.br\/site2022\/2020\/06\/17\/informe-bancario-204-2020-coronavirus-acoes-trabalhistas-ligadas-a-pandemia-chegam-a-quase-r-2-bi\/#breadcrumb","itemListElement":[{"@type":"ListItem","position":1,"name":"In\u00edcio","item":"https:\/\/sindicatodosbancarios.org.br\/site2022\/"},{"@type":"ListItem","position":2,"name":"INFORME BANC\u00c1RIO \u2013 204\/2020 Coronav\u00edrus: a\u00e7\u00f5es trabalhistas ligadas \u00e0 pandemia chegam a quase R$ 2 bi"}]},{"@type":"WebSite","@id":"https:\/\/sindicatodosbancarios.org.br\/site2022\/#website","url":"https:\/\/sindicatodosbancarios.org.br\/site2022\/","name":"Sindicato dos Banc\u00e1rios de S\u00e3o Bento do Sul e Regi\u00e3o","description":"Website institucional do Sindicato dos Banc\u00e1rios de S\u00e3o Bento do Sul e Regi\u00e3o","publisher":{"@id":"https:\/\/sindicatodosbancarios.org.br\/site2022\/#organization"},"potentialAction":[{"@type":"SearchAction","target":{"@type":"EntryPoint","urlTemplate":"https:\/\/sindicatodosbancarios.org.br\/site2022\/?s={search_term_string}"},"query-input":"required name=search_term_string"}],"inLanguage":"pt-BR"},{"@type":"Organization","@id":"https:\/\/sindicatodosbancarios.org.br\/site2022\/#organization","name":"Sindicato dos Banc\u00e1rios de S\u00e3o Bento do Sul e Regi\u00e3o","url":"https:\/\/sindicatodosbancarios.org.br\/site2022\/","logo":{"@type":"ImageObject","inLanguage":"pt-BR","@id":"https:\/\/sindicatodosbancarios.org.br\/site2022\/#\/schema\/logo\/image\/","url":"https:\/\/sindicatodosbancarios.org.br\/site2022\/wp-content\/uploads\/2017\/06\/cropped-logo-2.png","contentUrl":"https:\/\/sindicatodosbancarios.org.br\/site2022\/wp-content\/uploads\/2017\/06\/cropped-logo-2.png","width":292,"height":292,"caption":"Sindicato dos Banc\u00e1rios de S\u00e3o Bento do Sul e Regi\u00e3o"},"image":{"@id":"https:\/\/sindicatodosbancarios.org.br\/site2022\/#\/schema\/logo\/image\/"}},{"@type":"Person","@id":"https:\/\/sindicatodosbancarios.org.br\/site2022\/#\/schema\/person\/a7d92da77d1084df4d28b57962f1e1bd","name":"Sindicato dos Banc\u00e1rios S\u00e3o Bento do Sul e Regi\u00e3o","image":{"@type":"ImageObject","inLanguage":"pt-BR","@id":"https:\/\/sindicatodosbancarios.org.br\/site2022\/#\/schema\/person\/image\/","url":"https:\/\/secure.gravatar.com\/avatar\/f1d1a06f698f2345352e539387180d42?s=96&d=mm&r=g","contentUrl":"https:\/\/secure.gravatar.com\/avatar\/f1d1a06f698f2345352e539387180d42?s=96&d=mm&r=g","caption":"Sindicato dos Banc\u00e1rios S\u00e3o Bento do Sul e Regi\u00e3o"},"sameAs":["http:\/\/sindicatodosbancarios.org.br\/site2022\/","https:\/\/www.facebook.com\/seeb.sbs.9"],"url":"https:\/\/sindicatodosbancarios.org.br\/site2022\/author\/sindicatodosbancarios\/"}]}},"jetpack_featured_media_url":"https:\/\/sindicatodosbancarios.org.br\/site2022\/wp-content\/uploads\/2020\/06\/advogado-trabalhista-b.png","jetpack_sharing_enabled":true,"jetpack_shortlink":"https:\/\/wp.me\/p8RSbI-11J","jetpack-related-posts":[{"id":4302,"url":"https:\/\/sindicatodosbancarios.org.br\/site2022\/2020\/08\/20\/informe-bancario-303-2020-processos-no-tribunal-superior-do-trabalho-tem-maior-alta-em-10-anos\/","url_meta":{"origin":3951,"position":0},"title":"INFORME BANC\u00c1RIO \u2013 303\/2020 Processos no Tribunal Superior do Trabalho t\u00eam maior alta em 10 anos","date":"20 de agosto de 2020","format":false,"excerpt":"O n\u00famero de processos no Tribunal Superior do Trabalho aumentou 56% entre 2018 e 2019, passando de 253 mil para 396 mil. Foi o maior salto dos \u00faltimos dez anos. A reforma trabalhista, a alta taxa de\u00a0desemprego e a implanta\u00e7\u00e3o do processo eletr\u00f4nico, que facilitou novas a\u00e7\u00f5es, s\u00e3o os tr\u00eas\u2026","rel":"","context":"Em &quot;Geral&quot;","img":{"alt_text":"","src":"https:\/\/i0.wp.com\/sindicatodosbancarios.org.br\/site2022\/wp-content\/uploads\/2020\/08\/tribunal-superior-do-trabalho.jpg?resize=350%2C200&ssl=1","width":350,"height":200},"classes":[]},{"id":4451,"url":"https:\/\/sindicatodosbancarios.org.br\/site2022\/2020\/09\/09\/informe-bancario-332-2020-mpt-excluir-covid-19-de-lista-de-doencas-ocupacionais-e-inegavel-equivoco\/","url_meta":{"origin":3951,"position":1},"title":"INFORME BANC\u00c1RIO \u2013 332\/2020 MPT: Excluir covid-19 de lista de doen\u00e7as ocupacionais \u00e9 ineg\u00e1vel equ\u00edvoco","date":"9 de setembro de 2020","format":false,"excerpt":"O MPT (Minist\u00e9rio P\u00fablico do Trabalho) divulgou hoje uma nota dizendo ser um equ\u00edvoco a a\u00e7\u00e3o do Minist\u00e9rio da Sa\u00fade em revogar a inclus\u00e3o da covid-19 na lista de doen\u00e7as relacionadas ao trabalho (LDRT), conforme publicado um dia antes do DOU (Di\u00e1rio Oficial da Uni\u00e3o). Al\u00e9m de tirar o novo\u2026","rel":"","context":"Em &quot;Geral&quot;","img":{"alt_text":"","src":"https:\/\/i0.wp.com\/sindicatodosbancarios.org.br\/site2022\/wp-content\/uploads\/2020\/09\/funcionaria-na-universidade.jpg?resize=350%2C200&ssl=1","width":350,"height":200},"classes":[]},{"id":4305,"url":"https:\/\/sindicatodosbancarios.org.br\/site2022\/2020\/08\/20\/informe-bancario-304-2020-pandemia-reduziu-reajustes-salariais-no-1o-semestre-em-28-diz-pesquisa\/","url_meta":{"origin":3951,"position":2},"title":"INFORME BANC\u00c1RIO \u2013 304\/2020 Pandemia reduziu reajustes salariais no 1\u00ba semestre em 28%, diz pesquisa","date":"20 de agosto de 2020","format":false,"excerpt":"Boletim produzido pelo Dieese (Departamento Intersindical de Estat\u00edstica e Estudos Socioecon\u00f4micos) e divulgado hoje apontou algumas das principais mudan\u00e7as nas negocia\u00e7\u00f5es trabalhistas coletivas ao longo do primeiro semestre, afetado pela pandemia do novo coronav\u00edrus. Segundo o documento, o n\u00famero de cl\u00e1usulas relativas a reajuste salarial foi 28% menor ao registrado\u2026","rel":"","context":"Em &quot;Geral&quot;","img":{"alt_text":"","src":"https:\/\/i0.wp.com\/sindicatodosbancarios.org.br\/site2022\/wp-content\/uploads\/2020\/08\/carteira-de-trabalho-1579890725178_v2_900x506.jpg?resize=350%2C200&ssl=1","width":350,"height":200},"classes":[]},{"id":5258,"url":"https:\/\/sindicatodosbancarios.org.br\/site2022\/2021\/03\/19\/informe-bancarios-84-2021-contec-ajuiza-tres-acoes-contra-o-banco-do-brasil-sa\/","url_meta":{"origin":3951,"position":3},"title":"INFORME BANC\u00c1RIOS \u2013 84\/2021 CONTEC AJU\u00cdZA TR\u00caS A\u00c7\u00d5ES CONTRA O BANCO DO BRASIL SA","date":"19 de mar\u00e7o de 2021","format":false,"excerpt":"O fechamento de cerca de 300 ag\u00eancias em todo o Pa\u00eds, demiss\u00e3o de cerca de 5 mil Banc\u00e1rios (por meio de PDV), extin\u00e7\u00e3o da Gratifica\u00e7\u00e3o de Caixa e Descomissionamentos. Essas s\u00e3o as medidas previstas na Reestrutura\u00e7\u00e3o do Banco Do Brasil, anunciada pela Dire\u00e7\u00e3o da institui\u00e7\u00e3o P\u00fablica em janeiro de 2021.\u2026","rel":"","context":"Em &quot;Banco do Brasil&quot;","img":{"alt_text":"","src":"https:\/\/i0.wp.com\/sindicatodosbancarios.org.br\/site2022\/wp-content\/uploads\/2021\/03\/180321150851-BB.png?resize=350%2C200&ssl=1","width":350,"height":200},"classes":[]},{"id":5192,"url":"https:\/\/sindicatodosbancarios.org.br\/site2022\/2021\/02\/19\/informe-bancarios-64-2021-contec-ajuiza-tres-acoes-contra-o-banco-do-brasil\/","url_meta":{"origin":3951,"position":4},"title":"INFORME BANC\u00c1RIOS \u2013 64\/2021 Contec aju\u00edza tr\u00eas a\u00e7\u00f5es contra o Banco do Brasil","date":"19 de fevereiro de 2021","format":false,"excerpt":"A CONTEC j\u00e1 ajuizou na semana passada (de 08 a 12\/02) as a\u00e7\u00f5es em defesa da gratifica\u00e7\u00e3o de caixa e contra a reestrutura\u00e7\u00e3o, dos funcion\u00e1rios do BB. Nesta quinta-feira \u00a0(18\/3) foi ajuizada uma nova a\u00e7\u00e3o, desta vez contra a transfer\u00eancia compuls\u00f3ria. At\u00e9 o momento n\u00e3o houve despacho em nenhumas das\u2026","rel":"","context":"Em &quot;Banco do Brasil&quot;","img":{"alt_text":"","src":"https:\/\/i0.wp.com\/sindicatodosbancarios.org.br\/site2022\/wp-content\/uploads\/2020\/10\/16da4bb8-banco-do-brasil.jpeg?resize=350%2C200&ssl=1","width":350,"height":200},"classes":[]},{"id":5199,"url":"https:\/\/sindicatodosbancarios.org.br\/site2022\/2021\/02\/22\/informe-bancarios-67-2021-ford-pode-demitir-em-massa-independentemente-de-resultado-das-negociacoes\/","url_meta":{"origin":3951,"position":5},"title":"INFORME BANC\u00c1RIOS \u2013 67\/2021 Ford pode demitir em massa, independentemente de resultado das negocia\u00e7\u00f5es","date":"22 de fevereiro de 2021","format":false,"excerpt":"O desembargador do Trabalho Edilton Meireles de Oliveira Santos, da Justi\u00e7a do Trabalho da 5\u00aa Regi\u00e3o, na Bahia, decidiu em liminar que a Ford pode demitir em massa os funcion\u00e1rios independentemente do resultado das negocia\u00e7\u00f5es coletivas. Antes, a Justi\u00e7a determinava que a dispensa somente poderia ser feita ap\u00f3s a empresa\u2026","rel":"","context":"Em &quot;Geral&quot;","img":{"alt_text":"","src":"https:\/\/i0.wp.com\/sindicatodosbancarios.org.br\/site2022\/wp-content\/uploads\/2021\/02\/historia-da-ford.jpg?resize=350%2C200&ssl=1","width":350,"height":200},"classes":[]}],"_links":{"self":[{"href":"https:\/\/sindicatodosbancarios.org.br\/site2022\/wp-json\/wp\/v2\/posts\/3951"}],"collection":[{"href":"https:\/\/sindicatodosbancarios.org.br\/site2022\/wp-json\/wp\/v2\/posts"}],"about":[{"href":"https:\/\/sindicatodosbancarios.org.br\/site2022\/wp-json\/wp\/v2\/types\/post"}],"author":[{"embeddable":true,"href":"https:\/\/sindicatodosbancarios.org.br\/site2022\/wp-json\/wp\/v2\/users\/2"}],"replies":[{"embeddable":true,"href":"https:\/\/sindicatodosbancarios.org.br\/site2022\/wp-json\/wp\/v2\/comments?post=3951"}],"version-history":[{"count":1,"href":"https:\/\/sindicatodosbancarios.org.br\/site2022\/wp-json\/wp\/v2\/posts\/3951\/revisions"}],"predecessor-version":[{"id":3953,"href":"https:\/\/sindicatodosbancarios.org.br\/site2022\/wp-json\/wp\/v2\/posts\/3951\/revisions\/3953"}],"wp:featuredmedia":[{"embeddable":true,"href":"https:\/\/sindicatodosbancarios.org.br\/site2022\/wp-json\/wp\/v2\/media\/3952"}],"wp:attachment":[{"href":"https:\/\/sindicatodosbancarios.org.br\/site2022\/wp-json\/wp\/v2\/media?parent=3951"}],"wp:term":[{"taxonomy":"category","embeddable":true,"href":"https:\/\/sindicatodosbancarios.org.br\/site2022\/wp-json\/wp\/v2\/categories?post=3951"},{"taxonomy":"post_tag","embeddable":true,"href":"https:\/\/sindicatodosbancarios.org.br\/site2022\/wp-json\/wp\/v2\/tags?post=3951"}],"curies":[{"name":"wp","href":"https:\/\/api.w.org\/{rel}","templated":true}]}}