{"id":3957,"date":"2020-06-17T16:17:01","date_gmt":"2020-06-17T19:17:01","guid":{"rendered":"https:\/\/sindicatodosbancarios.org.br\/?p=3957"},"modified":"2020-06-17T16:17:01","modified_gmt":"2020-06-17T19:17:01","slug":"informe-bancario-206-2020-quem-teve-salario-cortado-pode-ter-ganho-auxilio-a-mais-e-tera-de-devolver","status":"publish","type":"post","link":"https:\/\/sindicatodosbancarios.org.br\/site2022\/2020\/06\/17\/informe-bancario-206-2020-quem-teve-salario-cortado-pode-ter-ganho-auxilio-a-mais-e-tera-de-devolver\/","title":{"rendered":"INFORME BANC\u00c1RIO \u2013 206\/2020 Quem teve sal\u00e1rio cortado pode ter ganho aux\u00edlio a mais e ter\u00e1 de devolver"},"content":{"rendered":"<p>Empregados com carteira assinada que tiveram a jornada reduzida ou o contrato de trabalho suspenso podem ter recebido mais do que deveriam na primeira parcela do <strong>BEm (Benef\u00edcio Emergencial)<\/strong>. O Minist\u00e9rio da Economia afirmou que vai compensar a diferen\u00e7a nas outras parcelas, quando houver essa possibilidade, ou cobrar a devolu\u00e7\u00e3o.<\/p>\n<p>Alguns empregados t\u00eam se queixado que a segunda parcela veio menor que a primeira, sem explica\u00e7\u00e3o por parte do governo ou informa\u00e7\u00f5es nos sistemas de consulta ao benef\u00edcio.<\/p>\n<p>At\u00e9 quinta-feira (11), o governo federal contabilizava 10,4 milh\u00f5es de acordos de redu\u00e7\u00e3o de jornada ou suspens\u00e3o de contrato no programa criado para a manuten\u00e7\u00e3o de empregos durante a pandemia de coronav\u00edrus. De acordo com a Secretaria Especial de Previd\u00eancia e Trabalho, o pagamento a mais atingiu 2,8% dos acordos, num total de quase 300 mil trabalhadores.<\/p>\n<p>&#8220;2,2% s\u00e3o decorrentes das informa\u00e7\u00f5es prestadas pelos empregadores, incluindo casos em que os acordos tiveram dura\u00e7\u00e3o menor do que o informado inicialmente. Em 0,6% do total de acordos houve erro no processamento&#8221;, declarou a secretaria.<\/p>\n<p>Acordos de redu\u00e7\u00e3o de jornada podem durar at\u00e9 90 dias, enquanto a suspens\u00e3o do contrato n\u00e3o pode passar de 60 dias. Para compensar parte da perda salarial, o governo paga o BEm, que varia entre R$ 261,25 e R$ 1.813,03 por parcela, conforme o tamanho da redu\u00e7\u00e3o de jornada e o seguro-desemprego a que o trabalhador teria direito se demitido.<\/p>\n<p><span style=\"font-size: 14pt;\"><strong>Empregados reclamam de falta de informa\u00e7\u00f5es <\/strong><\/span><\/p>\n<p>O erro reportado pelo Minist\u00e9rio da Economia ajuda a entender por que muitos empregados receberam menos na segunda parcela do BEm, que come\u00e7ou a ser paga em junho. No entanto, trabalhadores se queixam de n\u00e3o terem sido informados sobre o motivo da redu\u00e7\u00e3o.<\/p>\n<p>Consultor de vendas em Teresina, Leandro Santos fez acordo no come\u00e7o de abril para suspender seu contrato. Ele deveria receber um BEm equivalente a 70% do seguro-desemprego, mais 30% do sal\u00e1rio pago pelo empregador \u2014essa \u00e9 a regra para empresas que tiveram rendimento bruto acima de R$ 4,8 milh\u00f5es em 2019.<\/p>\n<p>Em maio, Leandro recebeu R$ 1.270 na primeira parcela. Ele julgou que o valor estava de acordo com o seu sal\u00e1rio, que variou entre R$ 1.117 e R$ 1.804 no primeiro trimestre, dependendo do volume de comiss\u00f5es.<\/p>\n<p>Para a surpresa de Leandro, a segunda parcela depositada este m\u00eas foi de R$ 732. &#8220;O que eu recebi do governo na segunda parcela, com os 30% da empresa, n\u00e3o d\u00e1 um sal\u00e1rio m\u00ednimo.&#8221;<\/p>\n<p>Trabalhadores deveriam ter acesso aos dados do BEm na carteira de trabalho digital e no portal de servi\u00e7os do governo federal. Por\u00e9m, nenhum dos dois sistemas mostra a Leandro detalhes do c\u00e1lculo das parcelas. Tamb\u00e9m n\u00e3o consta nenhuma notifica\u00e7\u00e3o de que haveria compensa\u00e7\u00e3o de valores pagos a mais.<\/p>\n<p><span style=\"font-size: 14pt;\"><strong>Outros motivos podem levar \u00e0 redu\u00e7\u00e3o da parcela <\/strong><\/span><\/p>\n<p>O c\u00e1lculo das parcelas \u00e9 feito com base nos tr\u00eas sal\u00e1rios anteriores ao m\u00eas da assinatura do acordo. De acordo com a portaria que regulamenta o benef\u00edcio, o governo deve utilizar os sal\u00e1rios declarados no Cnis (Cadastro Nacional de Informa\u00e7\u00f5es Sociais).<\/p>\n<p>O trabalhador pode checar qual o valor do sal\u00e1rio registrado no Cnis por meio do portal Meu INSS.<\/p>\n<p>Segundo a Secretaria Especial de Previd\u00eancia e Trabalho, atrasos nas declara\u00e7\u00f5es ou na baixa de contrata\u00e7\u00e3o podem gerar distor\u00e7\u00f5es nos c\u00e1lculos. &#8220;Todas as semanas, a base de dados \u00e9 integralmente reprocessada e, em havendo a atualiza\u00e7\u00e3o, as notifica\u00e7\u00f5es s\u00e3o baixadas e os benef\u00edcios liberados&#8221;, declarou.<\/p>\n<p><span style=\"font-size: 8pt;\">Fonte UOL, 13\/06\/2020<\/span><\/p>\n","protected":false},"excerpt":{"rendered":"<p>Empregados com carteira assinada que tiveram a jornada reduzida ou o contrato de trabalho suspenso podem ter recebido [&hellip;]<\/p>\n","protected":false},"author":2,"featured_media":3958,"comment_status":"open","ping_status":"open","sticky":false,"template":"","format":"standard","meta":{"jetpack_post_was_ever_published":false,"jetpack_publicize_message":"","jetpack_is_tweetstorm":false,"jetpack_publicize_feature_enabled":true,"jetpack_social_post_already_shared":true,"jetpack_social_options":[]},"categories":[1],"tags":[82,73,87,63,107,46,47,53],"jetpack_publicize_connections":[],"acf":[],"yoast_head":"<!-- This site is optimized with the Yoast SEO plugin v19.14 - https:\/\/yoast.com\/wordpress\/plugins\/seo\/ -->\n<title>INFORME BANC\u00c1RIO \u2013 206\/2020 Quem teve sal\u00e1rio cortado pode ter ganho aux\u00edlio a mais e ter\u00e1 de devolver - Sindicato dos Banc\u00e1rios de S\u00e3o Bento do Sul e Regi\u00e3o<\/title>\n<meta name=\"robots\" content=\"index, follow, max-snippet:-1, max-image-preview:large, max-video-preview:-1\" \/>\n<link rel=\"canonical\" href=\"https:\/\/sindicatodosbancarios.org.br\/site2022\/2020\/06\/17\/informe-bancario-206-2020-quem-teve-salario-cortado-pode-ter-ganho-auxilio-a-mais-e-tera-de-devolver\/\" \/>\n<meta property=\"og:locale\" content=\"pt_BR\" \/>\n<meta property=\"og:type\" content=\"article\" \/>\n<meta property=\"og:title\" content=\"INFORME BANC\u00c1RIO \u2013 206\/2020 Quem teve sal\u00e1rio cortado pode ter ganho aux\u00edlio a mais e ter\u00e1 de devolver - Sindicato dos Banc\u00e1rios de S\u00e3o Bento do Sul e Regi\u00e3o\" \/>\n<meta property=\"og:description\" content=\"Empregados com carteira assinada que tiveram a jornada reduzida ou o contrato de trabalho suspenso podem ter recebido [&hellip;]\" \/>\n<meta property=\"og:url\" content=\"https:\/\/sindicatodosbancarios.org.br\/site2022\/2020\/06\/17\/informe-bancario-206-2020-quem-teve-salario-cortado-pode-ter-ganho-auxilio-a-mais-e-tera-de-devolver\/\" \/>\n<meta property=\"og:site_name\" content=\"Sindicato dos Banc\u00e1rios de S\u00e3o Bento do Sul e Regi\u00e3o\" \/>\n<meta property=\"article:author\" content=\"https:\/\/www.facebook.com\/seeb.sbs.9\" \/>\n<meta property=\"article:published_time\" content=\"2020-06-17T19:17:01+00:00\" \/>\n<meta property=\"og:image\" content=\"https:\/\/sindicatodosbancarios.org.br\/site2022\/wp-content\/uploads\/2020\/06\/1586786491-emer.jpg\" \/>\n\t<meta property=\"og:image:width\" content=\"1200\" \/>\n\t<meta property=\"og:image:height\" content=\"675\" \/>\n\t<meta property=\"og:image:type\" content=\"image\/jpeg\" \/>\n<meta name=\"author\" content=\"Sindicato dos Banc\u00e1rios S\u00e3o Bento do Sul e Regi\u00e3o\" \/>\n<meta name=\"twitter:card\" content=\"summary_large_image\" \/>\n<meta name=\"twitter:label1\" content=\"Escrito por\" \/>\n\t<meta name=\"twitter:data1\" content=\"Sindicato dos Banc\u00e1rios S\u00e3o Bento do Sul e Regi\u00e3o\" \/>\n\t<meta name=\"twitter:label2\" content=\"Est. tempo de leitura\" \/>\n\t<meta name=\"twitter:data2\" content=\"3 minutos\" \/>\n<script type=\"application\/ld+json\" class=\"yoast-schema-graph\">{\"@context\":\"https:\/\/schema.org\",\"@graph\":[{\"@type\":\"Article\",\"@id\":\"https:\/\/sindicatodosbancarios.org.br\/site2022\/2020\/06\/17\/informe-bancario-206-2020-quem-teve-salario-cortado-pode-ter-ganho-auxilio-a-mais-e-tera-de-devolver\/#article\",\"isPartOf\":{\"@id\":\"https:\/\/sindicatodosbancarios.org.br\/site2022\/2020\/06\/17\/informe-bancario-206-2020-quem-teve-salario-cortado-pode-ter-ganho-auxilio-a-mais-e-tera-de-devolver\/\"},\"author\":{\"name\":\"Sindicato dos Banc\u00e1rios S\u00e3o Bento do Sul e Regi\u00e3o\",\"@id\":\"https:\/\/sindicatodosbancarios.org.br\/site2022\/#\/schema\/person\/a7d92da77d1084df4d28b57962f1e1bd\"},\"headline\":\"INFORME BANC\u00c1RIO \u2013 206\/2020 Quem teve sal\u00e1rio cortado pode ter ganho aux\u00edlio a mais e ter\u00e1 de devolver\",\"datePublished\":\"2020-06-17T19:17:01+00:00\",\"dateModified\":\"2020-06-17T19:17:01+00:00\",\"mainEntityOfPage\":{\"@id\":\"https:\/\/sindicatodosbancarios.org.br\/site2022\/2020\/06\/17\/informe-bancario-206-2020-quem-teve-salario-cortado-pode-ter-ganho-auxilio-a-mais-e-tera-de-devolver\/\"},\"wordCount\":619,\"commentCount\":0,\"publisher\":{\"@id\":\"https:\/\/sindicatodosbancarios.org.br\/site2022\/#organization\"},\"keywords\":[\"AUX\u00cdLIO\",\"CORONAV\u00cdRUS\",\"CRISE\",\"MERCADO DE TRABALHO\",\"PANDEMIA\",\"sindicato\",\"sindicato dos bancarios\",\"sindicato dos banc\u00e1rios de s\u00e3o bento do sul\"],\"articleSection\":[\"Geral\"],\"inLanguage\":\"pt-BR\",\"potentialAction\":[{\"@type\":\"CommentAction\",\"name\":\"Comment\",\"target\":[\"https:\/\/sindicatodosbancarios.org.br\/site2022\/2020\/06\/17\/informe-bancario-206-2020-quem-teve-salario-cortado-pode-ter-ganho-auxilio-a-mais-e-tera-de-devolver\/#respond\"]}]},{\"@type\":\"WebPage\",\"@id\":\"https:\/\/sindicatodosbancarios.org.br\/site2022\/2020\/06\/17\/informe-bancario-206-2020-quem-teve-salario-cortado-pode-ter-ganho-auxilio-a-mais-e-tera-de-devolver\/\",\"url\":\"https:\/\/sindicatodosbancarios.org.br\/site2022\/2020\/06\/17\/informe-bancario-206-2020-quem-teve-salario-cortado-pode-ter-ganho-auxilio-a-mais-e-tera-de-devolver\/\",\"name\":\"INFORME BANC\u00c1RIO \u2013 206\/2020 Quem teve sal\u00e1rio cortado pode ter ganho aux\u00edlio a mais e ter\u00e1 de devolver - Sindicato dos Banc\u00e1rios de S\u00e3o Bento do Sul e Regi\u00e3o\",\"isPartOf\":{\"@id\":\"https:\/\/sindicatodosbancarios.org.br\/site2022\/#website\"},\"datePublished\":\"2020-06-17T19:17:01+00:00\",\"dateModified\":\"2020-06-17T19:17:01+00:00\",\"breadcrumb\":{\"@id\":\"https:\/\/sindicatodosbancarios.org.br\/site2022\/2020\/06\/17\/informe-bancario-206-2020-quem-teve-salario-cortado-pode-ter-ganho-auxilio-a-mais-e-tera-de-devolver\/#breadcrumb\"},\"inLanguage\":\"pt-BR\",\"potentialAction\":[{\"@type\":\"ReadAction\",\"target\":[\"https:\/\/sindicatodosbancarios.org.br\/site2022\/2020\/06\/17\/informe-bancario-206-2020-quem-teve-salario-cortado-pode-ter-ganho-auxilio-a-mais-e-tera-de-devolver\/\"]}]},{\"@type\":\"BreadcrumbList\",\"@id\":\"https:\/\/sindicatodosbancarios.org.br\/site2022\/2020\/06\/17\/informe-bancario-206-2020-quem-teve-salario-cortado-pode-ter-ganho-auxilio-a-mais-e-tera-de-devolver\/#breadcrumb\",\"itemListElement\":[{\"@type\":\"ListItem\",\"position\":1,\"name\":\"In\u00edcio\",\"item\":\"https:\/\/sindicatodosbancarios.org.br\/site2022\/\"},{\"@type\":\"ListItem\",\"position\":2,\"name\":\"INFORME BANC\u00c1RIO \u2013 206\/2020 Quem teve sal\u00e1rio cortado pode ter ganho aux\u00edlio a mais e ter\u00e1 de devolver\"}]},{\"@type\":\"WebSite\",\"@id\":\"https:\/\/sindicatodosbancarios.org.br\/site2022\/#website\",\"url\":\"https:\/\/sindicatodosbancarios.org.br\/site2022\/\",\"name\":\"Sindicato dos Banc\u00e1rios de S\u00e3o Bento do Sul e Regi\u00e3o\",\"description\":\"Website institucional do Sindicato dos Banc\u00e1rios de S\u00e3o Bento do Sul e Regi\u00e3o\",\"publisher\":{\"@id\":\"https:\/\/sindicatodosbancarios.org.br\/site2022\/#organization\"},\"potentialAction\":[{\"@type\":\"SearchAction\",\"target\":{\"@type\":\"EntryPoint\",\"urlTemplate\":\"https:\/\/sindicatodosbancarios.org.br\/site2022\/?s={search_term_string}\"},\"query-input\":\"required name=search_term_string\"}],\"inLanguage\":\"pt-BR\"},{\"@type\":\"Organization\",\"@id\":\"https:\/\/sindicatodosbancarios.org.br\/site2022\/#organization\",\"name\":\"Sindicato dos Banc\u00e1rios de S\u00e3o Bento do Sul e Regi\u00e3o\",\"url\":\"https:\/\/sindicatodosbancarios.org.br\/site2022\/\",\"logo\":{\"@type\":\"ImageObject\",\"inLanguage\":\"pt-BR\",\"@id\":\"https:\/\/sindicatodosbancarios.org.br\/site2022\/#\/schema\/logo\/image\/\",\"url\":\"https:\/\/sindicatodosbancarios.org.br\/site2022\/wp-content\/uploads\/2017\/06\/cropped-logo-2.png\",\"contentUrl\":\"https:\/\/sindicatodosbancarios.org.br\/site2022\/wp-content\/uploads\/2017\/06\/cropped-logo-2.png\",\"width\":292,\"height\":292,\"caption\":\"Sindicato dos Banc\u00e1rios de S\u00e3o Bento do Sul e Regi\u00e3o\"},\"image\":{\"@id\":\"https:\/\/sindicatodosbancarios.org.br\/site2022\/#\/schema\/logo\/image\/\"}},{\"@type\":\"Person\",\"@id\":\"https:\/\/sindicatodosbancarios.org.br\/site2022\/#\/schema\/person\/a7d92da77d1084df4d28b57962f1e1bd\",\"name\":\"Sindicato dos Banc\u00e1rios S\u00e3o Bento do Sul e Regi\u00e3o\",\"image\":{\"@type\":\"ImageObject\",\"inLanguage\":\"pt-BR\",\"@id\":\"https:\/\/sindicatodosbancarios.org.br\/site2022\/#\/schema\/person\/image\/\",\"url\":\"https:\/\/secure.gravatar.com\/avatar\/f1d1a06f698f2345352e539387180d42?s=96&d=mm&r=g\",\"contentUrl\":\"https:\/\/secure.gravatar.com\/avatar\/f1d1a06f698f2345352e539387180d42?s=96&d=mm&r=g\",\"caption\":\"Sindicato dos Banc\u00e1rios S\u00e3o Bento do Sul e Regi\u00e3o\"},\"sameAs\":[\"http:\/\/sindicatodosbancarios.org.br\/site2022\/\",\"https:\/\/www.facebook.com\/seeb.sbs.9\"],\"url\":\"https:\/\/sindicatodosbancarios.org.br\/site2022\/author\/sindicatodosbancarios\/\"}]}<\/script>\n<!-- \/ Yoast SEO plugin. -->","yoast_head_json":{"title":"INFORME BANC\u00c1RIO \u2013 206\/2020 Quem teve sal\u00e1rio cortado pode ter ganho aux\u00edlio a mais e ter\u00e1 de devolver - Sindicato dos Banc\u00e1rios de S\u00e3o Bento do Sul e Regi\u00e3o","robots":{"index":"index","follow":"follow","max-snippet":"max-snippet:-1","max-image-preview":"max-image-preview:large","max-video-preview":"max-video-preview:-1"},"canonical":"https:\/\/sindicatodosbancarios.org.br\/site2022\/2020\/06\/17\/informe-bancario-206-2020-quem-teve-salario-cortado-pode-ter-ganho-auxilio-a-mais-e-tera-de-devolver\/","og_locale":"pt_BR","og_type":"article","og_title":"INFORME BANC\u00c1RIO \u2013 206\/2020 Quem teve sal\u00e1rio cortado pode ter ganho aux\u00edlio a mais e ter\u00e1 de devolver - Sindicato dos Banc\u00e1rios de S\u00e3o Bento do Sul e Regi\u00e3o","og_description":"Empregados com carteira assinada que tiveram a jornada reduzida ou o contrato de trabalho suspenso podem ter recebido [&hellip;]","og_url":"https:\/\/sindicatodosbancarios.org.br\/site2022\/2020\/06\/17\/informe-bancario-206-2020-quem-teve-salario-cortado-pode-ter-ganho-auxilio-a-mais-e-tera-de-devolver\/","og_site_name":"Sindicato dos Banc\u00e1rios de S\u00e3o Bento do Sul e Regi\u00e3o","article_author":"https:\/\/www.facebook.com\/seeb.sbs.9","article_published_time":"2020-06-17T19:17:01+00:00","og_image":[{"width":1200,"height":675,"url":"https:\/\/sindicatodosbancarios.org.br\/site2022\/wp-content\/uploads\/2020\/06\/1586786491-emer.jpg","type":"image\/jpeg"}],"author":"Sindicato dos Banc\u00e1rios S\u00e3o Bento do Sul e Regi\u00e3o","twitter_card":"summary_large_image","twitter_misc":{"Escrito por":"Sindicato dos Banc\u00e1rios S\u00e3o Bento do Sul e Regi\u00e3o","Est. tempo de leitura":"3 minutos"},"schema":{"@context":"https:\/\/schema.org","@graph":[{"@type":"Article","@id":"https:\/\/sindicatodosbancarios.org.br\/site2022\/2020\/06\/17\/informe-bancario-206-2020-quem-teve-salario-cortado-pode-ter-ganho-auxilio-a-mais-e-tera-de-devolver\/#article","isPartOf":{"@id":"https:\/\/sindicatodosbancarios.org.br\/site2022\/2020\/06\/17\/informe-bancario-206-2020-quem-teve-salario-cortado-pode-ter-ganho-auxilio-a-mais-e-tera-de-devolver\/"},"author":{"name":"Sindicato dos Banc\u00e1rios S\u00e3o Bento do Sul e Regi\u00e3o","@id":"https:\/\/sindicatodosbancarios.org.br\/site2022\/#\/schema\/person\/a7d92da77d1084df4d28b57962f1e1bd"},"headline":"INFORME BANC\u00c1RIO \u2013 206\/2020 Quem teve sal\u00e1rio cortado pode ter ganho aux\u00edlio a mais e ter\u00e1 de devolver","datePublished":"2020-06-17T19:17:01+00:00","dateModified":"2020-06-17T19:17:01+00:00","mainEntityOfPage":{"@id":"https:\/\/sindicatodosbancarios.org.br\/site2022\/2020\/06\/17\/informe-bancario-206-2020-quem-teve-salario-cortado-pode-ter-ganho-auxilio-a-mais-e-tera-de-devolver\/"},"wordCount":619,"commentCount":0,"publisher":{"@id":"https:\/\/sindicatodosbancarios.org.br\/site2022\/#organization"},"keywords":["AUX\u00cdLIO","CORONAV\u00cdRUS","CRISE","MERCADO DE TRABALHO","PANDEMIA","sindicato","sindicato dos bancarios","sindicato dos banc\u00e1rios de s\u00e3o bento do sul"],"articleSection":["Geral"],"inLanguage":"pt-BR","potentialAction":[{"@type":"CommentAction","name":"Comment","target":["https:\/\/sindicatodosbancarios.org.br\/site2022\/2020\/06\/17\/informe-bancario-206-2020-quem-teve-salario-cortado-pode-ter-ganho-auxilio-a-mais-e-tera-de-devolver\/#respond"]}]},{"@type":"WebPage","@id":"https:\/\/sindicatodosbancarios.org.br\/site2022\/2020\/06\/17\/informe-bancario-206-2020-quem-teve-salario-cortado-pode-ter-ganho-auxilio-a-mais-e-tera-de-devolver\/","url":"https:\/\/sindicatodosbancarios.org.br\/site2022\/2020\/06\/17\/informe-bancario-206-2020-quem-teve-salario-cortado-pode-ter-ganho-auxilio-a-mais-e-tera-de-devolver\/","name":"INFORME BANC\u00c1RIO \u2013 206\/2020 Quem teve sal\u00e1rio cortado pode ter ganho aux\u00edlio a mais e ter\u00e1 de devolver - Sindicato dos Banc\u00e1rios de S\u00e3o Bento do Sul e Regi\u00e3o","isPartOf":{"@id":"https:\/\/sindicatodosbancarios.org.br\/site2022\/#website"},"datePublished":"2020-06-17T19:17:01+00:00","dateModified":"2020-06-17T19:17:01+00:00","breadcrumb":{"@id":"https:\/\/sindicatodosbancarios.org.br\/site2022\/2020\/06\/17\/informe-bancario-206-2020-quem-teve-salario-cortado-pode-ter-ganho-auxilio-a-mais-e-tera-de-devolver\/#breadcrumb"},"inLanguage":"pt-BR","potentialAction":[{"@type":"ReadAction","target":["https:\/\/sindicatodosbancarios.org.br\/site2022\/2020\/06\/17\/informe-bancario-206-2020-quem-teve-salario-cortado-pode-ter-ganho-auxilio-a-mais-e-tera-de-devolver\/"]}]},{"@type":"BreadcrumbList","@id":"https:\/\/sindicatodosbancarios.org.br\/site2022\/2020\/06\/17\/informe-bancario-206-2020-quem-teve-salario-cortado-pode-ter-ganho-auxilio-a-mais-e-tera-de-devolver\/#breadcrumb","itemListElement":[{"@type":"ListItem","position":1,"name":"In\u00edcio","item":"https:\/\/sindicatodosbancarios.org.br\/site2022\/"},{"@type":"ListItem","position":2,"name":"INFORME BANC\u00c1RIO \u2013 206\/2020 Quem teve sal\u00e1rio cortado pode ter ganho aux\u00edlio a mais e ter\u00e1 de devolver"}]},{"@type":"WebSite","@id":"https:\/\/sindicatodosbancarios.org.br\/site2022\/#website","url":"https:\/\/sindicatodosbancarios.org.br\/site2022\/","name":"Sindicato dos Banc\u00e1rios de S\u00e3o Bento do Sul e Regi\u00e3o","description":"Website institucional do Sindicato dos Banc\u00e1rios de S\u00e3o Bento do Sul e Regi\u00e3o","publisher":{"@id":"https:\/\/sindicatodosbancarios.org.br\/site2022\/#organization"},"potentialAction":[{"@type":"SearchAction","target":{"@type":"EntryPoint","urlTemplate":"https:\/\/sindicatodosbancarios.org.br\/site2022\/?s={search_term_string}"},"query-input":"required name=search_term_string"}],"inLanguage":"pt-BR"},{"@type":"Organization","@id":"https:\/\/sindicatodosbancarios.org.br\/site2022\/#organization","name":"Sindicato dos Banc\u00e1rios de S\u00e3o Bento do Sul e Regi\u00e3o","url":"https:\/\/sindicatodosbancarios.org.br\/site2022\/","logo":{"@type":"ImageObject","inLanguage":"pt-BR","@id":"https:\/\/sindicatodosbancarios.org.br\/site2022\/#\/schema\/logo\/image\/","url":"https:\/\/sindicatodosbancarios.org.br\/site2022\/wp-content\/uploads\/2017\/06\/cropped-logo-2.png","contentUrl":"https:\/\/sindicatodosbancarios.org.br\/site2022\/wp-content\/uploads\/2017\/06\/cropped-logo-2.png","width":292,"height":292,"caption":"Sindicato dos Banc\u00e1rios de S\u00e3o Bento do Sul e Regi\u00e3o"},"image":{"@id":"https:\/\/sindicatodosbancarios.org.br\/site2022\/#\/schema\/logo\/image\/"}},{"@type":"Person","@id":"https:\/\/sindicatodosbancarios.org.br\/site2022\/#\/schema\/person\/a7d92da77d1084df4d28b57962f1e1bd","name":"Sindicato dos Banc\u00e1rios S\u00e3o Bento do Sul e Regi\u00e3o","image":{"@type":"ImageObject","inLanguage":"pt-BR","@id":"https:\/\/sindicatodosbancarios.org.br\/site2022\/#\/schema\/person\/image\/","url":"https:\/\/secure.gravatar.com\/avatar\/f1d1a06f698f2345352e539387180d42?s=96&d=mm&r=g","contentUrl":"https:\/\/secure.gravatar.com\/avatar\/f1d1a06f698f2345352e539387180d42?s=96&d=mm&r=g","caption":"Sindicato dos Banc\u00e1rios S\u00e3o Bento do Sul e Regi\u00e3o"},"sameAs":["http:\/\/sindicatodosbancarios.org.br\/site2022\/","https:\/\/www.facebook.com\/seeb.sbs.9"],"url":"https:\/\/sindicatodosbancarios.org.br\/site2022\/author\/sindicatodosbancarios\/"}]}},"jetpack_featured_media_url":"https:\/\/sindicatodosbancarios.org.br\/site2022\/wp-content\/uploads\/2020\/06\/1586786491-emer.jpg","jetpack_sharing_enabled":true,"jetpack_shortlink":"https:\/\/wp.me\/p8RSbI-11P","jetpack-related-posts":[{"id":4811,"url":"https:\/\/sindicatodosbancarios.org.br\/site2022\/2020\/11\/23\/informe-bancario-441-2020-13o-salario-governo-define-pagamento-para-quem-teve-jornada-reduzida-ou-contrato-suspenso\/","url_meta":{"origin":3957,"position":0},"title":"INFORME BANC\u00c1RIO \u2013 441\/2020 13\u00ba sal\u00e1rio: Governo define pagamento para quem teve jornada reduzida ou contrato suspenso","date":"23 de novembro de 2020","format":false,"excerpt":"Regra deve ser observada principalmente nos casos em que os trabalhadores estiverem trabalhando em jornada reduzida no m\u00eas de dezembro. Nesta \u00faltima ter\u00e7a-feira, 17, a Secretaria Especial de Previd\u00eancia e Trabalho afirmou que o valor do\u00a013\u00ba sal\u00e1rio\u00a0e das f\u00e9rias de trabalhadores que tiveram jornadas e sal\u00e1rios parcialmente reduzidos ter\u00e3o parcelas\u2026","rel":"","context":"Em &quot;Geral&quot;","img":{"alt_text":"","src":"https:\/\/i0.wp.com\/sindicatodosbancarios.org.br\/site2022\/wp-content\/uploads\/2020\/11\/clt-carteira-de-trabalho-coronavirus-emprego-1593194855519_v2_900x506.jpg?resize=350%2C200&ssl=1","width":350,"height":200},"classes":[]},{"id":4942,"url":"https:\/\/sindicatodosbancarios.org.br\/site2022\/2020\/12\/29\/informe-bancario-478-2020-seeb-sbs-e-regiao-renova-termo-de-adesao-act-ccv-com-a-caixa-economica-federal\/","url_meta":{"origin":3957,"position":1},"title":"INFORME BANC\u00c1RIO \u2013 478\/2020 SEEB SBS E REGI\u00c3O &#8211; RENOVA TERMO DE ADES\u00c3O ACT CCV COM A CAIXA ECON\u00d4MICA FEDERAL","date":"29 de dezembro de 2020","format":false,"excerpt":"O Sindicato segue realizando concilia\u00e7\u00f5es de CCV (Comiss\u00e3o de Concilia\u00e7\u00e3o Volunt\u00e1ria) para os Ex-empregados da Caixa Econ\u00f4mica Federal, conseguindo recuperar direitos relacionados ao benef\u00edcio futuro do Aux\u00edlio-alimenta\u00e7\u00e3o p\u00f3s-aposentadoria. As recentes propostas do Banco foram apresentadas e analisadas pelo Presidente do Sindicato Sr. Luiz Carlos de Oliveira, com aprova\u00e7\u00e3o dos Ex-empregados.\u2026","rel":"","context":"Em &quot;Caixa Econ\u00f4mica Federal&quot;","img":{"alt_text":"","src":"https:\/\/i0.wp.com\/sindicatodosbancarios.org.br\/site2022\/wp-content\/uploads\/2020\/09\/brasilia-df-brasil-caixa-economica-federal-foto-marcelo-camargoagencia-brasil-1600822484947_v2_900x506.jpg?resize=350%2C200&ssl=1","width":350,"height":200},"classes":[]},{"id":5329,"url":"https:\/\/sindicatodosbancarios.org.br\/site2022\/2021\/04\/22\/informe-bancarios-104-2021-sem-programa-do-governo-empresas-e-sindicatos-negociam-e-evitam-demissoes\/","url_meta":{"origin":3957,"position":2},"title":"INFORME BANC\u00c1RIOS \u2013 104\/2021 Sem programa do governo, empresas e sindicatos negociam e evitam demiss\u00f5es","date":"22 de abril de 2021","format":false,"excerpt":"O governo federal ainda n\u00e3o retomou o programa que permite redu\u00e7\u00e3o de jornada ou suspens\u00e3o do contrato de trabalho, para evitar demiss\u00f5es. Por causa disso, empresas e sindicatos est\u00e3o fazendo acordos coletivos para adotar uma das duas medidas e evitar corte de pessoal. Segundo levantamento do Salari\u00f4metro, da Fipe (Funda\u00e7\u00e3o\u2026","rel":"","context":"Em &quot;Geral&quot;","img":{"alt_text":"","src":"https:\/\/i0.wp.com\/sindicatodosbancarios.org.br\/site2022\/wp-content\/uploads\/2021\/02\/ecv8by7wzopiiudr6exo2c0gh.jpg?resize=350%2C200&ssl=1","width":350,"height":200},"classes":[]},{"id":4474,"url":"https:\/\/sindicatodosbancarios.org.br\/site2022\/2020\/09\/11\/informe-bancario-340-2020-governo-endurece-regra-para-ter-direito-as-4-parcelas-de-r-300-do-auxilio\/","url_meta":{"origin":3957,"position":3},"title":"INFORME BANC\u00c1RIO \u2013 340\/2020 Governo endurece regra para ter direito \u00e0s 4 parcelas de R$ 300 do aux\u00edlio","date":"11 de setembro de 2020","format":false,"excerpt":"A medida provis\u00f3ria publicada nesta quinta-feira (3) que prorrogou o aux\u00edlio emergencial com mais quatro parcelas de R$ 300 tamb\u00e9m alterou os crit\u00e9rios de renda para ter direito \u00e0 ajuda do governo federal. Al\u00e9m das regras previstas na lei que criou o aux\u00edlio emergencial, agora h\u00e1 novos fatores que podem\u2026","rel":"","context":"Em &quot;Geral&quot;","img":{"alt_text":"","src":"https:\/\/i0.wp.com\/sindicatodosbancarios.org.br\/site2022\/wp-content\/uploads\/2020\/06\/app-caixa-07042020120509129.png?resize=350%2C200&ssl=1","width":350,"height":200},"classes":[]},{"id":5284,"url":"https:\/\/sindicatodosbancarios.org.br\/site2022\/2021\/03\/31\/informe-bancarios-92-2021-movimento-sindical-bancario-e-empregados-cobram-direcao-da-caixa-correcao-no-pagamento-da-plr-conforme-o-act\/","url_meta":{"origin":3957,"position":4},"title":"INFORME BANC\u00c1RIOS \u2013 92\/2021 MOVIMENTO SINDICAL BANC\u00c1RIO E EMPREGADOS COBRAM DIRE\u00c7\u00c3O DA CAIXA CORRE\u00c7\u00c3O NO PAGAMENTO DA PLR CONFORME O ACT","date":"31 de mar\u00e7o de 2021","format":false,"excerpt":"Segundo levantamento do DIEESE, o pagamento foi feito utilizando o valor de 3% do lucro l\u00edquido e n\u00e3o 4%. A Confedera\u00e7\u00e3o Nacional dos Trabalhadores do Ramo Financeiro (CONTRAF-CUT), assessorada pela Comiss\u00e3o Executiva dos Empregados da Caixa (CEE\/Caixa), enviou um Of\u00edcio, na sexta-feira (26), \u00e0 Dire\u00e7\u00e3o do Banco cobrando esclarecimentos quanto\u2026","rel":"","context":"Em &quot;Caixa Econ\u00f4mica Federal&quot;","img":{"alt_text":"","src":"https:\/\/i0.wp.com\/sindicatodosbancarios.org.br\/site2022\/wp-content\/uploads\/2021\/03\/Caixa-Econ\u00f4mica-Federal-740x494.png?resize=350%2C200&ssl=1","width":350,"height":200},"classes":[]},{"id":4554,"url":"https:\/\/sindicatodosbancarios.org.br\/site2022\/2020\/09\/28\/informe-bancario-366-2020-gerentes-gerais-terao-10-dias-de-compensacao-pelos-sabados-trabalhados-para-o-pagamento-do-auxilio-emergencial\/","url_meta":{"origin":3957,"position":5},"title":"INFORME BANC\u00c1RIO \u2013 366\/2020 GERENTES GERAIS TER\u00c3O 10 DIAS DE COMPENSA\u00c7\u00c3O PELOS S\u00c1BADOS TRABALHADOS PARA O PAGAMENTO DO AUX\u00cdLIO EMERGENCIAL","date":"28 de setembro de 2020","format":false,"excerpt":"An\u00fancio \u00e9 resultado da reinvindica\u00e7\u00e3o da CEE\/Caixa na mesa de negocia\u00e7\u00e3o. Comiss\u00e3o cobrou a Caixa a compensa\u00e7\u00e3o ou remunera\u00e7\u00e3o para todos os empregados que trabalharam no s\u00e1bado e n\u00e3o bateram ponto. Os gerentes gerais de rede que trabalharam aos s\u00e1bados durante a abertura das ag\u00eancias para o pagamento do aux\u00edlio\u2026","rel":"","context":"Em &quot;Caixa Econ\u00f4mica Federal&quot;","img":{"alt_text":"","src":"https:\/\/i0.wp.com\/sindicatodosbancarios.org.br\/site2022\/wp-content\/uploads\/2020\/05\/25fin-100-caixa-c1-img01.jpg?resize=350%2C200&ssl=1","width":350,"height":200},"classes":[]}],"_links":{"self":[{"href":"https:\/\/sindicatodosbancarios.org.br\/site2022\/wp-json\/wp\/v2\/posts\/3957"}],"collection":[{"href":"https:\/\/sindicatodosbancarios.org.br\/site2022\/wp-json\/wp\/v2\/posts"}],"about":[{"href":"https:\/\/sindicatodosbancarios.org.br\/site2022\/wp-json\/wp\/v2\/types\/post"}],"author":[{"embeddable":true,"href":"https:\/\/sindicatodosbancarios.org.br\/site2022\/wp-json\/wp\/v2\/users\/2"}],"replies":[{"embeddable":true,"href":"https:\/\/sindicatodosbancarios.org.br\/site2022\/wp-json\/wp\/v2\/comments?post=3957"}],"version-history":[{"count":2,"href":"https:\/\/sindicatodosbancarios.org.br\/site2022\/wp-json\/wp\/v2\/posts\/3957\/revisions"}],"predecessor-version":[{"id":3960,"href":"https:\/\/sindicatodosbancarios.org.br\/site2022\/wp-json\/wp\/v2\/posts\/3957\/revisions\/3960"}],"wp:featuredmedia":[{"embeddable":true,"href":"https:\/\/sindicatodosbancarios.org.br\/site2022\/wp-json\/wp\/v2\/media\/3958"}],"wp:attachment":[{"href":"https:\/\/sindicatodosbancarios.org.br\/site2022\/wp-json\/wp\/v2\/media?parent=3957"}],"wp:term":[{"taxonomy":"category","embeddable":true,"href":"https:\/\/sindicatodosbancarios.org.br\/site2022\/wp-json\/wp\/v2\/categories?post=3957"},{"taxonomy":"post_tag","embeddable":true,"href":"https:\/\/sindicatodosbancarios.org.br\/site2022\/wp-json\/wp\/v2\/tags?post=3957"}],"curies":[{"name":"wp","href":"https:\/\/api.w.org\/{rel}","templated":true}]}}