{"id":3965,"date":"2020-06-18T08:23:21","date_gmt":"2020-06-18T11:23:21","guid":{"rendered":"https:\/\/sindicatodosbancarios.org.br\/?p=3965"},"modified":"2020-06-18T08:23:21","modified_gmt":"2020-06-18T11:23:21","slug":"informe-bancario-208-2020-se-eu-virar-mei-posso-ter-minha-aposentadoria-prejudicada","status":"publish","type":"post","link":"https:\/\/sindicatodosbancarios.org.br\/site2022\/2020\/06\/18\/informe-bancario-208-2020-se-eu-virar-mei-posso-ter-minha-aposentadoria-prejudicada\/","title":{"rendered":"INFORME BANC\u00c1RIO \u2013 208\/2020 Se eu virar MEI, posso ter minha aposentadoria prejudicada?"},"content":{"rendered":"<p>O<span style=\"color: #000000;\">\u00a0<strong><a style=\"color: #000000;\" href=\"https:\/\/moneyinvest.com.br\/mei-o-prazo-para-entrega-da-declaracao-anual-de-faturamento-e-ate-30-de-junho\/\">MEI\u00a0<\/a><\/strong>foi uma maneira encontrada pelo Governo federal para legalizar os trabalhadores informais. Na\u00a0<strong><a style=\"color: #000000;\" href=\"https:\/\/moneyinvest.com.br\/mei-saiba-como-emitir-e-pagar-sua-das-mei\/\">DAS<\/a><\/strong>\u00a0(Documento de Arrecada\u00e7\u00e3o do Simples Nacional) est\u00e1 inclu\u00edda a al\u00edquota reduzida de 5% sobre o sal\u00e1rio m\u00ednimo vigente, que \u00e9 destinado \u00e0\u00a0<strong>previd\u00eancia social.<\/strong><\/span><\/p>\n<p><span style=\"color: #000000;\">Com essas contribui\u00e7\u00f5es, o\u00a0<a style=\"color: #000000;\" href=\"https:\/\/moneyinvest.com.br\/mei-como-conseguir-o-credmei-emprestimo-para-micro-empreendedor-individual\/\"><strong>Microempreendedor Individual<\/strong><\/a>\u00a0tem acesso aos seguintes benef\u00edcios previdenci\u00e1rios:\u00a0<a style=\"color: #000000;\" href=\"https:\/\/www.inss.gov.br\/beneficios\/auxilio-doenca\/\" target=\"_blank\" rel=\"noreferrer noopener\" aria-label=\" (abre numa nova aba)\">Aux\u00edlio-doen\u00e7a<\/a>,\u00a0<a style=\"color: #000000;\" href=\"https:\/\/www.inss.gov.br\/beneficios\/salario-maternidade-urbano\/\" target=\"_blank\" rel=\"noreferrer noopener\" aria-label=\" (abre numa nova aba)\">Sal\u00e1rio-maternidade<\/a>,\u00a0<a style=\"color: #000000;\" href=\"https:\/\/www.inss.gov.br\/beneficios\/aposentadoria-por-idade\/\" target=\"_blank\" rel=\"noreferrer noopener\" aria-label=\" (abre numa nova aba)\">Aposentadoria por Idade<\/a>,\u00a0<a style=\"color: #000000;\" href=\"https:\/\/www.inss.gov.br\/beneficios\/aposentadoria-por-invalidez\/\">Aposentadoria por Invalidez<\/a>, e os seus dependentes tem direito aos benef\u00edcios de\u00a0<a style=\"color: #000000;\" href=\"https:\/\/www.inss.gov.br\/beneficios\/pensao-por-morte\/\">Pens\u00e3o por morte<\/a>\u00a0e\u00a0<a style=\"color: #000000;\" href=\"https:\/\/www.inss.gov.br\/beneficios\/auxilio-reclusao-urbano\/\" target=\"_blank\" rel=\"noreferrer noopener\" aria-label=\" (abre numa nova aba)\">Aux\u00edlio-reclus\u00e3o<\/a>.<\/span><\/p>\n<p><span style=\"color: #000000;\">O valor da aposentadoria do Microempreendedor Individual, quando de sua concess\u00e3o,\u00a0tamb\u00e9m se limitar\u00e1 ao valor de um sal\u00e1rio-m\u00ednimo e n\u00e3o ter\u00e1 direito\u00a0a\u00a0<a style=\"color: #000000;\" href=\"https:\/\/www.inss.gov.br\/beneficios\/aposentadoria-por-tempo-de-contribuicao\/\" target=\"_blank\" rel=\"noreferrer noopener\" aria-label=\" (abre numa nova aba)\"><strong>aposentadoria por Tempo de Contribui\u00e7\u00e3o<\/strong><\/a>.\u00a0<\/span><\/p>\n<p><span style=\"color: #000000;\">O\u00a0<strong><a style=\"color: #000000;\" title=\"MEI\" href=\"https:\/\/moneyinvest.com.br\/mei\">MEI<\/a><\/strong>\u00a0que pretender contar o tempo de contribui\u00e7\u00e3o correspondente para fins de obten\u00e7\u00e3o da aposentadoria por tempo de contribui\u00e7\u00e3o, dever\u00e1 complementar a contribui\u00e7\u00e3o mensal, mediante recolhimento sobre o valor correspondente ao limite m\u00ednimo mensal do sal\u00e1rio-de-contribui\u00e7\u00e3o em vigor na compet\u00eancia a ser complementada, da diferen\u00e7a entre o percentual pago (11%) e o de 20%\u00a0<a style=\"color: #000000;\" href=\"http:\/\/normas.receita.fazenda.gov.br\/sijut2consulta\/link.action?visao=anotado&amp;idAto=37204#952077\" target=\"_blank\" rel=\"noreferrer noopener\" aria-label=\" (abre numa nova aba)\">(Inclu\u00eddo pela Instru\u00e7\u00e3o Normativa RFB n\u00ba 1238, de 11 de janeiro de 2012)<\/a>.<\/span><\/p>\n<p><span style=\"color: #000000; font-size: 8pt;\">Fonte Moneyinvest, 14\/06\/2020<\/span><\/p>\n","protected":false},"excerpt":{"rendered":"<p>O\u00a0MEI\u00a0foi uma maneira encontrada pelo Governo federal para legalizar os trabalhadores informais. Na\u00a0DAS\u00a0(Documento de Arrecada\u00e7\u00e3o do Simples Nacional) [&hellip;]<\/p>\n","protected":false},"author":2,"featured_media":3966,"comment_status":"open","ping_status":"open","sticky":false,"template":"","format":"standard","meta":{"jetpack_post_was_ever_published":false,"jetpack_publicize_message":"","jetpack_is_tweetstorm":false,"jetpack_publicize_feature_enabled":true,"jetpack_social_post_already_shared":true,"jetpack_social_options":[]},"categories":[1],"tags":[73,87,63,107,46,47,53],"jetpack_publicize_connections":[],"acf":[],"yoast_head":"<!-- This site is optimized with the Yoast SEO plugin v19.14 - https:\/\/yoast.com\/wordpress\/plugins\/seo\/ -->\n<title>INFORME BANC\u00c1RIO \u2013 208\/2020 Se eu virar MEI, posso ter minha aposentadoria prejudicada? - Sindicato dos Banc\u00e1rios de S\u00e3o Bento do Sul e Regi\u00e3o<\/title>\n<meta name=\"robots\" content=\"index, follow, max-snippet:-1, max-image-preview:large, max-video-preview:-1\" \/>\n<link rel=\"canonical\" href=\"https:\/\/sindicatodosbancarios.org.br\/site2022\/2020\/06\/18\/informe-bancario-208-2020-se-eu-virar-mei-posso-ter-minha-aposentadoria-prejudicada\/\" \/>\n<meta property=\"og:locale\" content=\"pt_BR\" \/>\n<meta property=\"og:type\" content=\"article\" \/>\n<meta property=\"og:title\" content=\"INFORME BANC\u00c1RIO \u2013 208\/2020 Se eu virar MEI, posso ter minha aposentadoria prejudicada? - Sindicato dos Banc\u00e1rios de S\u00e3o Bento do Sul e Regi\u00e3o\" \/>\n<meta property=\"og:description\" content=\"O\u00a0MEI\u00a0foi uma maneira encontrada pelo Governo federal para legalizar os trabalhadores informais. Na\u00a0DAS\u00a0(Documento de Arrecada\u00e7\u00e3o do Simples Nacional) [&hellip;]\" \/>\n<meta property=\"og:url\" content=\"https:\/\/sindicatodosbancarios.org.br\/site2022\/2020\/06\/18\/informe-bancario-208-2020-se-eu-virar-mei-posso-ter-minha-aposentadoria-prejudicada\/\" \/>\n<meta property=\"og:site_name\" content=\"Sindicato dos Banc\u00e1rios de S\u00e3o Bento do Sul e Regi\u00e3o\" \/>\n<meta property=\"article:author\" content=\"https:\/\/www.facebook.com\/seeb.sbs.9\" \/>\n<meta property=\"article:published_time\" content=\"2020-06-18T11:23:21+00:00\" \/>\n<meta property=\"og:image\" content=\"https:\/\/sindicatodosbancarios.org.br\/site2022\/wp-content\/uploads\/2020\/06\/mei-aposentadoria1.jpg\" \/>\n\t<meta property=\"og:image:width\" content=\"1000\" \/>\n\t<meta property=\"og:image:height\" content=\"460\" \/>\n\t<meta property=\"og:image:type\" content=\"image\/jpeg\" \/>\n<meta name=\"author\" content=\"Sindicato dos Banc\u00e1rios S\u00e3o Bento do Sul e Regi\u00e3o\" \/>\n<meta name=\"twitter:card\" content=\"summary_large_image\" \/>\n<meta name=\"twitter:label1\" content=\"Escrito por\" \/>\n\t<meta name=\"twitter:data1\" content=\"Sindicato dos Banc\u00e1rios S\u00e3o Bento do Sul e Regi\u00e3o\" \/>\n\t<meta name=\"twitter:label2\" content=\"Est. tempo de leitura\" \/>\n\t<meta name=\"twitter:data2\" content=\"1 minuto\" \/>\n<script type=\"application\/ld+json\" class=\"yoast-schema-graph\">{\"@context\":\"https:\/\/schema.org\",\"@graph\":[{\"@type\":\"Article\",\"@id\":\"https:\/\/sindicatodosbancarios.org.br\/site2022\/2020\/06\/18\/informe-bancario-208-2020-se-eu-virar-mei-posso-ter-minha-aposentadoria-prejudicada\/#article\",\"isPartOf\":{\"@id\":\"https:\/\/sindicatodosbancarios.org.br\/site2022\/2020\/06\/18\/informe-bancario-208-2020-se-eu-virar-mei-posso-ter-minha-aposentadoria-prejudicada\/\"},\"author\":{\"name\":\"Sindicato dos Banc\u00e1rios S\u00e3o Bento do Sul e Regi\u00e3o\",\"@id\":\"https:\/\/sindicatodosbancarios.org.br\/site2022\/#\/schema\/person\/a7d92da77d1084df4d28b57962f1e1bd\"},\"headline\":\"INFORME BANC\u00c1RIO \u2013 208\/2020 Se eu virar MEI, posso ter minha aposentadoria prejudicada?\",\"datePublished\":\"2020-06-18T11:23:21+00:00\",\"dateModified\":\"2020-06-18T11:23:21+00:00\",\"mainEntityOfPage\":{\"@id\":\"https:\/\/sindicatodosbancarios.org.br\/site2022\/2020\/06\/18\/informe-bancario-208-2020-se-eu-virar-mei-posso-ter-minha-aposentadoria-prejudicada\/\"},\"wordCount\":210,\"commentCount\":0,\"publisher\":{\"@id\":\"https:\/\/sindicatodosbancarios.org.br\/site2022\/#organization\"},\"keywords\":[\"CORONAV\u00cdRUS\",\"CRISE\",\"MERCADO DE TRABALHO\",\"PANDEMIA\",\"sindicato\",\"sindicato dos bancarios\",\"sindicato dos banc\u00e1rios de s\u00e3o bento do sul\"],\"articleSection\":[\"Geral\"],\"inLanguage\":\"pt-BR\",\"potentialAction\":[{\"@type\":\"CommentAction\",\"name\":\"Comment\",\"target\":[\"https:\/\/sindicatodosbancarios.org.br\/site2022\/2020\/06\/18\/informe-bancario-208-2020-se-eu-virar-mei-posso-ter-minha-aposentadoria-prejudicada\/#respond\"]}]},{\"@type\":\"WebPage\",\"@id\":\"https:\/\/sindicatodosbancarios.org.br\/site2022\/2020\/06\/18\/informe-bancario-208-2020-se-eu-virar-mei-posso-ter-minha-aposentadoria-prejudicada\/\",\"url\":\"https:\/\/sindicatodosbancarios.org.br\/site2022\/2020\/06\/18\/informe-bancario-208-2020-se-eu-virar-mei-posso-ter-minha-aposentadoria-prejudicada\/\",\"name\":\"INFORME BANC\u00c1RIO \u2013 208\/2020 Se eu virar MEI, posso ter minha aposentadoria prejudicada? - Sindicato dos Banc\u00e1rios de S\u00e3o Bento do Sul e Regi\u00e3o\",\"isPartOf\":{\"@id\":\"https:\/\/sindicatodosbancarios.org.br\/site2022\/#website\"},\"datePublished\":\"2020-06-18T11:23:21+00:00\",\"dateModified\":\"2020-06-18T11:23:21+00:00\",\"breadcrumb\":{\"@id\":\"https:\/\/sindicatodosbancarios.org.br\/site2022\/2020\/06\/18\/informe-bancario-208-2020-se-eu-virar-mei-posso-ter-minha-aposentadoria-prejudicada\/#breadcrumb\"},\"inLanguage\":\"pt-BR\",\"potentialAction\":[{\"@type\":\"ReadAction\",\"target\":[\"https:\/\/sindicatodosbancarios.org.br\/site2022\/2020\/06\/18\/informe-bancario-208-2020-se-eu-virar-mei-posso-ter-minha-aposentadoria-prejudicada\/\"]}]},{\"@type\":\"BreadcrumbList\",\"@id\":\"https:\/\/sindicatodosbancarios.org.br\/site2022\/2020\/06\/18\/informe-bancario-208-2020-se-eu-virar-mei-posso-ter-minha-aposentadoria-prejudicada\/#breadcrumb\",\"itemListElement\":[{\"@type\":\"ListItem\",\"position\":1,\"name\":\"In\u00edcio\",\"item\":\"https:\/\/sindicatodosbancarios.org.br\/site2022\/\"},{\"@type\":\"ListItem\",\"position\":2,\"name\":\"INFORME BANC\u00c1RIO \u2013 208\/2020 Se eu virar MEI, posso ter minha aposentadoria prejudicada?\"}]},{\"@type\":\"WebSite\",\"@id\":\"https:\/\/sindicatodosbancarios.org.br\/site2022\/#website\",\"url\":\"https:\/\/sindicatodosbancarios.org.br\/site2022\/\",\"name\":\"Sindicato dos Banc\u00e1rios de S\u00e3o Bento do Sul e Regi\u00e3o\",\"description\":\"Website institucional do Sindicato dos Banc\u00e1rios de S\u00e3o Bento do Sul e Regi\u00e3o\",\"publisher\":{\"@id\":\"https:\/\/sindicatodosbancarios.org.br\/site2022\/#organization\"},\"potentialAction\":[{\"@type\":\"SearchAction\",\"target\":{\"@type\":\"EntryPoint\",\"urlTemplate\":\"https:\/\/sindicatodosbancarios.org.br\/site2022\/?s={search_term_string}\"},\"query-input\":\"required name=search_term_string\"}],\"inLanguage\":\"pt-BR\"},{\"@type\":\"Organization\",\"@id\":\"https:\/\/sindicatodosbancarios.org.br\/site2022\/#organization\",\"name\":\"Sindicato dos Banc\u00e1rios de S\u00e3o Bento do Sul e Regi\u00e3o\",\"url\":\"https:\/\/sindicatodosbancarios.org.br\/site2022\/\",\"logo\":{\"@type\":\"ImageObject\",\"inLanguage\":\"pt-BR\",\"@id\":\"https:\/\/sindicatodosbancarios.org.br\/site2022\/#\/schema\/logo\/image\/\",\"url\":\"https:\/\/sindicatodosbancarios.org.br\/site2022\/wp-content\/uploads\/2017\/06\/cropped-logo-2.png\",\"contentUrl\":\"https:\/\/sindicatodosbancarios.org.br\/site2022\/wp-content\/uploads\/2017\/06\/cropped-logo-2.png\",\"width\":292,\"height\":292,\"caption\":\"Sindicato dos Banc\u00e1rios de S\u00e3o Bento do Sul e Regi\u00e3o\"},\"image\":{\"@id\":\"https:\/\/sindicatodosbancarios.org.br\/site2022\/#\/schema\/logo\/image\/\"}},{\"@type\":\"Person\",\"@id\":\"https:\/\/sindicatodosbancarios.org.br\/site2022\/#\/schema\/person\/a7d92da77d1084df4d28b57962f1e1bd\",\"name\":\"Sindicato dos Banc\u00e1rios S\u00e3o Bento do Sul e Regi\u00e3o\",\"image\":{\"@type\":\"ImageObject\",\"inLanguage\":\"pt-BR\",\"@id\":\"https:\/\/sindicatodosbancarios.org.br\/site2022\/#\/schema\/person\/image\/\",\"url\":\"https:\/\/secure.gravatar.com\/avatar\/f1d1a06f698f2345352e539387180d42?s=96&d=mm&r=g\",\"contentUrl\":\"https:\/\/secure.gravatar.com\/avatar\/f1d1a06f698f2345352e539387180d42?s=96&d=mm&r=g\",\"caption\":\"Sindicato dos Banc\u00e1rios S\u00e3o Bento do Sul e Regi\u00e3o\"},\"sameAs\":[\"http:\/\/sindicatodosbancarios.org.br\/site2022\/\",\"https:\/\/www.facebook.com\/seeb.sbs.9\"],\"url\":\"https:\/\/sindicatodosbancarios.org.br\/site2022\/author\/sindicatodosbancarios\/\"}]}<\/script>\n<!-- \/ Yoast SEO plugin. -->","yoast_head_json":{"title":"INFORME BANC\u00c1RIO \u2013 208\/2020 Se eu virar MEI, posso ter minha aposentadoria prejudicada? - Sindicato dos Banc\u00e1rios de S\u00e3o Bento do Sul e Regi\u00e3o","robots":{"index":"index","follow":"follow","max-snippet":"max-snippet:-1","max-image-preview":"max-image-preview:large","max-video-preview":"max-video-preview:-1"},"canonical":"https:\/\/sindicatodosbancarios.org.br\/site2022\/2020\/06\/18\/informe-bancario-208-2020-se-eu-virar-mei-posso-ter-minha-aposentadoria-prejudicada\/","og_locale":"pt_BR","og_type":"article","og_title":"INFORME BANC\u00c1RIO \u2013 208\/2020 Se eu virar MEI, posso ter minha aposentadoria prejudicada? - Sindicato dos Banc\u00e1rios de S\u00e3o Bento do Sul e Regi\u00e3o","og_description":"O\u00a0MEI\u00a0foi uma maneira encontrada pelo Governo federal para legalizar os trabalhadores informais. Na\u00a0DAS\u00a0(Documento de Arrecada\u00e7\u00e3o do Simples Nacional) [&hellip;]","og_url":"https:\/\/sindicatodosbancarios.org.br\/site2022\/2020\/06\/18\/informe-bancario-208-2020-se-eu-virar-mei-posso-ter-minha-aposentadoria-prejudicada\/","og_site_name":"Sindicato dos Banc\u00e1rios de S\u00e3o Bento do Sul e Regi\u00e3o","article_author":"https:\/\/www.facebook.com\/seeb.sbs.9","article_published_time":"2020-06-18T11:23:21+00:00","og_image":[{"width":1000,"height":460,"url":"https:\/\/sindicatodosbancarios.org.br\/site2022\/wp-content\/uploads\/2020\/06\/mei-aposentadoria1.jpg","type":"image\/jpeg"}],"author":"Sindicato dos Banc\u00e1rios S\u00e3o Bento do Sul e Regi\u00e3o","twitter_card":"summary_large_image","twitter_misc":{"Escrito por":"Sindicato dos Banc\u00e1rios S\u00e3o Bento do Sul e Regi\u00e3o","Est. tempo de leitura":"1 minuto"},"schema":{"@context":"https:\/\/schema.org","@graph":[{"@type":"Article","@id":"https:\/\/sindicatodosbancarios.org.br\/site2022\/2020\/06\/18\/informe-bancario-208-2020-se-eu-virar-mei-posso-ter-minha-aposentadoria-prejudicada\/#article","isPartOf":{"@id":"https:\/\/sindicatodosbancarios.org.br\/site2022\/2020\/06\/18\/informe-bancario-208-2020-se-eu-virar-mei-posso-ter-minha-aposentadoria-prejudicada\/"},"author":{"name":"Sindicato dos Banc\u00e1rios S\u00e3o Bento do Sul e Regi\u00e3o","@id":"https:\/\/sindicatodosbancarios.org.br\/site2022\/#\/schema\/person\/a7d92da77d1084df4d28b57962f1e1bd"},"headline":"INFORME BANC\u00c1RIO \u2013 208\/2020 Se eu virar MEI, posso ter minha aposentadoria prejudicada?","datePublished":"2020-06-18T11:23:21+00:00","dateModified":"2020-06-18T11:23:21+00:00","mainEntityOfPage":{"@id":"https:\/\/sindicatodosbancarios.org.br\/site2022\/2020\/06\/18\/informe-bancario-208-2020-se-eu-virar-mei-posso-ter-minha-aposentadoria-prejudicada\/"},"wordCount":210,"commentCount":0,"publisher":{"@id":"https:\/\/sindicatodosbancarios.org.br\/site2022\/#organization"},"keywords":["CORONAV\u00cdRUS","CRISE","MERCADO DE TRABALHO","PANDEMIA","sindicato","sindicato dos bancarios","sindicato dos banc\u00e1rios de s\u00e3o bento do sul"],"articleSection":["Geral"],"inLanguage":"pt-BR","potentialAction":[{"@type":"CommentAction","name":"Comment","target":["https:\/\/sindicatodosbancarios.org.br\/site2022\/2020\/06\/18\/informe-bancario-208-2020-se-eu-virar-mei-posso-ter-minha-aposentadoria-prejudicada\/#respond"]}]},{"@type":"WebPage","@id":"https:\/\/sindicatodosbancarios.org.br\/site2022\/2020\/06\/18\/informe-bancario-208-2020-se-eu-virar-mei-posso-ter-minha-aposentadoria-prejudicada\/","url":"https:\/\/sindicatodosbancarios.org.br\/site2022\/2020\/06\/18\/informe-bancario-208-2020-se-eu-virar-mei-posso-ter-minha-aposentadoria-prejudicada\/","name":"INFORME BANC\u00c1RIO \u2013 208\/2020 Se eu virar MEI, posso ter minha aposentadoria prejudicada? - Sindicato dos Banc\u00e1rios de S\u00e3o Bento do Sul e Regi\u00e3o","isPartOf":{"@id":"https:\/\/sindicatodosbancarios.org.br\/site2022\/#website"},"datePublished":"2020-06-18T11:23:21+00:00","dateModified":"2020-06-18T11:23:21+00:00","breadcrumb":{"@id":"https:\/\/sindicatodosbancarios.org.br\/site2022\/2020\/06\/18\/informe-bancario-208-2020-se-eu-virar-mei-posso-ter-minha-aposentadoria-prejudicada\/#breadcrumb"},"inLanguage":"pt-BR","potentialAction":[{"@type":"ReadAction","target":["https:\/\/sindicatodosbancarios.org.br\/site2022\/2020\/06\/18\/informe-bancario-208-2020-se-eu-virar-mei-posso-ter-minha-aposentadoria-prejudicada\/"]}]},{"@type":"BreadcrumbList","@id":"https:\/\/sindicatodosbancarios.org.br\/site2022\/2020\/06\/18\/informe-bancario-208-2020-se-eu-virar-mei-posso-ter-minha-aposentadoria-prejudicada\/#breadcrumb","itemListElement":[{"@type":"ListItem","position":1,"name":"In\u00edcio","item":"https:\/\/sindicatodosbancarios.org.br\/site2022\/"},{"@type":"ListItem","position":2,"name":"INFORME BANC\u00c1RIO \u2013 208\/2020 Se eu virar MEI, posso ter minha aposentadoria prejudicada?"}]},{"@type":"WebSite","@id":"https:\/\/sindicatodosbancarios.org.br\/site2022\/#website","url":"https:\/\/sindicatodosbancarios.org.br\/site2022\/","name":"Sindicato dos Banc\u00e1rios de S\u00e3o Bento do Sul e Regi\u00e3o","description":"Website institucional do Sindicato dos Banc\u00e1rios de S\u00e3o Bento do Sul e Regi\u00e3o","publisher":{"@id":"https:\/\/sindicatodosbancarios.org.br\/site2022\/#organization"},"potentialAction":[{"@type":"SearchAction","target":{"@type":"EntryPoint","urlTemplate":"https:\/\/sindicatodosbancarios.org.br\/site2022\/?s={search_term_string}"},"query-input":"required name=search_term_string"}],"inLanguage":"pt-BR"},{"@type":"Organization","@id":"https:\/\/sindicatodosbancarios.org.br\/site2022\/#organization","name":"Sindicato dos Banc\u00e1rios de S\u00e3o Bento do Sul e Regi\u00e3o","url":"https:\/\/sindicatodosbancarios.org.br\/site2022\/","logo":{"@type":"ImageObject","inLanguage":"pt-BR","@id":"https:\/\/sindicatodosbancarios.org.br\/site2022\/#\/schema\/logo\/image\/","url":"https:\/\/sindicatodosbancarios.org.br\/site2022\/wp-content\/uploads\/2017\/06\/cropped-logo-2.png","contentUrl":"https:\/\/sindicatodosbancarios.org.br\/site2022\/wp-content\/uploads\/2017\/06\/cropped-logo-2.png","width":292,"height":292,"caption":"Sindicato dos Banc\u00e1rios de S\u00e3o Bento do Sul e Regi\u00e3o"},"image":{"@id":"https:\/\/sindicatodosbancarios.org.br\/site2022\/#\/schema\/logo\/image\/"}},{"@type":"Person","@id":"https:\/\/sindicatodosbancarios.org.br\/site2022\/#\/schema\/person\/a7d92da77d1084df4d28b57962f1e1bd","name":"Sindicato dos Banc\u00e1rios S\u00e3o Bento do Sul e Regi\u00e3o","image":{"@type":"ImageObject","inLanguage":"pt-BR","@id":"https:\/\/sindicatodosbancarios.org.br\/site2022\/#\/schema\/person\/image\/","url":"https:\/\/secure.gravatar.com\/avatar\/f1d1a06f698f2345352e539387180d42?s=96&d=mm&r=g","contentUrl":"https:\/\/secure.gravatar.com\/avatar\/f1d1a06f698f2345352e539387180d42?s=96&d=mm&r=g","caption":"Sindicato dos Banc\u00e1rios S\u00e3o Bento do Sul e Regi\u00e3o"},"sameAs":["http:\/\/sindicatodosbancarios.org.br\/site2022\/","https:\/\/www.facebook.com\/seeb.sbs.9"],"url":"https:\/\/sindicatodosbancarios.org.br\/site2022\/author\/sindicatodosbancarios\/"}]}},"jetpack_featured_media_url":"https:\/\/sindicatodosbancarios.org.br\/site2022\/wp-content\/uploads\/2020\/06\/mei-aposentadoria1.jpg","jetpack_sharing_enabled":true,"jetpack_shortlink":"https:\/\/wp.me\/p8RSbI-11X","jetpack-related-posts":[{"id":5224,"url":"https:\/\/sindicatodosbancarios.org.br\/site2022\/2021\/03\/02\/nforme-bancarios-74-2021-mei-pode-se-aposentar-com-mais-de-um-salario-minimo-veja-como-complementar-a-contribuicao\/","url_meta":{"origin":3965,"position":0},"title":"INFORME BANC\u00c1RIOS \u2013 74\/2021 MEI pode se aposentar com mais de um sal\u00e1rio m\u00ednimo? Veja como complementar a contribui\u00e7\u00e3o","date":"2 de mar\u00e7o de 2021","format":false,"excerpt":"Tire suas d\u00favidas sobre aposentadoria para MEI e descubra o que mudou nas regras com a homologa\u00e7\u00e3o da Reforma da Previd\u00eancia. A Reforma da Previd\u00eancia que entrou em vigor em 2019 trouxe muitas mudan\u00e7as na vida de quem pretende se aposentar, incluindo os Microempreendedores Individuais (MEI). Com as altera\u00e7\u00f5es, muitas\u2026","rel":"","context":"Em &quot;Geral&quot;","img":{"alt_text":"","src":"https:\/\/i0.wp.com\/sindicatodosbancarios.org.br\/site2022\/wp-content\/uploads\/2021\/03\/mei-1200x701.png?resize=350%2C200&ssl=1","width":350,"height":200},"classes":[]},{"id":4877,"url":"https:\/\/sindicatodosbancarios.org.br\/site2022\/2020\/12\/15\/informe-bancario-460-2020-em-assembleia-bancarios-do-itau-aprovam-acordo-de-teletrabalho\/","url_meta":{"origin":3965,"position":1},"title":"INFORME BANC\u00c1RIO \u2013 460\/2020 EM ASSEMBLEIA, BANC\u00c1RIOS DO ITA\u00da APROVAM ACORDO DE TELETRABALHO","date":"15 de dezembro de 2020","format":false,"excerpt":"Trabalhadores do Banco Ita\u00fa Unibanco SA, conquistaram acordo que garante ajuda de custo, fornecimento pela empresa de equipamentos e cadeira adequada, manuten\u00e7\u00e3o do VR e VA nos termos da CCT, controle de jornada, entre outros pontos. Em Assembleia Virtual encerrada \u00e0s 20h desta sexta-feira dia 04, os Banc\u00e1rios do Ita\u00fa\u2026","rel":"","context":"Em &quot;Ita\u00fa&quot;","img":{"alt_text":"","src":"https:\/\/i0.wp.com\/sindicatodosbancarios.org.br\/site2022\/wp-content\/uploads\/2020\/12\/141220141318-ITA\u00da.jpeg?resize=350%2C200&ssl=1","width":350,"height":200},"classes":[]},{"id":5641,"url":"https:\/\/sindicatodosbancarios.org.br\/site2022\/2021\/08\/24\/informe-bancario-200-2021-renovacao-convenio-entre-sindicato-e-patanegra-cervejaria\/","url_meta":{"origin":3965,"position":2},"title":"INFORME BANC\u00c1RIO \u2013 200\/2021 &#8211; RENOVA\u00c7\u00c3O CONV\u00caNIO ENTRE SINDICATO E PATANEGRA CERVEJARIA","date":"24 de agosto de 2021","format":false,"excerpt":"O Sindicato dos Banc\u00e1rios de S\u00e3o Bento do Sul e Regi\u00e3o e PataNegra Cervejaria renovam seu conv\u00eanio por mais 3 (tr\u00eas) anos, parceria que come\u00e7ou em maio de 2019. A conceituada Cervejaria PataNegra de S\u00e3o Bento do Sul, com endere\u00e7o na Rodovia Deputado Gen\u00e9sio Tureck (Acesso Oeste), n\u00ba 1355 \u2013\u2026","rel":"","context":"Em &quot;Geral&quot;","img":{"alt_text":"","src":"https:\/\/i0.wp.com\/sindicatodosbancarios.org.br\/site2022\/wp-content\/uploads\/2021\/08\/brewpub-anexo-a-cervejaria.jpg?resize=350%2C200&ssl=1","width":350,"height":200},"classes":[]},{"id":5350,"url":"https:\/\/sindicatodosbancarios.org.br\/site2022\/2021\/04\/27\/informe-bancarios-111-2021-bancarios-devem-denunciar-ao-seu-sindicato-caso-o-banco-descumpra-qualquer-uma-das-medidas\/","url_meta":{"origin":3965,"position":3},"title":"INFORME BANC\u00c1RIOS \u2013 111\/2021 BANC\u00c1RIOS DEVEM DENUNCIAR AO SEU SINDICATO CASO O BANCO DESCUMPRA QUALQUER UMA DAS MEDIDAS","date":"27 de abril de 2021","format":false,"excerpt":"O Banco Santander, atendendo \u00e0s Reivindica\u00e7\u00f5es do Movimento Sindical Banc\u00e1rio e \u00e0s novas recomenda\u00e7\u00f5es da Organiza\u00e7\u00e3o Mundial da Sa\u00fade (OMS), anunciou novas medidas para preven\u00e7\u00e3o e controle da covid-19, incluindo novas regras de testagem sorol\u00f3gica. De agora em diante os testes para constatantes (pessoas que tiveram contato com algu\u00e9m contaminado)\u2026","rel":"","context":"Em &quot;Geral&quot;","img":{"alt_text":"","src":"https:\/\/i0.wp.com\/sindicatodosbancarios.org.br\/site2022\/wp-content\/uploads\/2021\/02\/vagas-santander-agencia-do-banco-1562078449638_v2_900x506.jpg?resize=350%2C200&ssl=1","width":350,"height":200},"classes":[]},{"id":5971,"url":"https:\/\/sindicatodosbancarios.org.br\/site2022\/2022\/03\/29\/bancarios-homenageiam-adao-de-oliveira-inauguracao-quadras-esportivas-arbanc\/","url_meta":{"origin":3965,"position":4},"title":"BANC\u00c1RIOS HOMENAGEIAM AD\u00c3O DE OLIVEIRA &#8211; INAUGURA\u00c7\u00c3O QUADRAS ESPORTIVAS &#8211; ARBANC","date":"29 de mar\u00e7o de 2022","format":false,"excerpt":"No \u00faltimo dia 26 de mar\u00e7o, banc\u00e1rios da regi\u00e3o estiveram reunidos na sede da Associa\u00e7\u00e3o Recreativa dos Banc\u00e1rios \u201cJos\u00e9 Ilton Belli\u201d \u2013 ARBANC, localizada no Bairro Bras\u00edlia para uma confraterniza\u00e7\u00e3o e a inaugura\u00e7\u00e3o das quadras de futebol society e v\u00f4lei de areia. Na ocasi\u00e3o foi realizada a homenagem ao ex-banc\u00e1rio\u2026","rel":"","context":"Em &quot;Banco do Brasil&quot;","img":{"alt_text":"","src":"https:\/\/i0.wp.com\/sindicatodosbancarios.org.br\/site2022\/wp-content\/uploads\/2022\/03\/DSC_3974.jpg?resize=350%2C200&ssl=1","width":350,"height":200},"classes":[]},{"id":4199,"url":"https:\/\/sindicatodosbancarios.org.br\/site2022\/2020\/08\/03\/informe-bancario-273-2020-bancarios-do-banco-do-brasil-defendem-mesa-unica-de-negociacao-com-a-fenaban\/","url_meta":{"origin":3965,"position":5},"title":"INFORME BANC\u00c1RIO \u2013 273\/2020 Banc\u00e1rios do Banco do Brasil defendem mesa \u00fanica de negocia\u00e7\u00e3o com a Fenaban","date":"3 de agosto de 2020","format":false,"excerpt":"Representantes dos trabalhadores reivindicam que a dire\u00e7\u00e3o do banco integre as negocia\u00e7\u00f5es junto com a federa\u00e7\u00e3o dos bancos; segundo o Dieese, 69% das empresas p\u00fablicas que fizeram greve no ano passado acabaram suas campanhas salariais no Tribunal Superior do Trabalho. Os banc\u00e1rios do\u00a0Banco do Brasil\u00a0defendem\u00a0a participa\u00e7\u00e3o do Banco do Brasil\u2026","rel":"","context":"Em &quot;Banco do Brasil&quot;","img":{"alt_text":"","src":"https:\/\/i0.wp.com\/sindicatodosbancarios.org.br\/site2022\/wp-content\/uploads\/2020\/08\/bancarios_do_banco_do_brasil_mesa_unica_negociacao_fenaban_campanha_nacional_2020.jpg?resize=350%2C200&ssl=1","width":350,"height":200},"classes":[]}],"_links":{"self":[{"href":"https:\/\/sindicatodosbancarios.org.br\/site2022\/wp-json\/wp\/v2\/posts\/3965"}],"collection":[{"href":"https:\/\/sindicatodosbancarios.org.br\/site2022\/wp-json\/wp\/v2\/posts"}],"about":[{"href":"https:\/\/sindicatodosbancarios.org.br\/site2022\/wp-json\/wp\/v2\/types\/post"}],"author":[{"embeddable":true,"href":"https:\/\/sindicatodosbancarios.org.br\/site2022\/wp-json\/wp\/v2\/users\/2"}],"replies":[{"embeddable":true,"href":"https:\/\/sindicatodosbancarios.org.br\/site2022\/wp-json\/wp\/v2\/comments?post=3965"}],"version-history":[{"count":1,"href":"https:\/\/sindicatodosbancarios.org.br\/site2022\/wp-json\/wp\/v2\/posts\/3965\/revisions"}],"predecessor-version":[{"id":3967,"href":"https:\/\/sindicatodosbancarios.org.br\/site2022\/wp-json\/wp\/v2\/posts\/3965\/revisions\/3967"}],"wp:featuredmedia":[{"embeddable":true,"href":"https:\/\/sindicatodosbancarios.org.br\/site2022\/wp-json\/wp\/v2\/media\/3966"}],"wp:attachment":[{"href":"https:\/\/sindicatodosbancarios.org.br\/site2022\/wp-json\/wp\/v2\/media?parent=3965"}],"wp:term":[{"taxonomy":"category","embeddable":true,"href":"https:\/\/sindicatodosbancarios.org.br\/site2022\/wp-json\/wp\/v2\/categories?post=3965"},{"taxonomy":"post_tag","embeddable":true,"href":"https:\/\/sindicatodosbancarios.org.br\/site2022\/wp-json\/wp\/v2\/tags?post=3965"}],"curies":[{"name":"wp","href":"https:\/\/api.w.org\/{rel}","templated":true}]}}