{"id":3991,"date":"2020-06-22T08:33:25","date_gmt":"2020-06-22T11:33:25","guid":{"rendered":"https:\/\/sindicatodosbancarios.org.br\/?p=3991"},"modified":"2020-06-22T08:33:25","modified_gmt":"2020-06-22T11:33:25","slug":"informe-bancario-215-2020-guia-da-aposentadoria-o-que-muda-para-servidores-publicos-federais","status":"publish","type":"post","link":"https:\/\/sindicatodosbancarios.org.br\/site2022\/2020\/06\/22\/informe-bancario-215-2020-guia-da-aposentadoria-o-que-muda-para-servidores-publicos-federais\/","title":{"rendered":"INFORME BANC\u00c1RIO \u2013 215\/2020 Guia da Aposentadoria: o que muda para servidores p\u00fablicos federais"},"content":{"rendered":"<p>A <strong>reforma da Previd\u00eancia, aprovada em novembro de 2019<\/strong>, muda as regras para se aposentar e ter direito a outros benef\u00edcios, como pens\u00e3o por morte e aux\u00edlio-doen\u00e7a. O UOL Economia preparou o <strong>Guia da Aposentadoria<\/strong>, que explica as novas regras de um jeito simples de entender.<\/p>\n<p><span style=\"font-size: 14pt;\"><strong>Mudan\u00e7as valem s\u00f3 para servidores federais <\/strong><\/span><\/p>\n<p>As novas regras criadas com a reforma da Previd\u00eancia valem apenas para os servidores p\u00fablicos federais, porque estados e munic\u00edpios ficaram de fora.<\/p>\n<p>H\u00e1 uma outra proposta em tramita\u00e7\u00e3o que pode reinclu\u00ed-los nas novas regras. Al\u00e9m disso, algumas assembleias estaduais e municipais t\u00eam aprovado reformas da Previd\u00eancia locais, mudando as regras para os servidores estaduais e municipais.<\/p>\n<p><span style=\"font-size: 14pt;\"><strong>Quais as novas regras <\/strong><\/span><\/p>\n<p>A aposentadoria por tempo de contribui\u00e7\u00e3o deixa de existir. Agora, s\u00f3 existe a aposentadoria por idade. \u00c9 preciso ter, no m\u00ednimo, 65 anos de idade, para homens, e 62 anos de idade, para mulheres, al\u00e9m de, pelo menos, 25 anos de contribui\u00e7\u00e3o, 10 anos no servi\u00e7o p\u00fablico e 5 anos no \u00faltimo cargo.<\/p>\n<p><span style=\"font-size: 14pt;\"><strong>Regra para aposentadoria de servidores federais<\/strong><\/span><\/p>\n<div class=\"ig-items\">\n<div class=\"moveable_w\" data-object-type=\"chart\">\n<div class=\"moveable chart ig-theme-group-chart\">\n<div class=\"inner\" role=\"presentation\" aria-hidden=\"true\">\n<div class=\"igc-content\">\n<div class=\"igc-root\" role=\"tabpanel\">\n<div class=\"igc-textual-entry\">\n<div class=\"igc-textual-text innertext\">\n<div class=\"igc-textual-figure\">Idade<\/div>\n<div class=\"igc-textual-fact\"><\/div>\n<\/div>\n<\/div>\n<div class=\"igc-textual-entry\">\n<div class=\"igc-textual-icon\">62 anos<\/div>\n<div class=\"igc-textual-text innertext\">\n<div class=\"igc-textual-fact\">no m\u00ednimo, para mulheres<\/div>\n<\/div>\n<\/div>\n<div class=\"igc-textual-entry\">\n<div class=\"igc-textual-icon\"><\/div>\n<div class=\"igc-textual-text innertext\">\n<div class=\"igc-textual-figure\">65 anos<\/div>\n<div class=\"igc-textual-fact\">no m\u00ednimo,\u00a0\u00a0para homens<\/div>\n<\/div>\n<\/div>\n<div class=\"igc-textual-entry\">\n<div class=\"igc-textual-icon\"><\/div>\n<\/div>\n<div class=\"igc-textual-entry\">\n<div class=\"igc-textual-text innertext\">\n<div class=\"igc-textual-figure\">Tempo de contribui\u00e7\u00e3o<\/div>\n<div class=\"igc-textual-fact\"><\/div>\n<\/div>\n<\/div>\n<div class=\"igc-textual-entry\">\n<div class=\"igc-textual-text innertext\">\n<div class=\"igc-textual-figure\">15 anos<\/div>\n<div class=\"igc-textual-fact\">no m\u00ednimo, de contribui\u00e7\u00e3o<\/div>\n<\/div>\n<\/div>\n<div class=\"igc-textual-entry\">\n<div class=\"igc-textual-icon\"><\/div>\n<div class=\"igc-textual-text innertext\">\n<div class=\"igc-textual-fact\"><b>Tempo de trabalho<\/b><\/div>\n<\/div>\n<\/div>\n<div class=\"igc-textual-entry\">\n<div class=\"igc-textual-text innertext\">\n<div class=\"igc-textual-fact\"><\/div>\n<\/div>\n<\/div>\n<div class=\"igc-textual-entry\">\n<div class=\"igc-textual-text innertext\">\n<div class=\"igc-textual-figure\">10 anos<\/div>\n<div class=\"igc-textual-fact\">no servi\u00e7o p\u00fablico<\/div>\n<\/div>\n<\/div>\n<div class=\"igc-textual-entry\">\n<div class=\"igc-textual-icon\"><\/div>\n<div class=\"igc-textual-text innertext\">\n<div class=\"igc-textual-figure\">5 anos<\/div>\n<div class=\"igc-textual-fact\">no \u00faltimo cargo<\/div>\n<\/div>\n<\/div>\n<\/div>\n<\/div>\n<\/div>\n<\/div>\n<\/div>\n<\/div>\n<div><\/div>\n<div>Novo c\u00e1lculo do benef\u00edcio<\/div>\n<div>A m\u00e9dia \u00e9 calculada considerando 100% das contribui\u00e7\u00f5es.<\/div>\n<div><\/div>\n<div>Quem cumpre os requisitos m\u00ednimos (62 anos de idade, para mulheres, ou 65 anos, para homens, com 25 anos de contribui\u00e7\u00e3o) tem direito a 60% da m\u00e9dia salarial, com dois pontos percentuais a mais por ano de contribui\u00e7\u00e3o que ultrapassar os 25 anos.<\/div>\n<div><\/div>\n<div><span style=\"font-size: 14pt;\"><strong>Al\u00edquotas de contribui\u00e7\u00e3o<\/strong><\/span><\/div>\n<div><\/div>\n<div>As al\u00edquotas come\u00e7am em 7,5% para os que ganham at\u00e9 um sal\u00e1rio m\u00ednimo. Quem ganha mais de R$ 39 mil por m\u00eas pagar\u00e1 al\u00edquota m\u00ednima de 16,79%, podendo chegar a 22%.<\/div>\n<div><\/div>\n<div><span style=\"font-size: 14pt;\"><strong>Direito a integralidade e paridade<\/strong><\/span><\/div>\n<div><\/div>\n<div>Apenas aqueles que entraram no servi\u00e7o at\u00e9 2003 e cumprirem uma das regras de transi\u00e7\u00e3o poder\u00e3o se aposentar com integralidade e paridade. Os demais, assim como trabalhadores da iniciativa privada, ter\u00e3o sua aposentadoria seguindo um c\u00e1lculo que leva em conta o tempo de trabalho e que \u00e9 limitada pelo teto do INSS.<\/div>\n<div><\/div>\n<div><strong><span style=\"font-size: 14pt;\">Regras de transi\u00e7\u00e3o<\/span><\/strong><\/div>\n<div><\/div>\n<div>Quem est\u00e1 perto de se aposentar pode escolher entre duas regras de transi\u00e7\u00e3o.<\/div>\n<div><\/div>\n<div><strong><span style=\"font-size: 14pt;\">1) Sistema de pontos<\/span><\/strong><\/div>\n<div><\/div>\n<div><strong>Mulheres <\/strong><\/div>\n<div><\/div>\n<div>Em 2020, a soma da idade com o tempo de contribui\u00e7\u00e3o deve ser de 87 pontos. A pontua\u00e7\u00e3o sobe um ponto a cada ano, at\u00e9 chegar a 100 pontos em 2033.<\/div>\n<div><\/div>\n<div>Al\u00e9m dos pontos, \u00e9 preciso ter ao menos 30 anos de contribui\u00e7\u00e3o, 20 anos de tempo de servi\u00e7o p\u00fablico, 10 anos na carreira e 5 anos no cargo em que vai se aposentar.<\/div>\n<div><\/div>\n<div>\u00c9 preciso tamb\u00e9m ter uma idade m\u00ednima de 56 anos \u2014que sobe para 57 anos em 2022.<\/div>\n<div><\/div>\n<div><strong>Homens<\/strong><\/div>\n<div><\/div>\n<div>Em 2020, a soma da idade com o tempo de contribui\u00e7\u00e3o deve ser de 97 pontos. A pontua\u00e7\u00e3o sobe um ponto a cada ano, at\u00e9 chegar a 105 pontos em 2028.<\/div>\n<div><\/div>\n<div>Al\u00e9m dos pontos, \u00e9 preciso ter ao menos 35 anos de contribui\u00e7\u00e3o, 20 anos de tempo de servi\u00e7o p\u00fablico, 10 anos na carreira e 5 anos no cargo em que vai se aposentar.<\/div>\n<div><\/div>\n<div>\u00c9 preciso tamb\u00e9m ter uma idade m\u00ednima de 61 anos \u2014que sobe para 62 anos em 2022.<\/div>\n<div><\/div>\n<div><strong>Valor da aposentadoria<\/strong><\/div>\n<div><\/div>\n<div>Ser\u00e1 integral (igual ao \u00faltimo sal\u00e1rio) para quem entrou no servi\u00e7o p\u00fablico at\u00e9 31 de dezembro de 2003. Para quem entrou depois ou participa de fundo complementar de aposentadoria, o valor ser\u00e1 100% da m\u00e9dia de todas as contribui\u00e7\u00f5es.<\/div>\n<div><\/div>\n<div><span style=\"font-size: 14pt;\"><strong>2) Ped\u00e1gio de 100% <\/strong><\/span><\/div>\n<div><\/div>\n<div>Essa regra de transi\u00e7\u00e3o faz com que servidores que ingressaram h\u00e1 mais tempo no servi\u00e7o p\u00fablico tenham acesso mais cedo a um benef\u00edcio maior.<\/div>\n<div><\/div>\n<div><strong>Mulheres <\/strong><\/div>\n<div><\/div>\n<div>Poder\u00e1 se aposentar a partir dos 57 anos, mas precisa cumprir um ped\u00e1gio de 100% do tempo que faltava para chegar aos 30 anos de contribui\u00e7\u00e3o em 12 de novembro de 2019, quando a reforma da Previd\u00eancia entrou em vigor.<\/div>\n<div><\/div>\n<div><strong>Homens<\/strong><\/div>\n<div><\/div>\n<div>Poder\u00e1 se aposentar a partir dos 60 anos, mas precisa cumprir um ped\u00e1gio de 100% do tempo que faltava para chegar aos 35 anos de contribui\u00e7\u00e3o em 12 de novembro de 2019, quando a reforma da Previd\u00eancia entrou em vigor.<\/div>\n<div><\/div>\n<div><strong>Valor da aposentadoria <\/strong><\/div>\n<div><\/div>\n<div>Ser\u00e1 integral (igual ao \u00faltimo sal\u00e1rio) para quem entrou no servi\u00e7o p\u00fablico at\u00e9 31 de dezembro de 2003. Para quem entrou depois, o valor ser\u00e1 100% da m\u00e9dia de todas as contribui\u00e7\u00f5es.<\/div>\n<div><\/div>\n<div><span style=\"font-size: 8pt;\">Fonte UOL, 18\/06\/2020<\/span><\/div>\n","protected":false},"excerpt":{"rendered":"<p>A reforma da Previd\u00eancia, aprovada em novembro de 2019, muda as regras para se aposentar e ter direito [&hellip;]<\/p>\n","protected":false},"author":2,"featured_media":3993,"comment_status":"open","ping_status":"open","sticky":false,"template":"","format":"standard","meta":{"jetpack_post_was_ever_published":false,"jetpack_publicize_message":"","jetpack_is_tweetstorm":false,"jetpack_publicize_feature_enabled":true,"jetpack_social_post_already_shared":true,"jetpack_social_options":[]},"categories":[1],"tags":[81,49,68,75,73,86,87,84,63,107,88,46,47,53],"jetpack_publicize_connections":[],"acf":[],"yoast_head":"<!-- This site is optimized with the Yoast SEO plugin v19.14 - https:\/\/yoast.com\/wordpress\/plugins\/seo\/ -->\n<title>INFORME BANC\u00c1RIO \u2013 215\/2020 Guia da Aposentadoria: o que muda para servidores p\u00fablicos federais - Sindicato dos Banc\u00e1rios de S\u00e3o Bento do Sul e Regi\u00e3o<\/title>\n<meta name=\"robots\" content=\"index, follow, max-snippet:-1, max-image-preview:large, max-video-preview:-1\" \/>\n<link rel=\"canonical\" href=\"https:\/\/sindicatodosbancarios.org.br\/site2022\/2020\/06\/22\/informe-bancario-215-2020-guia-da-aposentadoria-o-que-muda-para-servidores-publicos-federais\/\" \/>\n<meta property=\"og:locale\" content=\"pt_BR\" \/>\n<meta property=\"og:type\" content=\"article\" \/>\n<meta property=\"og:title\" content=\"INFORME BANC\u00c1RIO \u2013 215\/2020 Guia da Aposentadoria: o que muda para servidores p\u00fablicos federais - Sindicato dos Banc\u00e1rios de S\u00e3o Bento do Sul e Regi\u00e3o\" \/>\n<meta property=\"og:description\" content=\"A reforma da Previd\u00eancia, aprovada em novembro de 2019, muda as regras para se aposentar e ter direito [&hellip;]\" \/>\n<meta property=\"og:url\" content=\"https:\/\/sindicatodosbancarios.org.br\/site2022\/2020\/06\/22\/informe-bancario-215-2020-guia-da-aposentadoria-o-que-muda-para-servidores-publicos-federais\/\" \/>\n<meta property=\"og:site_name\" content=\"Sindicato dos Banc\u00e1rios de S\u00e3o Bento do Sul e Regi\u00e3o\" \/>\n<meta property=\"article:author\" content=\"https:\/\/www.facebook.com\/seeb.sbs.9\" \/>\n<meta property=\"article:published_time\" content=\"2020-06-22T11:33:25+00:00\" \/>\n<meta property=\"og:image\" content=\"https:\/\/sindicatodosbancarios.org.br\/site2022\/wp-content\/uploads\/2020\/06\/unnamed-3.jpg\" \/>\n\t<meta property=\"og:image:width\" content=\"512\" \/>\n\t<meta property=\"og:image:height\" content=\"266\" \/>\n\t<meta property=\"og:image:type\" content=\"image\/jpeg\" \/>\n<meta name=\"author\" content=\"Sindicato dos Banc\u00e1rios S\u00e3o Bento do Sul e Regi\u00e3o\" \/>\n<meta name=\"twitter:card\" content=\"summary_large_image\" \/>\n<meta name=\"twitter:label1\" content=\"Escrito por\" \/>\n\t<meta name=\"twitter:data1\" content=\"Sindicato dos Banc\u00e1rios S\u00e3o Bento do Sul e Regi\u00e3o\" \/>\n\t<meta name=\"twitter:label2\" content=\"Est. tempo de leitura\" \/>\n\t<meta name=\"twitter:data2\" content=\"4 minutos\" \/>\n<script type=\"application\/ld+json\" class=\"yoast-schema-graph\">{\"@context\":\"https:\/\/schema.org\",\"@graph\":[{\"@type\":\"Article\",\"@id\":\"https:\/\/sindicatodosbancarios.org.br\/site2022\/2020\/06\/22\/informe-bancario-215-2020-guia-da-aposentadoria-o-que-muda-para-servidores-publicos-federais\/#article\",\"isPartOf\":{\"@id\":\"https:\/\/sindicatodosbancarios.org.br\/site2022\/2020\/06\/22\/informe-bancario-215-2020-guia-da-aposentadoria-o-que-muda-para-servidores-publicos-federais\/\"},\"author\":{\"name\":\"Sindicato dos Banc\u00e1rios S\u00e3o Bento do Sul e Regi\u00e3o\",\"@id\":\"https:\/\/sindicatodosbancarios.org.br\/site2022\/#\/schema\/person\/a7d92da77d1084df4d28b57962f1e1bd\"},\"headline\":\"INFORME BANC\u00c1RIO \u2013 215\/2020 Guia da Aposentadoria: o que muda para servidores p\u00fablicos federais\",\"datePublished\":\"2020-06-22T11:33:25+00:00\",\"dateModified\":\"2020-06-22T11:33:25+00:00\",\"mainEntityOfPage\":{\"@id\":\"https:\/\/sindicatodosbancarios.org.br\/site2022\/2020\/06\/22\/informe-bancario-215-2020-guia-da-aposentadoria-o-que-muda-para-servidores-publicos-federais\/\"},\"wordCount\":758,\"commentCount\":0,\"publisher\":{\"@id\":\"https:\/\/sindicatodosbancarios.org.br\/site2022\/#organization\"},\"keywords\":[\"ACORDO\",\"aposentadoria\",\"aumento\",\"CALENDARIO\",\"CORONAV\u00cdRUS\",\"CRESCIMENTO\",\"CRISE\",\"ESTRAT\u00c9GIA\",\"MERCADO DE TRABALHO\",\"PANDEMIA\",\"PLANO ECONOMICO\",\"sindicato\",\"sindicato dos bancarios\",\"sindicato dos banc\u00e1rios de s\u00e3o bento do sul\"],\"articleSection\":[\"Geral\"],\"inLanguage\":\"pt-BR\",\"potentialAction\":[{\"@type\":\"CommentAction\",\"name\":\"Comment\",\"target\":[\"https:\/\/sindicatodosbancarios.org.br\/site2022\/2020\/06\/22\/informe-bancario-215-2020-guia-da-aposentadoria-o-que-muda-para-servidores-publicos-federais\/#respond\"]}]},{\"@type\":\"WebPage\",\"@id\":\"https:\/\/sindicatodosbancarios.org.br\/site2022\/2020\/06\/22\/informe-bancario-215-2020-guia-da-aposentadoria-o-que-muda-para-servidores-publicos-federais\/\",\"url\":\"https:\/\/sindicatodosbancarios.org.br\/site2022\/2020\/06\/22\/informe-bancario-215-2020-guia-da-aposentadoria-o-que-muda-para-servidores-publicos-federais\/\",\"name\":\"INFORME BANC\u00c1RIO \u2013 215\/2020 Guia da Aposentadoria: o que muda para servidores p\u00fablicos federais - Sindicato dos Banc\u00e1rios de S\u00e3o Bento do Sul e Regi\u00e3o\",\"isPartOf\":{\"@id\":\"https:\/\/sindicatodosbancarios.org.br\/site2022\/#website\"},\"datePublished\":\"2020-06-22T11:33:25+00:00\",\"dateModified\":\"2020-06-22T11:33:25+00:00\",\"breadcrumb\":{\"@id\":\"https:\/\/sindicatodosbancarios.org.br\/site2022\/2020\/06\/22\/informe-bancario-215-2020-guia-da-aposentadoria-o-que-muda-para-servidores-publicos-federais\/#breadcrumb\"},\"inLanguage\":\"pt-BR\",\"potentialAction\":[{\"@type\":\"ReadAction\",\"target\":[\"https:\/\/sindicatodosbancarios.org.br\/site2022\/2020\/06\/22\/informe-bancario-215-2020-guia-da-aposentadoria-o-que-muda-para-servidores-publicos-federais\/\"]}]},{\"@type\":\"BreadcrumbList\",\"@id\":\"https:\/\/sindicatodosbancarios.org.br\/site2022\/2020\/06\/22\/informe-bancario-215-2020-guia-da-aposentadoria-o-que-muda-para-servidores-publicos-federais\/#breadcrumb\",\"itemListElement\":[{\"@type\":\"ListItem\",\"position\":1,\"name\":\"In\u00edcio\",\"item\":\"https:\/\/sindicatodosbancarios.org.br\/site2022\/\"},{\"@type\":\"ListItem\",\"position\":2,\"name\":\"INFORME BANC\u00c1RIO \u2013 215\/2020 Guia da Aposentadoria: o que muda para servidores p\u00fablicos federais\"}]},{\"@type\":\"WebSite\",\"@id\":\"https:\/\/sindicatodosbancarios.org.br\/site2022\/#website\",\"url\":\"https:\/\/sindicatodosbancarios.org.br\/site2022\/\",\"name\":\"Sindicato dos Banc\u00e1rios de S\u00e3o Bento do Sul e Regi\u00e3o\",\"description\":\"Website institucional do Sindicato dos Banc\u00e1rios de S\u00e3o Bento do Sul e Regi\u00e3o\",\"publisher\":{\"@id\":\"https:\/\/sindicatodosbancarios.org.br\/site2022\/#organization\"},\"potentialAction\":[{\"@type\":\"SearchAction\",\"target\":{\"@type\":\"EntryPoint\",\"urlTemplate\":\"https:\/\/sindicatodosbancarios.org.br\/site2022\/?s={search_term_string}\"},\"query-input\":\"required name=search_term_string\"}],\"inLanguage\":\"pt-BR\"},{\"@type\":\"Organization\",\"@id\":\"https:\/\/sindicatodosbancarios.org.br\/site2022\/#organization\",\"name\":\"Sindicato dos Banc\u00e1rios de S\u00e3o Bento do Sul e Regi\u00e3o\",\"url\":\"https:\/\/sindicatodosbancarios.org.br\/site2022\/\",\"logo\":{\"@type\":\"ImageObject\",\"inLanguage\":\"pt-BR\",\"@id\":\"https:\/\/sindicatodosbancarios.org.br\/site2022\/#\/schema\/logo\/image\/\",\"url\":\"https:\/\/sindicatodosbancarios.org.br\/site2022\/wp-content\/uploads\/2017\/06\/cropped-logo-2.png\",\"contentUrl\":\"https:\/\/sindicatodosbancarios.org.br\/site2022\/wp-content\/uploads\/2017\/06\/cropped-logo-2.png\",\"width\":292,\"height\":292,\"caption\":\"Sindicato dos Banc\u00e1rios de S\u00e3o Bento do Sul e Regi\u00e3o\"},\"image\":{\"@id\":\"https:\/\/sindicatodosbancarios.org.br\/site2022\/#\/schema\/logo\/image\/\"}},{\"@type\":\"Person\",\"@id\":\"https:\/\/sindicatodosbancarios.org.br\/site2022\/#\/schema\/person\/a7d92da77d1084df4d28b57962f1e1bd\",\"name\":\"Sindicato dos Banc\u00e1rios S\u00e3o Bento do Sul e Regi\u00e3o\",\"image\":{\"@type\":\"ImageObject\",\"inLanguage\":\"pt-BR\",\"@id\":\"https:\/\/sindicatodosbancarios.org.br\/site2022\/#\/schema\/person\/image\/\",\"url\":\"https:\/\/secure.gravatar.com\/avatar\/f1d1a06f698f2345352e539387180d42?s=96&d=mm&r=g\",\"contentUrl\":\"https:\/\/secure.gravatar.com\/avatar\/f1d1a06f698f2345352e539387180d42?s=96&d=mm&r=g\",\"caption\":\"Sindicato dos Banc\u00e1rios S\u00e3o Bento do Sul e Regi\u00e3o\"},\"sameAs\":[\"http:\/\/sindicatodosbancarios.org.br\/site2022\/\",\"https:\/\/www.facebook.com\/seeb.sbs.9\"],\"url\":\"https:\/\/sindicatodosbancarios.org.br\/site2022\/author\/sindicatodosbancarios\/\"}]}<\/script>\n<!-- \/ Yoast SEO plugin. -->","yoast_head_json":{"title":"INFORME BANC\u00c1RIO \u2013 215\/2020 Guia da Aposentadoria: o que muda para servidores p\u00fablicos federais - Sindicato dos Banc\u00e1rios de S\u00e3o Bento do Sul e Regi\u00e3o","robots":{"index":"index","follow":"follow","max-snippet":"max-snippet:-1","max-image-preview":"max-image-preview:large","max-video-preview":"max-video-preview:-1"},"canonical":"https:\/\/sindicatodosbancarios.org.br\/site2022\/2020\/06\/22\/informe-bancario-215-2020-guia-da-aposentadoria-o-que-muda-para-servidores-publicos-federais\/","og_locale":"pt_BR","og_type":"article","og_title":"INFORME BANC\u00c1RIO \u2013 215\/2020 Guia da Aposentadoria: o que muda para servidores p\u00fablicos federais - Sindicato dos Banc\u00e1rios de S\u00e3o Bento do Sul e Regi\u00e3o","og_description":"A reforma da Previd\u00eancia, aprovada em novembro de 2019, muda as regras para se aposentar e ter direito [&hellip;]","og_url":"https:\/\/sindicatodosbancarios.org.br\/site2022\/2020\/06\/22\/informe-bancario-215-2020-guia-da-aposentadoria-o-que-muda-para-servidores-publicos-federais\/","og_site_name":"Sindicato dos Banc\u00e1rios de S\u00e3o Bento do Sul e Regi\u00e3o","article_author":"https:\/\/www.facebook.com\/seeb.sbs.9","article_published_time":"2020-06-22T11:33:25+00:00","og_image":[{"width":512,"height":266,"url":"https:\/\/sindicatodosbancarios.org.br\/site2022\/wp-content\/uploads\/2020\/06\/unnamed-3.jpg","type":"image\/jpeg"}],"author":"Sindicato dos Banc\u00e1rios S\u00e3o Bento do Sul e Regi\u00e3o","twitter_card":"summary_large_image","twitter_misc":{"Escrito por":"Sindicato dos Banc\u00e1rios S\u00e3o Bento do Sul e Regi\u00e3o","Est. tempo de leitura":"4 minutos"},"schema":{"@context":"https:\/\/schema.org","@graph":[{"@type":"Article","@id":"https:\/\/sindicatodosbancarios.org.br\/site2022\/2020\/06\/22\/informe-bancario-215-2020-guia-da-aposentadoria-o-que-muda-para-servidores-publicos-federais\/#article","isPartOf":{"@id":"https:\/\/sindicatodosbancarios.org.br\/site2022\/2020\/06\/22\/informe-bancario-215-2020-guia-da-aposentadoria-o-que-muda-para-servidores-publicos-federais\/"},"author":{"name":"Sindicato dos Banc\u00e1rios S\u00e3o Bento do Sul e Regi\u00e3o","@id":"https:\/\/sindicatodosbancarios.org.br\/site2022\/#\/schema\/person\/a7d92da77d1084df4d28b57962f1e1bd"},"headline":"INFORME BANC\u00c1RIO \u2013 215\/2020 Guia da Aposentadoria: o que muda para servidores p\u00fablicos federais","datePublished":"2020-06-22T11:33:25+00:00","dateModified":"2020-06-22T11:33:25+00:00","mainEntityOfPage":{"@id":"https:\/\/sindicatodosbancarios.org.br\/site2022\/2020\/06\/22\/informe-bancario-215-2020-guia-da-aposentadoria-o-que-muda-para-servidores-publicos-federais\/"},"wordCount":758,"commentCount":0,"publisher":{"@id":"https:\/\/sindicatodosbancarios.org.br\/site2022\/#organization"},"keywords":["ACORDO","aposentadoria","aumento","CALENDARIO","CORONAV\u00cdRUS","CRESCIMENTO","CRISE","ESTRAT\u00c9GIA","MERCADO DE TRABALHO","PANDEMIA","PLANO ECONOMICO","sindicato","sindicato dos bancarios","sindicato dos banc\u00e1rios de s\u00e3o bento do sul"],"articleSection":["Geral"],"inLanguage":"pt-BR","potentialAction":[{"@type":"CommentAction","name":"Comment","target":["https:\/\/sindicatodosbancarios.org.br\/site2022\/2020\/06\/22\/informe-bancario-215-2020-guia-da-aposentadoria-o-que-muda-para-servidores-publicos-federais\/#respond"]}]},{"@type":"WebPage","@id":"https:\/\/sindicatodosbancarios.org.br\/site2022\/2020\/06\/22\/informe-bancario-215-2020-guia-da-aposentadoria-o-que-muda-para-servidores-publicos-federais\/","url":"https:\/\/sindicatodosbancarios.org.br\/site2022\/2020\/06\/22\/informe-bancario-215-2020-guia-da-aposentadoria-o-que-muda-para-servidores-publicos-federais\/","name":"INFORME BANC\u00c1RIO \u2013 215\/2020 Guia da Aposentadoria: o que muda para servidores p\u00fablicos federais - Sindicato dos Banc\u00e1rios de S\u00e3o Bento do Sul e Regi\u00e3o","isPartOf":{"@id":"https:\/\/sindicatodosbancarios.org.br\/site2022\/#website"},"datePublished":"2020-06-22T11:33:25+00:00","dateModified":"2020-06-22T11:33:25+00:00","breadcrumb":{"@id":"https:\/\/sindicatodosbancarios.org.br\/site2022\/2020\/06\/22\/informe-bancario-215-2020-guia-da-aposentadoria-o-que-muda-para-servidores-publicos-federais\/#breadcrumb"},"inLanguage":"pt-BR","potentialAction":[{"@type":"ReadAction","target":["https:\/\/sindicatodosbancarios.org.br\/site2022\/2020\/06\/22\/informe-bancario-215-2020-guia-da-aposentadoria-o-que-muda-para-servidores-publicos-federais\/"]}]},{"@type":"BreadcrumbList","@id":"https:\/\/sindicatodosbancarios.org.br\/site2022\/2020\/06\/22\/informe-bancario-215-2020-guia-da-aposentadoria-o-que-muda-para-servidores-publicos-federais\/#breadcrumb","itemListElement":[{"@type":"ListItem","position":1,"name":"In\u00edcio","item":"https:\/\/sindicatodosbancarios.org.br\/site2022\/"},{"@type":"ListItem","position":2,"name":"INFORME BANC\u00c1RIO \u2013 215\/2020 Guia da Aposentadoria: o que muda para servidores p\u00fablicos federais"}]},{"@type":"WebSite","@id":"https:\/\/sindicatodosbancarios.org.br\/site2022\/#website","url":"https:\/\/sindicatodosbancarios.org.br\/site2022\/","name":"Sindicato dos Banc\u00e1rios de S\u00e3o Bento do Sul e Regi\u00e3o","description":"Website institucional do Sindicato dos Banc\u00e1rios de S\u00e3o Bento do Sul e Regi\u00e3o","publisher":{"@id":"https:\/\/sindicatodosbancarios.org.br\/site2022\/#organization"},"potentialAction":[{"@type":"SearchAction","target":{"@type":"EntryPoint","urlTemplate":"https:\/\/sindicatodosbancarios.org.br\/site2022\/?s={search_term_string}"},"query-input":"required name=search_term_string"}],"inLanguage":"pt-BR"},{"@type":"Organization","@id":"https:\/\/sindicatodosbancarios.org.br\/site2022\/#organization","name":"Sindicato dos Banc\u00e1rios de S\u00e3o Bento do Sul e Regi\u00e3o","url":"https:\/\/sindicatodosbancarios.org.br\/site2022\/","logo":{"@type":"ImageObject","inLanguage":"pt-BR","@id":"https:\/\/sindicatodosbancarios.org.br\/site2022\/#\/schema\/logo\/image\/","url":"https:\/\/sindicatodosbancarios.org.br\/site2022\/wp-content\/uploads\/2017\/06\/cropped-logo-2.png","contentUrl":"https:\/\/sindicatodosbancarios.org.br\/site2022\/wp-content\/uploads\/2017\/06\/cropped-logo-2.png","width":292,"height":292,"caption":"Sindicato dos Banc\u00e1rios de S\u00e3o Bento do Sul e Regi\u00e3o"},"image":{"@id":"https:\/\/sindicatodosbancarios.org.br\/site2022\/#\/schema\/logo\/image\/"}},{"@type":"Person","@id":"https:\/\/sindicatodosbancarios.org.br\/site2022\/#\/schema\/person\/a7d92da77d1084df4d28b57962f1e1bd","name":"Sindicato dos Banc\u00e1rios S\u00e3o Bento do Sul e Regi\u00e3o","image":{"@type":"ImageObject","inLanguage":"pt-BR","@id":"https:\/\/sindicatodosbancarios.org.br\/site2022\/#\/schema\/person\/image\/","url":"https:\/\/secure.gravatar.com\/avatar\/f1d1a06f698f2345352e539387180d42?s=96&d=mm&r=g","contentUrl":"https:\/\/secure.gravatar.com\/avatar\/f1d1a06f698f2345352e539387180d42?s=96&d=mm&r=g","caption":"Sindicato dos Banc\u00e1rios S\u00e3o Bento do Sul e Regi\u00e3o"},"sameAs":["http:\/\/sindicatodosbancarios.org.br\/site2022\/","https:\/\/www.facebook.com\/seeb.sbs.9"],"url":"https:\/\/sindicatodosbancarios.org.br\/site2022\/author\/sindicatodosbancarios\/"}]}},"jetpack_featured_media_url":"https:\/\/sindicatodosbancarios.org.br\/site2022\/wp-content\/uploads\/2020\/06\/unnamed-3.jpg","jetpack_sharing_enabled":true,"jetpack_shortlink":"https:\/\/wp.me\/p8RSbI-12n","jetpack-related-posts":[{"id":4944,"url":"https:\/\/sindicatodosbancarios.org.br\/site2022\/2021\/01\/04\/informe-bancario-479-2020-confirmada-idade-minima-para-aposentadoria-ate-o-fim-de-2020-conforme-novas-regras-confira\/","url_meta":{"origin":3991,"position":0},"title":"INFORME BANC\u00c1RIO \u2013 01\/2021 Confirmada idade m\u00ednima para aposentadoria at\u00e9 o fim de 2020 conforme novas regras. Confira!","date":"4 de janeiro de 2021","format":false,"excerpt":"Reforma da Previd\u00eancia determinou tr\u00eas transi\u00e7\u00f5es, sendo que em cada uma delas, o INSS ir\u00e1 exigir mais seis meses de contribui\u00e7\u00e3o. Confira as regras para 2020. Segurados do Instituto Nacional do Seguro Social (INSS) que desejam se aposentar em breve devem ficar atentos \u00e0s novas regras de transi\u00e7\u00e3o para solicitar\u2026","rel":"","context":"Em &quot;Geral&quot;","img":{"alt_text":"","src":"https:\/\/i0.wp.com\/sindicatodosbancarios.org.br\/site2022\/wp-content\/uploads\/2021\/01\/carteira-de-trabalho-desemprego-960x540-e1565355192788-727x375.jpg?resize=350%2C200&ssl=1","width":350,"height":200},"classes":[]},{"id":5478,"url":"https:\/\/sindicatodosbancarios.org.br\/site2022\/2021\/06\/18\/informe-bancario-150-2021-as-novas-regras-para-se-aposentar-pela-idade-minima\/","url_meta":{"origin":3991,"position":1},"title":"INFORME BANC\u00c1RIO \u2013 150\/2021 As novas regras para se aposentar pela idade m\u00ednima","date":"18 de junho de 2021","format":false,"excerpt":"As novas regras para se aposentar mudaram depois da Reforma da Previd\u00eancia, que entrou em vigor em novembro de 2019. A Reforma vem confundindo muita gente no que diz respeito as regras de aposentadoria por idade m\u00ednima e por pontos. O que mudou com a Reforma? A mudan\u00e7a aconteceu na\u2026","rel":"","context":"Em &quot;Geral&quot;","img":{"alt_text":"","src":"https:\/\/i0.wp.com\/sindicatodosbancarios.org.br\/site2022\/wp-content\/uploads\/2021\/01\/inss-1200x900.jpg?resize=350%2C200&ssl=1","width":350,"height":200},"classes":[]},{"id":4311,"url":"https:\/\/sindicatodosbancarios.org.br\/site2022\/2020\/08\/20\/informe-bancario-306-2020-novas-regras-do-auxilio-doenca-entenda-o-que-mudou-apos-a-reforma-da-previdencia\/","url_meta":{"origin":3991,"position":2},"title":"INFORME BANC\u00c1RIO \u2013 306\/2020 Novas regras do aux\u00edlio-doen\u00e7a: Entenda o que mudou ap\u00f3s a Reforma da Previd\u00eancia","date":"20 de agosto de 2020","format":false,"excerpt":"Regras para ter direito ao aux\u00edlio-doen\u00e7a e aposentadoria por invalidez ficaram mais duras ap\u00f3s a reforma. Entenda como \u00e9 feito o c\u00e1lculo em cada modalidade. Muitos segurados do\u00a0Instituto Nacional do Seguro Social (INSS) ainda t\u00eam d\u00favidas sobre as novas regras da\u00a0aposentadoria, que entraram em vigor ap\u00f3s a Reforma da Previd\u00eancia\u2026","rel":"","context":"Em &quot;Geral&quot;","img":{"alt_text":"","src":"https:\/\/i0.wp.com\/sindicatodosbancarios.org.br\/site2022\/wp-content\/uploads\/2020\/08\/pedido-auxilio-doenca.jpg?resize=350%2C200&ssl=1","width":350,"height":200},"classes":[]},{"id":4983,"url":"https:\/\/sindicatodosbancarios.org.br\/site2022\/2021\/01\/07\/informe-bancario-489-2021-novas-regras-de-aposentadorias-e-pensoes-do-inss-em-2021-comecam-a-valer-entenda\/","url_meta":{"origin":3991,"position":3},"title":"INFORME BANC\u00c1RIO \u2013 11\/2021 Novas regras de aposentadorias e pens\u00f5es do INSS em 2021 come\u00e7am a valer; entenda","date":"7 de janeiro de 2021","format":false,"excerpt":"Segundo o especialista Hil\u00e1rio Bocchi J\u00fanior, ap\u00f3s a Reforma da Previd\u00eancia, cada in\u00edcio de ano tem novos gatilhos para trabalhador obter benef\u00edcios. A Reforma da Previd\u00eancia aconteceu em novembro de 2019, mas seus efeitos ser\u00e3o duradouros. Alguns gatilhos ser\u00e3o acionados sempre quando come\u00e7ar um ano novo e, nos pr\u00f3ximos sete\u2026","rel":"","context":"Em &quot;Geral&quot;","img":{"alt_text":"","src":"https:\/\/i0.wp.com\/sindicatodosbancarios.org.br\/site2022\/wp-content\/uploads\/2020\/06\/n_42647_16228b5e1674c79bce66f686777a9b59.1.jpg?resize=350%2C200&ssl=1","width":350,"height":200},"classes":[]},{"id":5140,"url":"https:\/\/sindicatodosbancarios.org.br\/site2022\/2021\/02\/08\/informe-bancarios-51-2021-atencao-trabalhadora-conheca-as-mudancas-na-aposentadoria-das-mulheres\/","url_meta":{"origin":3991,"position":4},"title":"INFORME BANC\u00c1RIOS \u2013 51\/2021 Aten\u00e7\u00e3o, trabalhadora: Conhe\u00e7a as mudan\u00e7as na aposentadoria das mulheres","date":"8 de fevereiro de 2021","format":false,"excerpt":"Saiba o que mudou para as mulheres com a reforma da previd\u00eancia e descubra os crit\u00e9rios e exig\u00eancias para se aposentar em 2021 As regras para\u00a0aposentadoria\u00a0no Brasil passaram por mudan\u00e7as e muitas das altera\u00e7\u00f5es dizem respeito \u00e0s trabalhadoras do pa\u00eds. Se voc\u00ea \u00e9 mulher e quer entender o que mudou\u2026","rel":"","context":"Em &quot;Geral&quot;","img":{"alt_text":"","src":"https:\/\/i0.wp.com\/sindicatodosbancarios.org.br\/site2022\/wp-content\/uploads\/2021\/01\/previdencia-1200x630.jpg?resize=350%2C200&ssl=1","width":350,"height":200},"classes":[]},{"id":5263,"url":"https:\/\/sindicatodosbancarios.org.br\/site2022\/2021\/03\/22\/informe-bancarios-86-2021-inss-trabalhador-nao-pode-mais-se-aposentar-por-tempo-de-contribuicao\/","url_meta":{"origin":3991,"position":5},"title":"INFORME BANC\u00c1RIOS \u2013 86\/2021 INSS: Trabalhador n\u00e3o pode mais se aposentar por tempo de contribui\u00e7\u00e3o","date":"22 de mar\u00e7o de 2021","format":false,"excerpt":"O INSS tem novas regras para o trabalhador se aposentar, como tamb\u00e9m um per\u00edodo de transi\u00e7\u00e3o e novas f\u00f3rmulas de c\u00e1lculo e de contribui\u00e7\u00e3o. As novas regras come\u00e7aram a valer depois da publica\u00e7\u00e3o da PEC 06\/2019 atual Emenda Constitucional 103. Aposentadoria por tempo de contribui\u00e7\u00e3o \u00c9 um benef\u00edcio previdenci\u00e1rio por\u2026","rel":"","context":"Em &quot;Geral&quot;","img":{"alt_text":"","src":"https:\/\/i0.wp.com\/sindicatodosbancarios.org.br\/site2022\/wp-content\/uploads\/2021\/03\/corte-de-trabalhador-para-medir-tubo-cpvc-no-canteiro-de-obras_73110-9797.jpg?resize=350%2C200&ssl=1","width":350,"height":200},"classes":[]}],"_links":{"self":[{"href":"https:\/\/sindicatodosbancarios.org.br\/site2022\/wp-json\/wp\/v2\/posts\/3991"}],"collection":[{"href":"https:\/\/sindicatodosbancarios.org.br\/site2022\/wp-json\/wp\/v2\/posts"}],"about":[{"href":"https:\/\/sindicatodosbancarios.org.br\/site2022\/wp-json\/wp\/v2\/types\/post"}],"author":[{"embeddable":true,"href":"https:\/\/sindicatodosbancarios.org.br\/site2022\/wp-json\/wp\/v2\/users\/2"}],"replies":[{"embeddable":true,"href":"https:\/\/sindicatodosbancarios.org.br\/site2022\/wp-json\/wp\/v2\/comments?post=3991"}],"version-history":[{"count":1,"href":"https:\/\/sindicatodosbancarios.org.br\/site2022\/wp-json\/wp\/v2\/posts\/3991\/revisions"}],"predecessor-version":[{"id":3994,"href":"https:\/\/sindicatodosbancarios.org.br\/site2022\/wp-json\/wp\/v2\/posts\/3991\/revisions\/3994"}],"wp:featuredmedia":[{"embeddable":true,"href":"https:\/\/sindicatodosbancarios.org.br\/site2022\/wp-json\/wp\/v2\/media\/3993"}],"wp:attachment":[{"href":"https:\/\/sindicatodosbancarios.org.br\/site2022\/wp-json\/wp\/v2\/media?parent=3991"}],"wp:term":[{"taxonomy":"category","embeddable":true,"href":"https:\/\/sindicatodosbancarios.org.br\/site2022\/wp-json\/wp\/v2\/categories?post=3991"},{"taxonomy":"post_tag","embeddable":true,"href":"https:\/\/sindicatodosbancarios.org.br\/site2022\/wp-json\/wp\/v2\/tags?post=3991"}],"curies":[{"name":"wp","href":"https:\/\/api.w.org\/{rel}","templated":true}]}}