{"id":3995,"date":"2020-06-22T08:42:17","date_gmt":"2020-06-22T11:42:17","guid":{"rendered":"https:\/\/sindicatodosbancarios.org.br\/?p=3995"},"modified":"2020-06-22T08:42:17","modified_gmt":"2020-06-22T11:42:17","slug":"informe-bancario-216-2020-governo-avalia-acabar-com-prazo-para-recontratacao-de-funcionario-demitido","status":"publish","type":"post","link":"https:\/\/sindicatodosbancarios.org.br\/site2022\/2020\/06\/22\/informe-bancario-216-2020-governo-avalia-acabar-com-prazo-para-recontratacao-de-funcionario-demitido\/","title":{"rendered":"INFORME BANC\u00c1RIO \u2013 216\/2020 Governo avalia acabar com prazo para recontrata\u00e7\u00e3o de funcion\u00e1rio demitido"},"content":{"rendered":"<p>A equipe econ\u00f4mica avalia acabar com o prazo para que um funcion\u00e1rio demitido possa ser recontratado pelo mesmo empregador. Atualmente, o mesmo empregado n\u00e3o pode ser contratado antes de 90 dias.<\/p>\n<p>Uma das ideias em estudo \u00e9 revogar a portaria que exige esse tempo, o que permitiria a recontrata\u00e7\u00e3o at\u00e9 imediatamente. Isso seria feito apenas este ano &#8211; ou enquanto durar o estado de calamidade da pandemia do coronav\u00edrus &#8211; para flexibilizar a atua\u00e7\u00e3o dos empres\u00e1rios em um momento de incertezas.<\/p>\n<p>A regra dos tr\u00eas meses est\u00e1 prevista em uma norma do antigo Minist\u00e9rio do Trabalho e foi criada para evitar fraudes como a demiss\u00e3o de um empregado para que ele receba recursos do Fundo de Garantia do Tempo de Servi\u00e7o (FGTS) ou do seguro-desemprego, voltando a ser contratado logo depois.<\/p>\n<p>Um dos defensores da revoga\u00e7\u00e3o \u00e9 o deputado Alexis Fonteyne (Novo-SP), que apresentou um projeto prevendo o fim do tempo m\u00ednimo. &#8220;As empresas querem recontratar funcion\u00e1rios que demitiram por motivos excepcionais nesse per\u00edodo. Um restaurante que vai retomar os neg\u00f3cios e n\u00e3o pode recontratar seu cozinheiro? Isso n\u00e3o existe&#8221;, afirmou.<\/p>\n<p>Ele defende que a portaria seja revogada permanentemente, e n\u00e3o s\u00f3 durante a pandemia do coronav\u00edrus. &#8220;O governo precisa avaliar se isso faz ainda sentido. J\u00e1 foram feitos ajustes nas normas do seguro-desemprego para acabar com aquela farra de pessoas que eram demitidas para receber o benef\u00edcio e tamb\u00e9m em normas do FGTS. Isso ficou como uma heran\u00e7a de uma \u00e9poca que n\u00e3o faz mais sentido agora&#8221;, acredita.<\/p>\n<p>Os estudos, no entanto, v\u00eam sendo feitos com cautela, justamente para sanar riscos de fraudes nos benef\u00edcios pagos pelo governo. O deputado tem mantido conversas com secret\u00e1rios do Minist\u00e9rio da Economia e disse que, caso o governo opte por n\u00e3o revogar a portaria, vai trabalhar para que o projeto tramite com urg\u00eancia.<\/p>\n<p><span style=\"font-size: 8pt;\">Fonte UOL, 18\/06\/2020<\/span><\/p>\n","protected":false},"excerpt":{"rendered":"<p>A equipe econ\u00f4mica avalia acabar com o prazo para que um funcion\u00e1rio demitido possa ser recontratado pelo mesmo [&hellip;]<\/p>\n","protected":false},"author":2,"featured_media":3996,"comment_status":"open","ping_status":"open","sticky":false,"template":"","format":"standard","meta":{"jetpack_post_was_ever_published":false,"jetpack_publicize_message":"","jetpack_is_tweetstorm":false,"jetpack_publicize_feature_enabled":true,"jetpack_social_post_already_shared":true,"jetpack_social_options":[]},"categories":[1],"tags":[81,73,87,84,63,107,88,46,47,53],"jetpack_publicize_connections":[],"acf":[],"yoast_head":"<!-- This site is optimized with the Yoast SEO plugin v19.14 - https:\/\/yoast.com\/wordpress\/plugins\/seo\/ -->\n<title>INFORME BANC\u00c1RIO \u2013 216\/2020 Governo avalia acabar com prazo para recontrata\u00e7\u00e3o de funcion\u00e1rio demitido - Sindicato dos Banc\u00e1rios de S\u00e3o Bento do Sul e Regi\u00e3o<\/title>\n<meta name=\"robots\" content=\"index, follow, max-snippet:-1, max-image-preview:large, max-video-preview:-1\" \/>\n<link rel=\"canonical\" href=\"https:\/\/sindicatodosbancarios.org.br\/site2022\/2020\/06\/22\/informe-bancario-216-2020-governo-avalia-acabar-com-prazo-para-recontratacao-de-funcionario-demitido\/\" \/>\n<meta property=\"og:locale\" content=\"pt_BR\" \/>\n<meta property=\"og:type\" content=\"article\" \/>\n<meta property=\"og:title\" content=\"INFORME BANC\u00c1RIO \u2013 216\/2020 Governo avalia acabar com prazo para recontrata\u00e7\u00e3o de funcion\u00e1rio demitido - Sindicato dos Banc\u00e1rios de S\u00e3o Bento do Sul e Regi\u00e3o\" \/>\n<meta property=\"og:description\" content=\"A equipe econ\u00f4mica avalia acabar com o prazo para que um funcion\u00e1rio demitido possa ser recontratado pelo mesmo [&hellip;]\" \/>\n<meta property=\"og:url\" content=\"https:\/\/sindicatodosbancarios.org.br\/site2022\/2020\/06\/22\/informe-bancario-216-2020-governo-avalia-acabar-com-prazo-para-recontratacao-de-funcionario-demitido\/\" \/>\n<meta property=\"og:site_name\" content=\"Sindicato dos Banc\u00e1rios de S\u00e3o Bento do Sul e Regi\u00e3o\" \/>\n<meta property=\"article:author\" content=\"https:\/\/www.facebook.com\/seeb.sbs.9\" \/>\n<meta property=\"article:published_time\" content=\"2020-06-22T11:42:17+00:00\" \/>\n<meta property=\"og:image\" content=\"https:\/\/sindicatodosbancarios.org.br\/site2022\/wp-content\/uploads\/2020\/06\/46735750392_c403dc52f0_b.jpg\" \/>\n\t<meta property=\"og:image:width\" content=\"1024\" \/>\n\t<meta property=\"og:image:height\" content=\"700\" \/>\n\t<meta property=\"og:image:type\" content=\"image\/jpeg\" \/>\n<meta name=\"author\" content=\"Sindicato dos Banc\u00e1rios S\u00e3o Bento do Sul e Regi\u00e3o\" \/>\n<meta name=\"twitter:card\" content=\"summary_large_image\" \/>\n<meta name=\"twitter:label1\" content=\"Escrito por\" \/>\n\t<meta name=\"twitter:data1\" content=\"Sindicato dos Banc\u00e1rios S\u00e3o Bento do Sul e Regi\u00e3o\" \/>\n\t<meta name=\"twitter:label2\" content=\"Est. tempo de leitura\" \/>\n\t<meta name=\"twitter:data2\" content=\"2 minutos\" \/>\n<script type=\"application\/ld+json\" class=\"yoast-schema-graph\">{\"@context\":\"https:\/\/schema.org\",\"@graph\":[{\"@type\":\"Article\",\"@id\":\"https:\/\/sindicatodosbancarios.org.br\/site2022\/2020\/06\/22\/informe-bancario-216-2020-governo-avalia-acabar-com-prazo-para-recontratacao-de-funcionario-demitido\/#article\",\"isPartOf\":{\"@id\":\"https:\/\/sindicatodosbancarios.org.br\/site2022\/2020\/06\/22\/informe-bancario-216-2020-governo-avalia-acabar-com-prazo-para-recontratacao-de-funcionario-demitido\/\"},\"author\":{\"name\":\"Sindicato dos Banc\u00e1rios S\u00e3o Bento do Sul e Regi\u00e3o\",\"@id\":\"https:\/\/sindicatodosbancarios.org.br\/site2022\/#\/schema\/person\/a7d92da77d1084df4d28b57962f1e1bd\"},\"headline\":\"INFORME BANC\u00c1RIO \u2013 216\/2020 Governo avalia acabar com prazo para recontrata\u00e7\u00e3o de funcion\u00e1rio demitido\",\"datePublished\":\"2020-06-22T11:42:17+00:00\",\"dateModified\":\"2020-06-22T11:42:17+00:00\",\"mainEntityOfPage\":{\"@id\":\"https:\/\/sindicatodosbancarios.org.br\/site2022\/2020\/06\/22\/informe-bancario-216-2020-governo-avalia-acabar-com-prazo-para-recontratacao-de-funcionario-demitido\/\"},\"wordCount\":345,\"commentCount\":0,\"publisher\":{\"@id\":\"https:\/\/sindicatodosbancarios.org.br\/site2022\/#organization\"},\"keywords\":[\"ACORDO\",\"CORONAV\u00cdRUS\",\"CRISE\",\"ESTRAT\u00c9GIA\",\"MERCADO DE TRABALHO\",\"PANDEMIA\",\"PLANO ECONOMICO\",\"sindicato\",\"sindicato dos bancarios\",\"sindicato dos banc\u00e1rios de s\u00e3o bento do sul\"],\"articleSection\":[\"Geral\"],\"inLanguage\":\"pt-BR\",\"potentialAction\":[{\"@type\":\"CommentAction\",\"name\":\"Comment\",\"target\":[\"https:\/\/sindicatodosbancarios.org.br\/site2022\/2020\/06\/22\/informe-bancario-216-2020-governo-avalia-acabar-com-prazo-para-recontratacao-de-funcionario-demitido\/#respond\"]}]},{\"@type\":\"WebPage\",\"@id\":\"https:\/\/sindicatodosbancarios.org.br\/site2022\/2020\/06\/22\/informe-bancario-216-2020-governo-avalia-acabar-com-prazo-para-recontratacao-de-funcionario-demitido\/\",\"url\":\"https:\/\/sindicatodosbancarios.org.br\/site2022\/2020\/06\/22\/informe-bancario-216-2020-governo-avalia-acabar-com-prazo-para-recontratacao-de-funcionario-demitido\/\",\"name\":\"INFORME BANC\u00c1RIO \u2013 216\/2020 Governo avalia acabar com prazo para recontrata\u00e7\u00e3o de funcion\u00e1rio demitido - Sindicato dos Banc\u00e1rios de S\u00e3o Bento do Sul e Regi\u00e3o\",\"isPartOf\":{\"@id\":\"https:\/\/sindicatodosbancarios.org.br\/site2022\/#website\"},\"datePublished\":\"2020-06-22T11:42:17+00:00\",\"dateModified\":\"2020-06-22T11:42:17+00:00\",\"breadcrumb\":{\"@id\":\"https:\/\/sindicatodosbancarios.org.br\/site2022\/2020\/06\/22\/informe-bancario-216-2020-governo-avalia-acabar-com-prazo-para-recontratacao-de-funcionario-demitido\/#breadcrumb\"},\"inLanguage\":\"pt-BR\",\"potentialAction\":[{\"@type\":\"ReadAction\",\"target\":[\"https:\/\/sindicatodosbancarios.org.br\/site2022\/2020\/06\/22\/informe-bancario-216-2020-governo-avalia-acabar-com-prazo-para-recontratacao-de-funcionario-demitido\/\"]}]},{\"@type\":\"BreadcrumbList\",\"@id\":\"https:\/\/sindicatodosbancarios.org.br\/site2022\/2020\/06\/22\/informe-bancario-216-2020-governo-avalia-acabar-com-prazo-para-recontratacao-de-funcionario-demitido\/#breadcrumb\",\"itemListElement\":[{\"@type\":\"ListItem\",\"position\":1,\"name\":\"In\u00edcio\",\"item\":\"https:\/\/sindicatodosbancarios.org.br\/site2022\/\"},{\"@type\":\"ListItem\",\"position\":2,\"name\":\"INFORME BANC\u00c1RIO \u2013 216\/2020 Governo avalia acabar com prazo para recontrata\u00e7\u00e3o de funcion\u00e1rio demitido\"}]},{\"@type\":\"WebSite\",\"@id\":\"https:\/\/sindicatodosbancarios.org.br\/site2022\/#website\",\"url\":\"https:\/\/sindicatodosbancarios.org.br\/site2022\/\",\"name\":\"Sindicato dos Banc\u00e1rios de S\u00e3o Bento do Sul e Regi\u00e3o\",\"description\":\"Website institucional do Sindicato dos Banc\u00e1rios de S\u00e3o Bento do Sul e Regi\u00e3o\",\"publisher\":{\"@id\":\"https:\/\/sindicatodosbancarios.org.br\/site2022\/#organization\"},\"potentialAction\":[{\"@type\":\"SearchAction\",\"target\":{\"@type\":\"EntryPoint\",\"urlTemplate\":\"https:\/\/sindicatodosbancarios.org.br\/site2022\/?s={search_term_string}\"},\"query-input\":\"required name=search_term_string\"}],\"inLanguage\":\"pt-BR\"},{\"@type\":\"Organization\",\"@id\":\"https:\/\/sindicatodosbancarios.org.br\/site2022\/#organization\",\"name\":\"Sindicato dos Banc\u00e1rios de S\u00e3o Bento do Sul e Regi\u00e3o\",\"url\":\"https:\/\/sindicatodosbancarios.org.br\/site2022\/\",\"logo\":{\"@type\":\"ImageObject\",\"inLanguage\":\"pt-BR\",\"@id\":\"https:\/\/sindicatodosbancarios.org.br\/site2022\/#\/schema\/logo\/image\/\",\"url\":\"https:\/\/sindicatodosbancarios.org.br\/site2022\/wp-content\/uploads\/2017\/06\/cropped-logo-2.png\",\"contentUrl\":\"https:\/\/sindicatodosbancarios.org.br\/site2022\/wp-content\/uploads\/2017\/06\/cropped-logo-2.png\",\"width\":292,\"height\":292,\"caption\":\"Sindicato dos Banc\u00e1rios de S\u00e3o Bento do Sul e Regi\u00e3o\"},\"image\":{\"@id\":\"https:\/\/sindicatodosbancarios.org.br\/site2022\/#\/schema\/logo\/image\/\"}},{\"@type\":\"Person\",\"@id\":\"https:\/\/sindicatodosbancarios.org.br\/site2022\/#\/schema\/person\/a7d92da77d1084df4d28b57962f1e1bd\",\"name\":\"Sindicato dos Banc\u00e1rios S\u00e3o Bento do Sul e Regi\u00e3o\",\"image\":{\"@type\":\"ImageObject\",\"inLanguage\":\"pt-BR\",\"@id\":\"https:\/\/sindicatodosbancarios.org.br\/site2022\/#\/schema\/person\/image\/\",\"url\":\"https:\/\/secure.gravatar.com\/avatar\/f1d1a06f698f2345352e539387180d42?s=96&d=mm&r=g\",\"contentUrl\":\"https:\/\/secure.gravatar.com\/avatar\/f1d1a06f698f2345352e539387180d42?s=96&d=mm&r=g\",\"caption\":\"Sindicato dos Banc\u00e1rios S\u00e3o Bento do Sul e Regi\u00e3o\"},\"sameAs\":[\"http:\/\/sindicatodosbancarios.org.br\/site2022\/\",\"https:\/\/www.facebook.com\/seeb.sbs.9\"],\"url\":\"https:\/\/sindicatodosbancarios.org.br\/site2022\/author\/sindicatodosbancarios\/\"}]}<\/script>\n<!-- \/ Yoast SEO plugin. -->","yoast_head_json":{"title":"INFORME BANC\u00c1RIO \u2013 216\/2020 Governo avalia acabar com prazo para recontrata\u00e7\u00e3o de funcion\u00e1rio demitido - Sindicato dos Banc\u00e1rios de S\u00e3o Bento do Sul e Regi\u00e3o","robots":{"index":"index","follow":"follow","max-snippet":"max-snippet:-1","max-image-preview":"max-image-preview:large","max-video-preview":"max-video-preview:-1"},"canonical":"https:\/\/sindicatodosbancarios.org.br\/site2022\/2020\/06\/22\/informe-bancario-216-2020-governo-avalia-acabar-com-prazo-para-recontratacao-de-funcionario-demitido\/","og_locale":"pt_BR","og_type":"article","og_title":"INFORME BANC\u00c1RIO \u2013 216\/2020 Governo avalia acabar com prazo para recontrata\u00e7\u00e3o de funcion\u00e1rio demitido - Sindicato dos Banc\u00e1rios de S\u00e3o Bento do Sul e Regi\u00e3o","og_description":"A equipe econ\u00f4mica avalia acabar com o prazo para que um funcion\u00e1rio demitido possa ser recontratado pelo mesmo [&hellip;]","og_url":"https:\/\/sindicatodosbancarios.org.br\/site2022\/2020\/06\/22\/informe-bancario-216-2020-governo-avalia-acabar-com-prazo-para-recontratacao-de-funcionario-demitido\/","og_site_name":"Sindicato dos Banc\u00e1rios de S\u00e3o Bento do Sul e Regi\u00e3o","article_author":"https:\/\/www.facebook.com\/seeb.sbs.9","article_published_time":"2020-06-22T11:42:17+00:00","og_image":[{"width":1024,"height":700,"url":"https:\/\/sindicatodosbancarios.org.br\/site2022\/wp-content\/uploads\/2020\/06\/46735750392_c403dc52f0_b.jpg","type":"image\/jpeg"}],"author":"Sindicato dos Banc\u00e1rios S\u00e3o Bento do Sul e Regi\u00e3o","twitter_card":"summary_large_image","twitter_misc":{"Escrito por":"Sindicato dos Banc\u00e1rios S\u00e3o Bento do Sul e Regi\u00e3o","Est. tempo de leitura":"2 minutos"},"schema":{"@context":"https:\/\/schema.org","@graph":[{"@type":"Article","@id":"https:\/\/sindicatodosbancarios.org.br\/site2022\/2020\/06\/22\/informe-bancario-216-2020-governo-avalia-acabar-com-prazo-para-recontratacao-de-funcionario-demitido\/#article","isPartOf":{"@id":"https:\/\/sindicatodosbancarios.org.br\/site2022\/2020\/06\/22\/informe-bancario-216-2020-governo-avalia-acabar-com-prazo-para-recontratacao-de-funcionario-demitido\/"},"author":{"name":"Sindicato dos Banc\u00e1rios S\u00e3o Bento do Sul e Regi\u00e3o","@id":"https:\/\/sindicatodosbancarios.org.br\/site2022\/#\/schema\/person\/a7d92da77d1084df4d28b57962f1e1bd"},"headline":"INFORME BANC\u00c1RIO \u2013 216\/2020 Governo avalia acabar com prazo para recontrata\u00e7\u00e3o de funcion\u00e1rio demitido","datePublished":"2020-06-22T11:42:17+00:00","dateModified":"2020-06-22T11:42:17+00:00","mainEntityOfPage":{"@id":"https:\/\/sindicatodosbancarios.org.br\/site2022\/2020\/06\/22\/informe-bancario-216-2020-governo-avalia-acabar-com-prazo-para-recontratacao-de-funcionario-demitido\/"},"wordCount":345,"commentCount":0,"publisher":{"@id":"https:\/\/sindicatodosbancarios.org.br\/site2022\/#organization"},"keywords":["ACORDO","CORONAV\u00cdRUS","CRISE","ESTRAT\u00c9GIA","MERCADO DE TRABALHO","PANDEMIA","PLANO ECONOMICO","sindicato","sindicato dos bancarios","sindicato dos banc\u00e1rios de s\u00e3o bento do sul"],"articleSection":["Geral"],"inLanguage":"pt-BR","potentialAction":[{"@type":"CommentAction","name":"Comment","target":["https:\/\/sindicatodosbancarios.org.br\/site2022\/2020\/06\/22\/informe-bancario-216-2020-governo-avalia-acabar-com-prazo-para-recontratacao-de-funcionario-demitido\/#respond"]}]},{"@type":"WebPage","@id":"https:\/\/sindicatodosbancarios.org.br\/site2022\/2020\/06\/22\/informe-bancario-216-2020-governo-avalia-acabar-com-prazo-para-recontratacao-de-funcionario-demitido\/","url":"https:\/\/sindicatodosbancarios.org.br\/site2022\/2020\/06\/22\/informe-bancario-216-2020-governo-avalia-acabar-com-prazo-para-recontratacao-de-funcionario-demitido\/","name":"INFORME BANC\u00c1RIO \u2013 216\/2020 Governo avalia acabar com prazo para recontrata\u00e7\u00e3o de funcion\u00e1rio demitido - Sindicato dos Banc\u00e1rios de S\u00e3o Bento do Sul e Regi\u00e3o","isPartOf":{"@id":"https:\/\/sindicatodosbancarios.org.br\/site2022\/#website"},"datePublished":"2020-06-22T11:42:17+00:00","dateModified":"2020-06-22T11:42:17+00:00","breadcrumb":{"@id":"https:\/\/sindicatodosbancarios.org.br\/site2022\/2020\/06\/22\/informe-bancario-216-2020-governo-avalia-acabar-com-prazo-para-recontratacao-de-funcionario-demitido\/#breadcrumb"},"inLanguage":"pt-BR","potentialAction":[{"@type":"ReadAction","target":["https:\/\/sindicatodosbancarios.org.br\/site2022\/2020\/06\/22\/informe-bancario-216-2020-governo-avalia-acabar-com-prazo-para-recontratacao-de-funcionario-demitido\/"]}]},{"@type":"BreadcrumbList","@id":"https:\/\/sindicatodosbancarios.org.br\/site2022\/2020\/06\/22\/informe-bancario-216-2020-governo-avalia-acabar-com-prazo-para-recontratacao-de-funcionario-demitido\/#breadcrumb","itemListElement":[{"@type":"ListItem","position":1,"name":"In\u00edcio","item":"https:\/\/sindicatodosbancarios.org.br\/site2022\/"},{"@type":"ListItem","position":2,"name":"INFORME BANC\u00c1RIO \u2013 216\/2020 Governo avalia acabar com prazo para recontrata\u00e7\u00e3o de funcion\u00e1rio demitido"}]},{"@type":"WebSite","@id":"https:\/\/sindicatodosbancarios.org.br\/site2022\/#website","url":"https:\/\/sindicatodosbancarios.org.br\/site2022\/","name":"Sindicato dos Banc\u00e1rios de S\u00e3o Bento do Sul e Regi\u00e3o","description":"Website institucional do Sindicato dos Banc\u00e1rios de S\u00e3o Bento do Sul e Regi\u00e3o","publisher":{"@id":"https:\/\/sindicatodosbancarios.org.br\/site2022\/#organization"},"potentialAction":[{"@type":"SearchAction","target":{"@type":"EntryPoint","urlTemplate":"https:\/\/sindicatodosbancarios.org.br\/site2022\/?s={search_term_string}"},"query-input":"required name=search_term_string"}],"inLanguage":"pt-BR"},{"@type":"Organization","@id":"https:\/\/sindicatodosbancarios.org.br\/site2022\/#organization","name":"Sindicato dos Banc\u00e1rios de S\u00e3o Bento do Sul e Regi\u00e3o","url":"https:\/\/sindicatodosbancarios.org.br\/site2022\/","logo":{"@type":"ImageObject","inLanguage":"pt-BR","@id":"https:\/\/sindicatodosbancarios.org.br\/site2022\/#\/schema\/logo\/image\/","url":"https:\/\/sindicatodosbancarios.org.br\/site2022\/wp-content\/uploads\/2017\/06\/cropped-logo-2.png","contentUrl":"https:\/\/sindicatodosbancarios.org.br\/site2022\/wp-content\/uploads\/2017\/06\/cropped-logo-2.png","width":292,"height":292,"caption":"Sindicato dos Banc\u00e1rios de S\u00e3o Bento do Sul e Regi\u00e3o"},"image":{"@id":"https:\/\/sindicatodosbancarios.org.br\/site2022\/#\/schema\/logo\/image\/"}},{"@type":"Person","@id":"https:\/\/sindicatodosbancarios.org.br\/site2022\/#\/schema\/person\/a7d92da77d1084df4d28b57962f1e1bd","name":"Sindicato dos Banc\u00e1rios S\u00e3o Bento do Sul e Regi\u00e3o","image":{"@type":"ImageObject","inLanguage":"pt-BR","@id":"https:\/\/sindicatodosbancarios.org.br\/site2022\/#\/schema\/person\/image\/","url":"https:\/\/secure.gravatar.com\/avatar\/f1d1a06f698f2345352e539387180d42?s=96&d=mm&r=g","contentUrl":"https:\/\/secure.gravatar.com\/avatar\/f1d1a06f698f2345352e539387180d42?s=96&d=mm&r=g","caption":"Sindicato dos Banc\u00e1rios S\u00e3o Bento do Sul e Regi\u00e3o"},"sameAs":["http:\/\/sindicatodosbancarios.org.br\/site2022\/","https:\/\/www.facebook.com\/seeb.sbs.9"],"url":"https:\/\/sindicatodosbancarios.org.br\/site2022\/author\/sindicatodosbancarios\/"}]}},"jetpack_featured_media_url":"https:\/\/sindicatodosbancarios.org.br\/site2022\/wp-content\/uploads\/2020\/06\/46735750392_c403dc52f0_b.jpg","jetpack_sharing_enabled":true,"jetpack_shortlink":"https:\/\/wp.me\/p8RSbI-12r","jetpack-related-posts":[{"id":5274,"url":"https:\/\/sindicatodosbancarios.org.br\/site2022\/2021\/03\/29\/informe-bancarios-90-2021-piora-da-pandemia-forca-santander-brasil-a-voltar-atras-em-trabalho-presencial\/","url_meta":{"origin":3995,"position":0},"title":"INFORME BANC\u00c1RIOS \u2013 90\/2021 Piora da pandemia for\u00e7a Santander Brasil a voltar atr\u00e1s em trabalho presencial","date":"29 de mar\u00e7o de 2021","format":false,"excerpt":"H\u00e1 menos de um m\u00eas, o Santander Brasil tinha cerca de 65% de seus trabalhadores administrativos de volta aos escrit\u00f3rios, contrastando com seus dois maiores rivais, Bradesco e Ita\u00fa Unibanco, que continuavam com quase todo o pessoal administrativo trabalhando em casa. Agora, sob press\u00e3o dos funcion\u00e1rios e das autoridades de\u2026","rel":"","context":"Em &quot;Geral&quot;","img":{"alt_text":"","src":"https:\/\/i0.wp.com\/sindicatodosbancarios.org.br\/site2022\/wp-content\/uploads\/2021\/02\/tim.jpg?resize=350%2C200&ssl=1","width":350,"height":200},"classes":[]},{"id":5157,"url":"https:\/\/sindicatodosbancarios.org.br\/site2022\/2021\/02\/11\/informe-bancarios-55-2021-trabalhador-que-recusar-vacina-pode-ser-demitido-por-justa-causa-diz-mpt\/","url_meta":{"origin":3995,"position":1},"title":"INFORME BANC\u00c1RIOS \u2013 55\/2021 Trabalhador que recusar vacina pode ser demitido por justa causa, diz MPT","date":"11 de fevereiro de 2021","format":false,"excerpt":"Os trabalhadores que se recusarem a tomar a vacina contra a covid-19 sem apresentar raz\u00f5es m\u00e9dicas documentadas poder\u00e3o ser demitidos por justa causa, de acordo com o Minist\u00e9rio P\u00fablico do Trabalho (MPT). A orienta\u00e7\u00e3o do \u00f3rg\u00e3o \u00e9 para que as empresas invistam em conscientiza\u00e7\u00e3o e negociem com seus funcion\u00e1rios, mas\u2026","rel":"","context":"Em &quot;Geral&quot;","img":{"alt_text":"","src":"https:\/\/i0.wp.com\/sindicatodosbancarios.org.br\/site2022\/wp-content\/uploads\/2021\/02\/unnamed.jpg?resize=350%2C200&ssl=1","width":350,"height":200},"classes":[]},{"id":4305,"url":"https:\/\/sindicatodosbancarios.org.br\/site2022\/2020\/08\/20\/informe-bancario-304-2020-pandemia-reduziu-reajustes-salariais-no-1o-semestre-em-28-diz-pesquisa\/","url_meta":{"origin":3995,"position":2},"title":"INFORME BANC\u00c1RIO \u2013 304\/2020 Pandemia reduziu reajustes salariais no 1\u00ba semestre em 28%, diz pesquisa","date":"20 de agosto de 2020","format":false,"excerpt":"Boletim produzido pelo Dieese (Departamento Intersindical de Estat\u00edstica e Estudos Socioecon\u00f4micos) e divulgado hoje apontou algumas das principais mudan\u00e7as nas negocia\u00e7\u00f5es trabalhistas coletivas ao longo do primeiro semestre, afetado pela pandemia do novo coronav\u00edrus. Segundo o documento, o n\u00famero de cl\u00e1usulas relativas a reajuste salarial foi 28% menor ao registrado\u2026","rel":"","context":"Em &quot;Geral&quot;","img":{"alt_text":"","src":"https:\/\/i0.wp.com\/sindicatodosbancarios.org.br\/site2022\/wp-content\/uploads\/2020\/08\/carteira-de-trabalho-1579890725178_v2_900x506.jpg?resize=350%2C200&ssl=1","width":350,"height":200},"classes":[]},{"id":4741,"url":"https:\/\/sindicatodosbancarios.org.br\/site2022\/2020\/11\/05\/informe-bancario-422-2020-governo-avalia-beneficio-a-demitidos\/","url_meta":{"origin":3995,"position":3},"title":"INFORME BANC\u00c1RIO \u2013 422\/2020 Governo avalia benef\u00edcio a demitidos","date":"5 de novembro de 2020","format":false,"excerpt":"O governo estuda propor um benef\u00edcio espec\u00edfico para contemplar trabalhadores que foram demitidos durante a pandemia da covid-19, mas ficaram sem acesso a seguro-desemprego ou ao aux\u00edlio emergencial, segundo apurou o Estad\u00e3o\/Broadcast. O assunto est\u00e1 sendo discutido como uma contraproposta \u00e0 demanda das centrais sindicais por uma prorroga\u00e7\u00e3o do seguro-desemprego\u2026","rel":"","context":"Em &quot;Geral&quot;","img":{"alt_text":"","src":"https:\/\/i0.wp.com\/sindicatodosbancarios.org.br\/site2022\/wp-content\/uploads\/2020\/11\/clt-carteira-de-trabalho-coronavirus-emprego-1593194855519_v2_900x506.jpg?resize=350%2C200&ssl=1","width":350,"height":200},"classes":[]},{"id":4950,"url":"https:\/\/sindicatodosbancarios.org.br\/site2022\/2021\/01\/04\/informe-bancario-481-2020-contrato-suspenso-e-o-trabalho-continua-funcionario-pode-processar-empresa\/","url_meta":{"origin":3995,"position":4},"title":"INFORME BANC\u00c1RIO \u2013 03\/2021 Contrato suspenso e o trabalho continua? Funcion\u00e1rio pode processar empresa","date":"4 de janeiro de 2021","format":false,"excerpt":"O prazo de suspens\u00e3o de contratos e redu\u00e7\u00e3o de jornada pode se estender? Como lidar com fraudes nos acordos? Advogados respondem Com o final do ano, o dia 31 de dezembro marca uma data diferente para milh\u00f5es de trabalhadores: o fim do estado de calamidade p\u00fablica por causa da\u00a0covid-19\u00a0e, junto\u2026","rel":"","context":"Em &quot;Geral&quot;","img":{"alt_text":"","src":"https:\/\/i0.wp.com\/sindicatodosbancarios.org.br\/site2022\/wp-content\/uploads\/2021\/01\/gettyimages-1164172295.jpg?resize=350%2C200&ssl=1","width":350,"height":200},"classes":[]},{"id":5350,"url":"https:\/\/sindicatodosbancarios.org.br\/site2022\/2021\/04\/27\/informe-bancarios-111-2021-bancarios-devem-denunciar-ao-seu-sindicato-caso-o-banco-descumpra-qualquer-uma-das-medidas\/","url_meta":{"origin":3995,"position":5},"title":"INFORME BANC\u00c1RIOS \u2013 111\/2021 BANC\u00c1RIOS DEVEM DENUNCIAR AO SEU SINDICATO CASO O BANCO DESCUMPRA QUALQUER UMA DAS MEDIDAS","date":"27 de abril de 2021","format":false,"excerpt":"O Banco Santander, atendendo \u00e0s Reivindica\u00e7\u00f5es do Movimento Sindical Banc\u00e1rio e \u00e0s novas recomenda\u00e7\u00f5es da Organiza\u00e7\u00e3o Mundial da Sa\u00fade (OMS), anunciou novas medidas para preven\u00e7\u00e3o e controle da covid-19, incluindo novas regras de testagem sorol\u00f3gica. De agora em diante os testes para constatantes (pessoas que tiveram contato com algu\u00e9m contaminado)\u2026","rel":"","context":"Em &quot;Geral&quot;","img":{"alt_text":"","src":"https:\/\/i0.wp.com\/sindicatodosbancarios.org.br\/site2022\/wp-content\/uploads\/2021\/02\/vagas-santander-agencia-do-banco-1562078449638_v2_900x506.jpg?resize=350%2C200&ssl=1","width":350,"height":200},"classes":[]}],"_links":{"self":[{"href":"https:\/\/sindicatodosbancarios.org.br\/site2022\/wp-json\/wp\/v2\/posts\/3995"}],"collection":[{"href":"https:\/\/sindicatodosbancarios.org.br\/site2022\/wp-json\/wp\/v2\/posts"}],"about":[{"href":"https:\/\/sindicatodosbancarios.org.br\/site2022\/wp-json\/wp\/v2\/types\/post"}],"author":[{"embeddable":true,"href":"https:\/\/sindicatodosbancarios.org.br\/site2022\/wp-json\/wp\/v2\/users\/2"}],"replies":[{"embeddable":true,"href":"https:\/\/sindicatodosbancarios.org.br\/site2022\/wp-json\/wp\/v2\/comments?post=3995"}],"version-history":[{"count":1,"href":"https:\/\/sindicatodosbancarios.org.br\/site2022\/wp-json\/wp\/v2\/posts\/3995\/revisions"}],"predecessor-version":[{"id":3997,"href":"https:\/\/sindicatodosbancarios.org.br\/site2022\/wp-json\/wp\/v2\/posts\/3995\/revisions\/3997"}],"wp:featuredmedia":[{"embeddable":true,"href":"https:\/\/sindicatodosbancarios.org.br\/site2022\/wp-json\/wp\/v2\/media\/3996"}],"wp:attachment":[{"href":"https:\/\/sindicatodosbancarios.org.br\/site2022\/wp-json\/wp\/v2\/media?parent=3995"}],"wp:term":[{"taxonomy":"category","embeddable":true,"href":"https:\/\/sindicatodosbancarios.org.br\/site2022\/wp-json\/wp\/v2\/categories?post=3995"},{"taxonomy":"post_tag","embeddable":true,"href":"https:\/\/sindicatodosbancarios.org.br\/site2022\/wp-json\/wp\/v2\/tags?post=3995"}],"curies":[{"name":"wp","href":"https:\/\/api.w.org\/{rel}","templated":true}]}}