{"id":4004,"date":"2020-06-23T10:36:04","date_gmt":"2020-06-23T13:36:04","guid":{"rendered":"https:\/\/sindicatodosbancarios.org.br\/?p=4004"},"modified":"2020-06-23T10:36:04","modified_gmt":"2020-06-23T13:36:04","slug":"informe-bancario-218-2020-camara-suspende-pagamento-de-acordo-trabalhista-ate-dezembro","status":"publish","type":"post","link":"https:\/\/sindicatodosbancarios.org.br\/site2022\/2020\/06\/23\/informe-bancario-218-2020-camara-suspende-pagamento-de-acordo-trabalhista-ate-dezembro\/","title":{"rendered":"INFORME BANC\u00c1RIO \u2013 218\/2020 C\u00e2mara suspende pagamento de acordo trabalhista at\u00e9 dezembro"},"content":{"rendered":"<p>Trabalhador que foi demitido e fez um acordo para receber a rescis\u00e3o de forma parcelada poder\u00e1 ficar com as parcelas suspensas e s\u00f3 voltar a receber em janeiro<\/p>\n<p>A C\u00e2mara dos Deputados aprovou ontem que os pagamentos de acordos trabalhistas judiciais ou extrajudiciais ser\u00e3o suspensos pelo menos at\u00e9 31 de dezembro para as empresas que tiveram suas atividades paralisadas total ou parcialmente pelo poder p\u00fablico durante a pandemia da covid-19. A medida valer\u00e1 para os acordos feitos para quitar a\u00e7\u00f5es trabalhistas ou rescis\u00e3o do contrato de trabalho e tamb\u00e9m para quem aderiu a planos de demiss\u00e3o volunt\u00e1ria (PDV).<\/p>\n<p>A emenda, da deputada Soraya Santos (PL-RJ), foi inclu\u00edda na Medida Provis\u00f3ria (MP) 927, que promove mudan\u00e7as na legisla\u00e7\u00e3o trabalhista durante o per\u00edodo de calamidade p\u00fablica decretada por causa da covid-19 (a princ\u00edpio, at\u00e9 31 de dezembro). Pela proposta, que agora ser\u00e1 analisada pelo Senado, o trabalhador que foi demitido e fez um acordo para receber a rescis\u00e3o de forma parcelada poder\u00e1 ficar com as parcelas suspensas e s\u00f3 voltar a receber em janeiro.<\/p>\n<p>O mesmo valer\u00e1 para um trabalhador que aderiu ao PDV de uma empresa e ainda est\u00e1 recebendo as parcelas de seu pacote de benef\u00edcios. Pela emenda, a empresa que teve sua atividade parcial ou totalmente fechada por ordem do poder p\u00fablico (o que, em tempos de pandemia, abrange praticamente todas as atividades econ\u00f4micas) poder\u00e1 alegar dificuldades financeiras e suspender os pagamentos.<\/p>\n<p>S\u00f3 os partidos de oposi\u00e7\u00e3o foram contr\u00e1rios. \u201c\u00c9 mais perda para o trabalhador. Est\u00e1 virando uma farra para os patr\u00f5es nessa pandemia\u201d, disse o deputado Rog\u00e9rio Correia (PT-MG). Em condi\u00e7\u00e3o de anonimato, advogados trabalhistas que atuam para empresas afirmaram ao Valor que a proposta \u00e9 \u201cabsurda\u201d, \u201clegaliza o calote\u201d e que prejudica os trabalhadores que aceitaram uma redu\u00e7\u00e3o nos valores para receber e agora ter\u00e3o que enfrentar uma morat\u00f3ria dessas d\u00edvidas.<\/p>\n<p>Ao defender a emenda, aprovada por 315 votos a 135, a deputada Soraya afirmou que a proposta apenas fazia um ajuste e que a suspens\u00e3o j\u00e1 estava em vigor.Advogados, por\u00e9m, negaram e disseram que alguns ju\u00edzes acataram pedidos de suspens\u00e3o diante da gravidade da situa\u00e7\u00e3o das empresas, mas foram poucos casos. O Valor tentou contato com Soraya, mas n\u00e3o teve retorno at\u00e9 o fechamento desta edi\u00e7\u00e3o.<\/p>\n<p>A emenda foi apoiada pelo governo Bolsonaro e pela maioria dos partidos, com exce\u00e7\u00e3o dos de oposi\u00e7\u00e3o. O argumento foi aliviar o caixa das empresas durante a crise econ\u00f4mica. \u201cVamos apoiar porque realmente melhora o fluxo das empresas que tiveram que ser paralisadas nesse per\u00edodo\u201d, defendeu a deputada Adriana Ventura (Novo-SP).<\/p>\n<p>Para o advogado Jorge Matsumoto, s\u00f3cio trabalhista do Bichara Advogados, as empresas devem tomar cuidado ao utilizar essa permiss\u00e3o, caso seja realmente aprovada, porque mexe com cr\u00e9ditos aliment\u00edcios e pode ter a constitucionalidade contestada. \u201cPara se precaver disso, a empresa precisa de uma prova bem robusta de que a suspens\u00e3o foi corretamente aplicada e houve uma situa\u00e7\u00e3o de grave risco da empregabilidade\u201d, orienta.<\/p>\n<p>A vers\u00e3o original da MP era bem menos pol\u00eamica, embora sua vota\u00e7\u00e3o tenha demorado quase dez horas ao longo do dia de ontem por causa das v\u00e1rias emendas feitas pela oposi\u00e7\u00e3o &#8211; todas elas rejeitadas. A proposta estabelece regras para funcionamento do teletrabalho e antecipa\u00e7\u00e3o de f\u00e9rias e feriados, por exemplo, em decorr\u00eancia da pandemia do coronav\u00edrus. Como a MP est\u00e1 em vigor desde mar\u00e7o, a maioria delas j\u00e1 foi aplicada pelas empresas bem antes da vota\u00e7\u00e3o pela C\u00e2mara ocorrer.<\/p>\n<p>O relator, deputado Celso Maldaner (MDB-SC), tentou ampliar as medidas e, num acordo com o governo, incluir pontos da extinta MP 905, como o trabalho aos domingos e feriados sem necessidade de conven\u00e7\u00e3o coletiva. Mas o presidente da C\u00e2mara, Rodrigo Maia (DEM-RJ), vetou ap\u00f3s press\u00e3o da oposi\u00e7\u00e3o e o emedebista manteve o texto praticamente inalterado.<\/p>\n<p>A MP permite que o teletrabalho (\u201chome office\u201d), a antecipa\u00e7\u00e3o de feriados, f\u00e9rias individuais e coletivas, uso do banco de horas, a suspens\u00e3o de exig\u00eancias administrativas em seguran\u00e7a e sa\u00fade no trabalho por acordo individual com o trabalhador, sem precisar do aval dos sindicatos. Esse ponto foi criticado pela oposi\u00e7\u00e3o, com o argumento de que o empregado, neste momento, se submeter\u00e1 a todas as exig\u00eancias da empresa para n\u00e3o perder o emprego.<\/p>\n<p>A proposta estabelece regras para funcionamento dessas situa\u00e7\u00f5es enquanto durar a pandemia da covid-19 e tamb\u00e9m de outras para aliviar o caixa das empresas. O adicional de 1\/3 do sal\u00e1rio quando das f\u00e9rias, por exemplo, poder\u00e1 ser pago at\u00e9 o fim do ano e a troca de 1\/3 das f\u00e9rias por abono pecuni\u00e1rio (a \u201cvenda\u201d das f\u00e9rias) depender\u00e1 do aval do empregador.<br \/>\nTamb\u00e9m ficou permitido o diferimento (adiamento) dos dep\u00f3sitos no Fundo de Garantia do Tempo de Servi\u00e7o (FGTS) entre mar\u00e7o e maio &#8211; os deputados n\u00e3o modificaram essa parte e, em junho, os pagamentos j\u00e1 voltar\u00e3o ao normal. Os valores n\u00e3o pagos nos tr\u00eas meses anteriores ser\u00e3o parcelados de julho a dezembro.<\/p>\n<p>A MP ainda perdeu pontos pol\u00eamicos, como o que dizia que a covid-19 n\u00e3o poderia ser considerada doen\u00e7a ocupacional e a limita\u00e7\u00e3o de atua\u00e7\u00e3o dos auditores fiscais do trabalho durante 180 dias. Ambas foram derrubadas pelo Supremo Tribunal Federal (STF), que julgou essas regras inconstitucionais.<\/p>\n<p>O projeto tamb\u00e9m prev\u00ea que as conven\u00e7\u00f5es e acordos coletivos de trabalho que vencerem de 22 de mar\u00e7o at\u00e9 agosto poder\u00e3o ser prorrogados por 90 dias a crit\u00e9rio do empregador.<\/p>\n<p><span style=\"font-size: 8pt;\">Fonte Valor Econ\u00f4mico, 18\/06\/2020<\/span><\/p>\n<p>&nbsp;<\/p>\n","protected":false},"excerpt":{"rendered":"<p>Trabalhador que foi demitido e fez um acordo para receber a rescis\u00e3o de forma parcelada poder\u00e1 ficar com [&hellip;]<\/p>\n","protected":false},"author":2,"featured_media":4005,"comment_status":"open","ping_status":"open","sticky":false,"template":"","format":"standard","meta":{"jetpack_post_was_ever_published":false,"jetpack_publicize_message":"","jetpack_is_tweetstorm":false,"jetpack_publicize_feature_enabled":true,"jetpack_social_post_already_shared":true,"jetpack_social_options":[]},"categories":[1],"tags":[81,73,87,63,107,46,47,53],"jetpack_publicize_connections":[],"acf":[],"yoast_head":"<!-- This site is optimized with the Yoast SEO plugin v19.14 - https:\/\/yoast.com\/wordpress\/plugins\/seo\/ -->\n<title>INFORME BANC\u00c1RIO \u2013 218\/2020 C\u00e2mara suspende pagamento de acordo trabalhista at\u00e9 dezembro - Sindicato dos Banc\u00e1rios de S\u00e3o Bento do Sul e Regi\u00e3o<\/title>\n<meta name=\"robots\" content=\"index, follow, max-snippet:-1, max-image-preview:large, max-video-preview:-1\" \/>\n<link rel=\"canonical\" href=\"https:\/\/sindicatodosbancarios.org.br\/site2022\/2020\/06\/23\/informe-bancario-218-2020-camara-suspende-pagamento-de-acordo-trabalhista-ate-dezembro\/\" \/>\n<meta property=\"og:locale\" content=\"pt_BR\" \/>\n<meta property=\"og:type\" content=\"article\" \/>\n<meta property=\"og:title\" content=\"INFORME BANC\u00c1RIO \u2013 218\/2020 C\u00e2mara suspende pagamento de acordo trabalhista at\u00e9 dezembro - Sindicato dos Banc\u00e1rios de S\u00e3o Bento do Sul e Regi\u00e3o\" \/>\n<meta property=\"og:description\" content=\"Trabalhador que foi demitido e fez um acordo para receber a rescis\u00e3o de forma parcelada poder\u00e1 ficar com [&hellip;]\" \/>\n<meta property=\"og:url\" content=\"https:\/\/sindicatodosbancarios.org.br\/site2022\/2020\/06\/23\/informe-bancario-218-2020-camara-suspende-pagamento-de-acordo-trabalhista-ate-dezembro\/\" \/>\n<meta property=\"og:site_name\" content=\"Sindicato dos Banc\u00e1rios de S\u00e3o Bento do Sul e Regi\u00e3o\" \/>\n<meta property=\"article:author\" content=\"https:\/\/www.facebook.com\/seeb.sbs.9\" \/>\n<meta property=\"article:published_time\" content=\"2020-06-23T13:36:04+00:00\" \/>\n<meta property=\"og:image\" content=\"https:\/\/sindicatodosbancarios.org.br\/site2022\/wp-content\/uploads\/2020\/06\/img201405271557565747683MED.jpg\" \/>\n\t<meta property=\"og:image:width\" content=\"672\" \/>\n\t<meta property=\"og:image:height\" content=\"446\" \/>\n\t<meta property=\"og:image:type\" content=\"image\/jpeg\" \/>\n<meta name=\"author\" content=\"Sindicato dos Banc\u00e1rios S\u00e3o Bento do Sul e Regi\u00e3o\" \/>\n<meta name=\"twitter:card\" content=\"summary_large_image\" \/>\n<meta name=\"twitter:label1\" content=\"Escrito por\" \/>\n\t<meta name=\"twitter:data1\" content=\"Sindicato dos Banc\u00e1rios S\u00e3o Bento do Sul e Regi\u00e3o\" \/>\n\t<meta name=\"twitter:label2\" content=\"Est. tempo de leitura\" \/>\n\t<meta name=\"twitter:data2\" content=\"5 minutos\" \/>\n<script type=\"application\/ld+json\" class=\"yoast-schema-graph\">{\"@context\":\"https:\/\/schema.org\",\"@graph\":[{\"@type\":\"Article\",\"@id\":\"https:\/\/sindicatodosbancarios.org.br\/site2022\/2020\/06\/23\/informe-bancario-218-2020-camara-suspende-pagamento-de-acordo-trabalhista-ate-dezembro\/#article\",\"isPartOf\":{\"@id\":\"https:\/\/sindicatodosbancarios.org.br\/site2022\/2020\/06\/23\/informe-bancario-218-2020-camara-suspende-pagamento-de-acordo-trabalhista-ate-dezembro\/\"},\"author\":{\"name\":\"Sindicato dos Banc\u00e1rios S\u00e3o Bento do Sul e Regi\u00e3o\",\"@id\":\"https:\/\/sindicatodosbancarios.org.br\/site2022\/#\/schema\/person\/a7d92da77d1084df4d28b57962f1e1bd\"},\"headline\":\"INFORME BANC\u00c1RIO \u2013 218\/2020 C\u00e2mara suspende pagamento de acordo trabalhista at\u00e9 dezembro\",\"datePublished\":\"2020-06-23T13:36:04+00:00\",\"dateModified\":\"2020-06-23T13:36:04+00:00\",\"mainEntityOfPage\":{\"@id\":\"https:\/\/sindicatodosbancarios.org.br\/site2022\/2020\/06\/23\/informe-bancario-218-2020-camara-suspende-pagamento-de-acordo-trabalhista-ate-dezembro\/\"},\"wordCount\":982,\"commentCount\":0,\"publisher\":{\"@id\":\"https:\/\/sindicatodosbancarios.org.br\/site2022\/#organization\"},\"keywords\":[\"ACORDO\",\"CORONAV\u00cdRUS\",\"CRISE\",\"MERCADO DE TRABALHO\",\"PANDEMIA\",\"sindicato\",\"sindicato dos bancarios\",\"sindicato dos banc\u00e1rios de s\u00e3o bento do sul\"],\"articleSection\":[\"Geral\"],\"inLanguage\":\"pt-BR\",\"potentialAction\":[{\"@type\":\"CommentAction\",\"name\":\"Comment\",\"target\":[\"https:\/\/sindicatodosbancarios.org.br\/site2022\/2020\/06\/23\/informe-bancario-218-2020-camara-suspende-pagamento-de-acordo-trabalhista-ate-dezembro\/#respond\"]}]},{\"@type\":\"WebPage\",\"@id\":\"https:\/\/sindicatodosbancarios.org.br\/site2022\/2020\/06\/23\/informe-bancario-218-2020-camara-suspende-pagamento-de-acordo-trabalhista-ate-dezembro\/\",\"url\":\"https:\/\/sindicatodosbancarios.org.br\/site2022\/2020\/06\/23\/informe-bancario-218-2020-camara-suspende-pagamento-de-acordo-trabalhista-ate-dezembro\/\",\"name\":\"INFORME BANC\u00c1RIO \u2013 218\/2020 C\u00e2mara suspende pagamento de acordo trabalhista at\u00e9 dezembro - Sindicato dos Banc\u00e1rios de S\u00e3o Bento do Sul e Regi\u00e3o\",\"isPartOf\":{\"@id\":\"https:\/\/sindicatodosbancarios.org.br\/site2022\/#website\"},\"datePublished\":\"2020-06-23T13:36:04+00:00\",\"dateModified\":\"2020-06-23T13:36:04+00:00\",\"breadcrumb\":{\"@id\":\"https:\/\/sindicatodosbancarios.org.br\/site2022\/2020\/06\/23\/informe-bancario-218-2020-camara-suspende-pagamento-de-acordo-trabalhista-ate-dezembro\/#breadcrumb\"},\"inLanguage\":\"pt-BR\",\"potentialAction\":[{\"@type\":\"ReadAction\",\"target\":[\"https:\/\/sindicatodosbancarios.org.br\/site2022\/2020\/06\/23\/informe-bancario-218-2020-camara-suspende-pagamento-de-acordo-trabalhista-ate-dezembro\/\"]}]},{\"@type\":\"BreadcrumbList\",\"@id\":\"https:\/\/sindicatodosbancarios.org.br\/site2022\/2020\/06\/23\/informe-bancario-218-2020-camara-suspende-pagamento-de-acordo-trabalhista-ate-dezembro\/#breadcrumb\",\"itemListElement\":[{\"@type\":\"ListItem\",\"position\":1,\"name\":\"In\u00edcio\",\"item\":\"https:\/\/sindicatodosbancarios.org.br\/site2022\/\"},{\"@type\":\"ListItem\",\"position\":2,\"name\":\"INFORME BANC\u00c1RIO \u2013 218\/2020 C\u00e2mara suspende pagamento de acordo trabalhista at\u00e9 dezembro\"}]},{\"@type\":\"WebSite\",\"@id\":\"https:\/\/sindicatodosbancarios.org.br\/site2022\/#website\",\"url\":\"https:\/\/sindicatodosbancarios.org.br\/site2022\/\",\"name\":\"Sindicato dos Banc\u00e1rios de S\u00e3o Bento do Sul e Regi\u00e3o\",\"description\":\"Website institucional do Sindicato dos Banc\u00e1rios de S\u00e3o Bento do Sul e Regi\u00e3o\",\"publisher\":{\"@id\":\"https:\/\/sindicatodosbancarios.org.br\/site2022\/#organization\"},\"potentialAction\":[{\"@type\":\"SearchAction\",\"target\":{\"@type\":\"EntryPoint\",\"urlTemplate\":\"https:\/\/sindicatodosbancarios.org.br\/site2022\/?s={search_term_string}\"},\"query-input\":\"required name=search_term_string\"}],\"inLanguage\":\"pt-BR\"},{\"@type\":\"Organization\",\"@id\":\"https:\/\/sindicatodosbancarios.org.br\/site2022\/#organization\",\"name\":\"Sindicato dos Banc\u00e1rios de S\u00e3o Bento do Sul e Regi\u00e3o\",\"url\":\"https:\/\/sindicatodosbancarios.org.br\/site2022\/\",\"logo\":{\"@type\":\"ImageObject\",\"inLanguage\":\"pt-BR\",\"@id\":\"https:\/\/sindicatodosbancarios.org.br\/site2022\/#\/schema\/logo\/image\/\",\"url\":\"https:\/\/sindicatodosbancarios.org.br\/site2022\/wp-content\/uploads\/2017\/06\/cropped-logo-2.png\",\"contentUrl\":\"https:\/\/sindicatodosbancarios.org.br\/site2022\/wp-content\/uploads\/2017\/06\/cropped-logo-2.png\",\"width\":292,\"height\":292,\"caption\":\"Sindicato dos Banc\u00e1rios de S\u00e3o Bento do Sul e Regi\u00e3o\"},\"image\":{\"@id\":\"https:\/\/sindicatodosbancarios.org.br\/site2022\/#\/schema\/logo\/image\/\"}},{\"@type\":\"Person\",\"@id\":\"https:\/\/sindicatodosbancarios.org.br\/site2022\/#\/schema\/person\/a7d92da77d1084df4d28b57962f1e1bd\",\"name\":\"Sindicato dos Banc\u00e1rios S\u00e3o Bento do Sul e Regi\u00e3o\",\"image\":{\"@type\":\"ImageObject\",\"inLanguage\":\"pt-BR\",\"@id\":\"https:\/\/sindicatodosbancarios.org.br\/site2022\/#\/schema\/person\/image\/\",\"url\":\"https:\/\/secure.gravatar.com\/avatar\/f1d1a06f698f2345352e539387180d42?s=96&d=mm&r=g\",\"contentUrl\":\"https:\/\/secure.gravatar.com\/avatar\/f1d1a06f698f2345352e539387180d42?s=96&d=mm&r=g\",\"caption\":\"Sindicato dos Banc\u00e1rios S\u00e3o Bento do Sul e Regi\u00e3o\"},\"sameAs\":[\"http:\/\/sindicatodosbancarios.org.br\/site2022\/\",\"https:\/\/www.facebook.com\/seeb.sbs.9\"],\"url\":\"https:\/\/sindicatodosbancarios.org.br\/site2022\/author\/sindicatodosbancarios\/\"}]}<\/script>\n<!-- \/ Yoast SEO plugin. -->","yoast_head_json":{"title":"INFORME BANC\u00c1RIO \u2013 218\/2020 C\u00e2mara suspende pagamento de acordo trabalhista at\u00e9 dezembro - Sindicato dos Banc\u00e1rios de S\u00e3o Bento do Sul e Regi\u00e3o","robots":{"index":"index","follow":"follow","max-snippet":"max-snippet:-1","max-image-preview":"max-image-preview:large","max-video-preview":"max-video-preview:-1"},"canonical":"https:\/\/sindicatodosbancarios.org.br\/site2022\/2020\/06\/23\/informe-bancario-218-2020-camara-suspende-pagamento-de-acordo-trabalhista-ate-dezembro\/","og_locale":"pt_BR","og_type":"article","og_title":"INFORME BANC\u00c1RIO \u2013 218\/2020 C\u00e2mara suspende pagamento de acordo trabalhista at\u00e9 dezembro - Sindicato dos Banc\u00e1rios de S\u00e3o Bento do Sul e Regi\u00e3o","og_description":"Trabalhador que foi demitido e fez um acordo para receber a rescis\u00e3o de forma parcelada poder\u00e1 ficar com [&hellip;]","og_url":"https:\/\/sindicatodosbancarios.org.br\/site2022\/2020\/06\/23\/informe-bancario-218-2020-camara-suspende-pagamento-de-acordo-trabalhista-ate-dezembro\/","og_site_name":"Sindicato dos Banc\u00e1rios de S\u00e3o Bento do Sul e Regi\u00e3o","article_author":"https:\/\/www.facebook.com\/seeb.sbs.9","article_published_time":"2020-06-23T13:36:04+00:00","og_image":[{"width":672,"height":446,"url":"https:\/\/sindicatodosbancarios.org.br\/site2022\/wp-content\/uploads\/2020\/06\/img201405271557565747683MED.jpg","type":"image\/jpeg"}],"author":"Sindicato dos Banc\u00e1rios S\u00e3o Bento do Sul e Regi\u00e3o","twitter_card":"summary_large_image","twitter_misc":{"Escrito por":"Sindicato dos Banc\u00e1rios S\u00e3o Bento do Sul e Regi\u00e3o","Est. tempo de leitura":"5 minutos"},"schema":{"@context":"https:\/\/schema.org","@graph":[{"@type":"Article","@id":"https:\/\/sindicatodosbancarios.org.br\/site2022\/2020\/06\/23\/informe-bancario-218-2020-camara-suspende-pagamento-de-acordo-trabalhista-ate-dezembro\/#article","isPartOf":{"@id":"https:\/\/sindicatodosbancarios.org.br\/site2022\/2020\/06\/23\/informe-bancario-218-2020-camara-suspende-pagamento-de-acordo-trabalhista-ate-dezembro\/"},"author":{"name":"Sindicato dos Banc\u00e1rios S\u00e3o Bento do Sul e Regi\u00e3o","@id":"https:\/\/sindicatodosbancarios.org.br\/site2022\/#\/schema\/person\/a7d92da77d1084df4d28b57962f1e1bd"},"headline":"INFORME BANC\u00c1RIO \u2013 218\/2020 C\u00e2mara suspende pagamento de acordo trabalhista at\u00e9 dezembro","datePublished":"2020-06-23T13:36:04+00:00","dateModified":"2020-06-23T13:36:04+00:00","mainEntityOfPage":{"@id":"https:\/\/sindicatodosbancarios.org.br\/site2022\/2020\/06\/23\/informe-bancario-218-2020-camara-suspende-pagamento-de-acordo-trabalhista-ate-dezembro\/"},"wordCount":982,"commentCount":0,"publisher":{"@id":"https:\/\/sindicatodosbancarios.org.br\/site2022\/#organization"},"keywords":["ACORDO","CORONAV\u00cdRUS","CRISE","MERCADO DE TRABALHO","PANDEMIA","sindicato","sindicato dos bancarios","sindicato dos banc\u00e1rios de s\u00e3o bento do sul"],"articleSection":["Geral"],"inLanguage":"pt-BR","potentialAction":[{"@type":"CommentAction","name":"Comment","target":["https:\/\/sindicatodosbancarios.org.br\/site2022\/2020\/06\/23\/informe-bancario-218-2020-camara-suspende-pagamento-de-acordo-trabalhista-ate-dezembro\/#respond"]}]},{"@type":"WebPage","@id":"https:\/\/sindicatodosbancarios.org.br\/site2022\/2020\/06\/23\/informe-bancario-218-2020-camara-suspende-pagamento-de-acordo-trabalhista-ate-dezembro\/","url":"https:\/\/sindicatodosbancarios.org.br\/site2022\/2020\/06\/23\/informe-bancario-218-2020-camara-suspende-pagamento-de-acordo-trabalhista-ate-dezembro\/","name":"INFORME BANC\u00c1RIO \u2013 218\/2020 C\u00e2mara suspende pagamento de acordo trabalhista at\u00e9 dezembro - Sindicato dos Banc\u00e1rios de S\u00e3o Bento do Sul e Regi\u00e3o","isPartOf":{"@id":"https:\/\/sindicatodosbancarios.org.br\/site2022\/#website"},"datePublished":"2020-06-23T13:36:04+00:00","dateModified":"2020-06-23T13:36:04+00:00","breadcrumb":{"@id":"https:\/\/sindicatodosbancarios.org.br\/site2022\/2020\/06\/23\/informe-bancario-218-2020-camara-suspende-pagamento-de-acordo-trabalhista-ate-dezembro\/#breadcrumb"},"inLanguage":"pt-BR","potentialAction":[{"@type":"ReadAction","target":["https:\/\/sindicatodosbancarios.org.br\/site2022\/2020\/06\/23\/informe-bancario-218-2020-camara-suspende-pagamento-de-acordo-trabalhista-ate-dezembro\/"]}]},{"@type":"BreadcrumbList","@id":"https:\/\/sindicatodosbancarios.org.br\/site2022\/2020\/06\/23\/informe-bancario-218-2020-camara-suspende-pagamento-de-acordo-trabalhista-ate-dezembro\/#breadcrumb","itemListElement":[{"@type":"ListItem","position":1,"name":"In\u00edcio","item":"https:\/\/sindicatodosbancarios.org.br\/site2022\/"},{"@type":"ListItem","position":2,"name":"INFORME BANC\u00c1RIO \u2013 218\/2020 C\u00e2mara suspende pagamento de acordo trabalhista at\u00e9 dezembro"}]},{"@type":"WebSite","@id":"https:\/\/sindicatodosbancarios.org.br\/site2022\/#website","url":"https:\/\/sindicatodosbancarios.org.br\/site2022\/","name":"Sindicato dos Banc\u00e1rios de S\u00e3o Bento do Sul e Regi\u00e3o","description":"Website institucional do Sindicato dos Banc\u00e1rios de S\u00e3o Bento do Sul e Regi\u00e3o","publisher":{"@id":"https:\/\/sindicatodosbancarios.org.br\/site2022\/#organization"},"potentialAction":[{"@type":"SearchAction","target":{"@type":"EntryPoint","urlTemplate":"https:\/\/sindicatodosbancarios.org.br\/site2022\/?s={search_term_string}"},"query-input":"required name=search_term_string"}],"inLanguage":"pt-BR"},{"@type":"Organization","@id":"https:\/\/sindicatodosbancarios.org.br\/site2022\/#organization","name":"Sindicato dos Banc\u00e1rios de S\u00e3o Bento do Sul e Regi\u00e3o","url":"https:\/\/sindicatodosbancarios.org.br\/site2022\/","logo":{"@type":"ImageObject","inLanguage":"pt-BR","@id":"https:\/\/sindicatodosbancarios.org.br\/site2022\/#\/schema\/logo\/image\/","url":"https:\/\/sindicatodosbancarios.org.br\/site2022\/wp-content\/uploads\/2017\/06\/cropped-logo-2.png","contentUrl":"https:\/\/sindicatodosbancarios.org.br\/site2022\/wp-content\/uploads\/2017\/06\/cropped-logo-2.png","width":292,"height":292,"caption":"Sindicato dos Banc\u00e1rios de S\u00e3o Bento do Sul e Regi\u00e3o"},"image":{"@id":"https:\/\/sindicatodosbancarios.org.br\/site2022\/#\/schema\/logo\/image\/"}},{"@type":"Person","@id":"https:\/\/sindicatodosbancarios.org.br\/site2022\/#\/schema\/person\/a7d92da77d1084df4d28b57962f1e1bd","name":"Sindicato dos Banc\u00e1rios S\u00e3o Bento do Sul e Regi\u00e3o","image":{"@type":"ImageObject","inLanguage":"pt-BR","@id":"https:\/\/sindicatodosbancarios.org.br\/site2022\/#\/schema\/person\/image\/","url":"https:\/\/secure.gravatar.com\/avatar\/f1d1a06f698f2345352e539387180d42?s=96&d=mm&r=g","contentUrl":"https:\/\/secure.gravatar.com\/avatar\/f1d1a06f698f2345352e539387180d42?s=96&d=mm&r=g","caption":"Sindicato dos Banc\u00e1rios S\u00e3o Bento do Sul e Regi\u00e3o"},"sameAs":["http:\/\/sindicatodosbancarios.org.br\/site2022\/","https:\/\/www.facebook.com\/seeb.sbs.9"],"url":"https:\/\/sindicatodosbancarios.org.br\/site2022\/author\/sindicatodosbancarios\/"}]}},"jetpack_featured_media_url":"https:\/\/sindicatodosbancarios.org.br\/site2022\/wp-content\/uploads\/2020\/06\/img201405271557565747683MED.jpg","jetpack_sharing_enabled":true,"jetpack_shortlink":"https:\/\/wp.me\/p8RSbI-12A","jetpack-related-posts":[{"id":5468,"url":"https:\/\/sindicatodosbancarios.org.br\/site2022\/2021\/06\/17\/informe-bancario-147-2021-plr-no-2o-semestre-de-2021-esta-garantida-pelo-acordo-coletivo\/","url_meta":{"origin":4004,"position":0},"title":"INFORME BANC\u00c1RIO \u2013 147\/2021 PLR NO 2\u00ba SEMESTRE DE 2021 EST\u00c1 GARANTIDA PELO ACORDO COLETIVO","date":"17 de junho de 2021","format":false,"excerpt":"Com a conquista pela categoria banc\u00e1ria, em 2020, de uma Conven\u00e7\u00e3o Coletiva de Trabalho (CCT) v\u00e1lida por 2 anos, o pagamento da Participa\u00e7\u00e3o nos Lucros e Resultados (PLR) no 2\u00ba semestre deste ano j\u00e1 tem prazos estabelecidos (veja abaixo). A atual CCT das banc\u00e1rias e banc\u00e1rios, que garante uma s\u00e9rie\u2026","rel":"","context":"Em &quot;Geral&quot;","img":{"alt_text":"","src":"https:\/\/i0.wp.com\/sindicatodosbancarios.org.br\/site2022\/wp-content\/uploads\/2021\/06\/plr-21-11677-980x500m0.jpg?resize=350%2C200&ssl=1","width":350,"height":200},"classes":[]},{"id":4950,"url":"https:\/\/sindicatodosbancarios.org.br\/site2022\/2021\/01\/04\/informe-bancario-481-2020-contrato-suspenso-e-o-trabalho-continua-funcionario-pode-processar-empresa\/","url_meta":{"origin":4004,"position":1},"title":"INFORME BANC\u00c1RIO \u2013 03\/2021 Contrato suspenso e o trabalho continua? Funcion\u00e1rio pode processar empresa","date":"4 de janeiro de 2021","format":false,"excerpt":"O prazo de suspens\u00e3o de contratos e redu\u00e7\u00e3o de jornada pode se estender? Como lidar com fraudes nos acordos? Advogados respondem Com o final do ano, o dia 31 de dezembro marca uma data diferente para milh\u00f5es de trabalhadores: o fim do estado de calamidade p\u00fablica por causa da\u00a0covid-19\u00a0e, junto\u2026","rel":"","context":"Em &quot;Geral&quot;","img":{"alt_text":"","src":"https:\/\/i0.wp.com\/sindicatodosbancarios.org.br\/site2022\/wp-content\/uploads\/2021\/01\/gettyimages-1164172295.jpg?resize=350%2C200&ssl=1","width":350,"height":200},"classes":[]},{"id":4834,"url":"https:\/\/sindicatodosbancarios.org.br\/site2022\/2020\/12\/02\/informe-bancario-449-2020-caixa-reabre-pdv-para-adesao-ate-o-dia-11-de-dezembro\/","url_meta":{"origin":4004,"position":2},"title":"INFORME BANC\u00c1RIO \u2013 449\/2020 Caixa reabre PDV para ades\u00e3o at\u00e9 o dia 11 de dezembro","date":"2 de dezembro de 2020","format":false,"excerpt":"A Caixa Econ\u00f4mica Federal informou \u00e0 CONTEC que est\u00e1 aberto o Programa de Desligamento Volunt\u00e1rio (PDV) 2020 at\u00e9 o pr\u00f3ximo dia 11 de dezembro. Nesta ter\u00e7a (1\u00ba), o banco divulgou internamente a reabertura por meio da circular CE DEPE\/SUDES 054\/2020. Permanecem vigentes todas as disposi\u00e7\u00f5es previstas na CI DEPES\/SUDES 017\/2020,\u2026","rel":"","context":"Em &quot;Caixa Econ\u00f4mica Federal&quot;","img":{"alt_text":"","src":"https:\/\/i0.wp.com\/sindicatodosbancarios.org.br\/site2022\/wp-content\/uploads\/2020\/09\/brasilia-df-brasil-caixa-economica-federal-foto-marcelo-camargoagencia-brasil-1600822484947_v2_900x506.jpg?resize=350%2C200&ssl=1","width":350,"height":200},"classes":[]},{"id":5329,"url":"https:\/\/sindicatodosbancarios.org.br\/site2022\/2021\/04\/22\/informe-bancarios-104-2021-sem-programa-do-governo-empresas-e-sindicatos-negociam-e-evitam-demissoes\/","url_meta":{"origin":4004,"position":3},"title":"INFORME BANC\u00c1RIOS \u2013 104\/2021 Sem programa do governo, empresas e sindicatos negociam e evitam demiss\u00f5es","date":"22 de abril de 2021","format":false,"excerpt":"O governo federal ainda n\u00e3o retomou o programa que permite redu\u00e7\u00e3o de jornada ou suspens\u00e3o do contrato de trabalho, para evitar demiss\u00f5es. Por causa disso, empresas e sindicatos est\u00e3o fazendo acordos coletivos para adotar uma das duas medidas e evitar corte de pessoal. Segundo levantamento do Salari\u00f4metro, da Fipe (Funda\u00e7\u00e3o\u2026","rel":"","context":"Em &quot;Geral&quot;","img":{"alt_text":"","src":"https:\/\/i0.wp.com\/sindicatodosbancarios.org.br\/site2022\/wp-content\/uploads\/2021\/02\/ecv8by7wzopiiudr6exo2c0gh.jpg?resize=350%2C200&ssl=1","width":350,"height":200},"classes":[]},{"id":5647,"url":"https:\/\/sindicatodosbancarios.org.br\/site2022\/2021\/08\/28\/informe-bancario-202-2021-bancarios-vao-comemorar-seu-dia-28-de-agosto-com-todos-seus-direitos\/","url_meta":{"origin":4004,"position":4},"title":"INFORME BANC\u00c1RIO \u2013 202\/2021 BANC\u00c1RIOS V\u00c3O COMEMORAR SEU DIA 28 DE AGOSTO COM TODOS SEUS DIREITOS!","date":"28 de agosto de 2021","format":false,"excerpt":"Direitos foram preservados at\u00e9 2022 e aumento com 100% do INPC + 0,5% acima da infla\u00e7\u00e3o. Algumas categorias somente conseguiram o INPC e outras tiveram seus direitos retirados Mais um dia 28 de agosto em que a categoria banc\u00e1ria celebra seu dia com conquistas e vit\u00f3rias. A campanha salarial 2020\u2026","rel":"","context":"Em &quot;Geral&quot;","img":{"alt_text":"","src":"https:\/\/i0.wp.com\/sindicatodosbancarios.org.br\/site2022\/wp-content\/uploads\/2021\/08\/dia-bancario-2016-1-8539-980x500m0.jpg?resize=350%2C200&ssl=1","width":350,"height":200},"classes":[]},{"id":4685,"url":"https:\/\/sindicatodosbancarios.org.br\/site2022\/2020\/10\/27\/informe-bancario-404-2020-contaminado-pelo-coronavirus-conheca-seus-direitos-trabalhistas-e-previdenciarios\/","url_meta":{"origin":4004,"position":5},"title":"INFORME BANC\u00c1RIO \u2013 404\/2020 Contaminado pelo coronav\u00edrus? Conhe\u00e7a seus direitos trabalhistas e previdenci\u00e1rios","date":"27 de outubro de 2020","format":false,"excerpt":"S\u00e3o sete direitos que podem ser pagos tanto para quem contraiu a covid-19 como para os dependentes de falecidos em raz\u00e3o da doen\u00e7a. Sabia que quem foi contaminado pelo novo coronav\u00edrus ou os parentes das pessoas que morreram de covid-19, t\u00eam direito de receber direitos previdenci\u00e1rios e trabalhistas? Dependendo do\u2026","rel":"","context":"Em &quot;Geral&quot;","img":{"alt_text":"","src":"https:\/\/i0.wp.com\/sindicatodosbancarios.org.br\/site2022\/wp-content\/uploads\/2020\/05\/unnamed.jpg?resize=350%2C200&ssl=1","width":350,"height":200},"classes":[]}],"_links":{"self":[{"href":"https:\/\/sindicatodosbancarios.org.br\/site2022\/wp-json\/wp\/v2\/posts\/4004"}],"collection":[{"href":"https:\/\/sindicatodosbancarios.org.br\/site2022\/wp-json\/wp\/v2\/posts"}],"about":[{"href":"https:\/\/sindicatodosbancarios.org.br\/site2022\/wp-json\/wp\/v2\/types\/post"}],"author":[{"embeddable":true,"href":"https:\/\/sindicatodosbancarios.org.br\/site2022\/wp-json\/wp\/v2\/users\/2"}],"replies":[{"embeddable":true,"href":"https:\/\/sindicatodosbancarios.org.br\/site2022\/wp-json\/wp\/v2\/comments?post=4004"}],"version-history":[{"count":1,"href":"https:\/\/sindicatodosbancarios.org.br\/site2022\/wp-json\/wp\/v2\/posts\/4004\/revisions"}],"predecessor-version":[{"id":4006,"href":"https:\/\/sindicatodosbancarios.org.br\/site2022\/wp-json\/wp\/v2\/posts\/4004\/revisions\/4006"}],"wp:featuredmedia":[{"embeddable":true,"href":"https:\/\/sindicatodosbancarios.org.br\/site2022\/wp-json\/wp\/v2\/media\/4005"}],"wp:attachment":[{"href":"https:\/\/sindicatodosbancarios.org.br\/site2022\/wp-json\/wp\/v2\/media?parent=4004"}],"wp:term":[{"taxonomy":"category","embeddable":true,"href":"https:\/\/sindicatodosbancarios.org.br\/site2022\/wp-json\/wp\/v2\/categories?post=4004"},{"taxonomy":"post_tag","embeddable":true,"href":"https:\/\/sindicatodosbancarios.org.br\/site2022\/wp-json\/wp\/v2\/tags?post=4004"}],"curies":[{"name":"wp","href":"https:\/\/api.w.org\/{rel}","templated":true}]}}