{"id":4015,"date":"2020-06-23T15:08:20","date_gmt":"2020-06-23T18:08:20","guid":{"rendered":"https:\/\/sindicatodosbancarios.org.br\/?p=4015"},"modified":"2020-06-23T15:08:20","modified_gmt":"2020-06-23T18:08:20","slug":"informe-bancario-221-2020-mp-927-camara-retira-mais-direitos-trabalhistas","status":"publish","type":"post","link":"https:\/\/sindicatodosbancarios.org.br\/site2022\/2020\/06\/23\/informe-bancario-221-2020-mp-927-camara-retira-mais-direitos-trabalhistas\/","title":{"rendered":"INFORME BANC\u00c1RIO \u2013 221\/2020 MP 927: C\u00e2mara retira mais direitos trabalhistas"},"content":{"rendered":"<div class=\"heateor_sss_sharing_container heateor_sss_horizontal_sharing\">\n<div class=\"heateor_sss_sharing_title\"><strong>Trabalhador pode ficar sem receber verbas rescis\u00f3rias e suspens\u00e3o do FGTS por tr\u00eas meses.<\/strong><\/div>\n<\/div>\n<p align=\"justify\">Foi aprovada, na C\u00e2mara dos Deputados, o texto da Medida Provis\u00f3ria (MP) 927, que retira ainda mais direitos dos trabalhadores. No texto, consta um destaque, do Partido Progressista (PP), que suspende a obriga\u00e7\u00e3o do pagamento de verbas rescis\u00f3rias, caso o trabalhador seja demitido. A medida vale para as empresas que est\u00e3o funcionando parcialmente ou as que est\u00e3o totalmente paralisadas por determina\u00e7\u00e3o do Poder P\u00fablico, por causa da pandemia. O trabalhador que for demitido at\u00e9 o final deste ano, per\u00edodo que termina a calamidade p\u00fablica pode ficar sem receber um centavo sequer, mesmo que a Justi\u00e7a trabalhista obrigue a empresa a pagar. S\u00f3 vai receber depois da pandemia. Agora a\u00a0MP vai para vota\u00e7\u00e3o do\u00a0Senado.<\/p>\n<p align=\"justify\">Outra emenda do Centr\u00e3o foi apresentada pela deputada Soraya Santos (PL-RJ). Pela emenda aprovada, o trabalhador que foi demitido e fez um acordo para receber a rescis\u00e3o de forma parcelada poder\u00e1 ficar com as parcelas suspensas e s\u00f3 voltar a receber em janeiro. O mesmo valer\u00e1 para um trabalhador que aderiu ao PDV de uma empresa e ainda est\u00e1 recebendo as parcelas de seu pacote de benef\u00edcios.<\/p>\n<p align=\"justify\">Entre os direitos que os trabalhadores podem perder se a MP for aprovada pelo Senado como est\u00e1, est\u00e3o ainda: o pagamento pela metade das verbas rescis\u00f3rias em caso de extin\u00e7\u00e3o da empresa e a redu\u00e7\u00e3o de at\u00e9 25% do sal\u00e1rio, a dispensa coletiva e a prorroga\u00e7\u00e3o a crit\u00e9rio do patr\u00e3o da vig\u00eancia dos acordos e das conven\u00e7\u00f5es coletivas, suspens\u00e3o do recolhimento do Fundo de Garantia por Tempo de Servi\u00e7o (FGTS) por tr\u00eas meses, amplia\u00e7\u00e3o do banco de horas e possibilidade de que o trabalhador que recebe os sal\u00e1rios dever o cumprimento da jornada de trabalho, o chamado banco de horas negativo. O texto da MP 927 ainda precisa ser votado e aprovado pelo Senado para seguir para san\u00e7\u00e3o presidencial.<\/p>\n<p align=\"justify\">De acordo com o secret\u00e1rio de Assunto Jur\u00eddicos da CUT, Valeir Ertle, toda a Medida Provis\u00f3ria \u00e9 um desastre completo para o trabalhador e um desrespeito \u00e0s entidades sindicais, pois n\u00e3o houve um debate sequer do texto com o movimento sindical, critica ainda. \u201cA C\u00e2mara n\u00e3o s\u00f3 aprovou como piorou o conte\u00fado da MP. Os deputados que votaram a favor deram toda a prerrogativa das dispensas e dos acordos para os empregadores. Agora n\u00f3s vamos lutar no Senado para que o texto da MP n\u00e3o seja aprovado\u201d, diz.<\/p>\n<p align=\"justify\">O Coordenador do N\u00facleo do Trabalho da Bancada do PT, deputado Rog\u00e9rio Correia, lamentou a aprova\u00e7\u00e3o da mat\u00e9ria que ele chama de \u201csaco de maldades\u201d. \u201cIsso vem demonstrar que o pacto das elites em torno de um projeto ultraliberal no Brasil est\u00e1 ainda em andamento. Um projeto conservador que fortalece o lucro, retira direitos e n\u00e3o gera empregos\u201d, protestou.<\/p>\n<p align=\"justify\">Na avalia\u00e7\u00e3o de Rog\u00e9rio Correia, o texto aprovado na forma do projeto de convers\u00e3o do deputado Celso Maldaner (MDB-SC), vai escravizar o trabalhador e fazer com que ele trabalhe em feriado, sim, e nas f\u00e9rias. \u201c\u00c9 evidente que, se o trabalhador n\u00e3o fizer isso, ser\u00e1 demitido\u201d, criticou em entrevista \u00e0 Ag\u00eancia PT.<\/p>\n<p align=\"justify\">O escrit\u00f3rio de advogados LBS listou 17 itens da MP n\u00ba 927 prejudiciais aos trabalhadores. S\u00e3o eles:<\/p>\n<p align=\"justify\">\u2013 Vincula o estado de calamidade p\u00fablica com o conceito de for\u00e7a maior para fins trabalhistas, o que poderia levar \u00e0 aplica\u00e7\u00e3o do art. 502 da CLT (redu\u00e7\u00e3o pela metade das verbas rescis\u00f3rias em caso de extin\u00e7\u00e3o da empresa) e do art. 503 da CLT (redu\u00e7\u00e3o salarial de at\u00e9 25% do sal\u00e1rio), o que \u00e9 evidentemente inconstitucional.<\/p>\n<p align=\"justify\">\u2013 Em rela\u00e7\u00e3o \u00e0 manuten\u00e7\u00e3o do v\u00ednculo empregat\u00edcio, n\u00e3o impede que ocorram dispensas individuais ou coletivas.<\/p>\n<p align=\"justify\">\u2013 Ao remeter para a preval\u00eancia dos acordos individuais, desprestigia uma vez mais as negocia\u00e7\u00f5es coletivas que poderiam dar mais seguran\u00e7a e prote\u00e7\u00e3o na aplica\u00e7\u00e3o das medidas<\/p>\n<p align=\"justify\">Autoriza, a crit\u00e9rio unilateral do empregador, a prorroga\u00e7\u00e3o de vig\u00eancia dos acordos coletivos e das conven\u00e7\u00f5es coletivas, que vencerem no prazo de 180 dias a contar da MP, por 90 dias. A prorroga\u00e7\u00e3o deveria ser autom\u00e1tica e n\u00e3o a crit\u00e9rio do empregador.<\/p>\n<p align=\"justify\">\u2013 Trabalha somente com as hip\u00f3teses j\u00e1 estabelecidas em lei como teletrabalho, antecipa\u00e7\u00e3o de f\u00e9rias individuais, concess\u00e3o de f\u00e9rias coletivas e aproveitamento de feriados. Nesse caso, tamb\u00e9m estabelecidas em condi\u00e7\u00f5es contratuais individuais.<\/p>\n<p align=\"justify\">\u2013 Suspende a obrigatoriedade de todos os exames ocupacionais, com exce\u00e7\u00e3o do demissional. Nos contratos de trabalho de curta dura\u00e7\u00e3o e de safra, dispensa inclusive o demissional, ponto grav\u00edssimo em momento no qual a sa\u00fade dos trabalhadores deveria ser garantida e que p\u00f5e em risco a composi\u00e7\u00e3o da prova, em caso de adoecimento.<\/p>\n<p align=\"justify\">\u2013 Suspende o recolhimento do FGTS por tr\u00eas meses e difere o seu recolhimento.<\/p>\n<p align=\"justify\">\u2013 Amplia a possibilidade de banco de horas, com aumento do per\u00edodo para compensa\u00e7\u00e3o, no prazo de at\u00e9 18 meses, podendo ser por acordo coletivo ou individual. Na CLT, a compensa\u00e7\u00e3o poderia ocorrer at\u00e9 um ano, se o banco de horas fosse institu\u00eddo por acordo coletivo. Na hip\u00f3tese de acordo individual, a compensa\u00e7\u00e3o poderia ocorrer at\u00e9 o m\u00e1ximo de seis meses.<\/p>\n<p align=\"justify\">\u2013 Possibilita o banco de horas negativo. Ou seja, o empregado n\u00e3o trabalha, recebe os sal\u00e1rios e fica devendo o cumprimento da jornada de trabalho posteriormente. Pelo sistema proposto, o banco de horas gerado em favor do empregador gerar\u00e1 uma d\u00edvida em horas de trabalho ao empregado, virtualmente impag\u00e1vel.<\/p>\n<p align=\"justify\">\u2013 As comiss\u00f5es internas de preven\u00e7\u00e3o de acidentes poder\u00e3o ser mantidas at\u00e9 o encerramento do estado de calamidade p\u00fablica e os processos eleitorais em curso poder\u00e3o ser suspensos. Deveria ter tratado de outros processos eleitorais, em especial das entidades sindicais.<\/p>\n<p align=\"justify\">\u2013 Suspendeu a contagem do prazo prescricional dos d\u00e9bitos relativos a contribui\u00e7\u00f5es do FGTS pelo prazo de 120 dias, e deveria ter estabelecido a mesma regra para suspens\u00e3o de prazo prescricional dos cr\u00e9ditos trabalhistas.<\/p>\n<p align=\"justify\">\u2013 Convalida as medidas trabalhistas adotadas por empregadores que n\u00e3o contrariem o disposto na MP, tomadas no per\u00edodo dos 30 dias anteriores \u00e0 data de entrada em vigor da Medida Provis\u00f3ria.<\/p>\n<p align=\"justify\">N\u00e3o concede qualquer tipo de vantagem pecuni\u00e1ria em caso de dispensa, que, n\u00e3o estando vedada, j\u00e1 est\u00e1 a ocorrer.<\/p>\n<p align=\"justify\">\u2013 N\u00e3o assegura qualquer tipo de garantia de emprego no per\u00edodo, ao contr\u00e1rio de outros pa\u00edses, como a It\u00e1lia, que assegurou por, pelo menos, 2 meses.<\/p>\n<p align=\"justify\">\u2013 N\u00e3o trata dos trabalhadores informais, aut\u00f4nomos ou de aplicativos.<\/p>\n<p align=\"justify\">\u2013 N\u00e3o assegura nenhuma garantia, seja de prote\u00e7\u00e3o (a mais importante), seja pecuni\u00e1ria, aos trabalhadores do servi\u00e7o de sa\u00fade, utilizando apenas regra que flexibiliza as jornadas e a forma de compensa\u00e7\u00e3o ou pagamento, com a possibilidade de imposi\u00e7\u00e3o de jornadas extenuantes a esses profissionais.<\/p>\n<p align=\"justify\">\u2013 Suspende o cumprimento dos acordos trabalhistas j\u00e1 celebrados, inclusive em a\u00e7\u00f5es judiciais, quando houver paralisa\u00e7\u00e3o total ou parcial das atividades da empresa por determina\u00e7\u00e3o do Poder P\u00fablico, por todo o per\u00edodo que durar o estado de calamidade, que vai at\u00e9 31 de dezembro, mas pode ser prorrogado. Tamb\u00e9m suspende o protesto de t\u00edtulos executivos.<\/p>\n<p align=\"justify\"><span style=\"font-size: 8pt;\">Fonte Agencia MBrasil, 21\/06\/2020<\/span><\/p>\n","protected":false},"excerpt":{"rendered":"<p>Trabalhador pode ficar sem receber verbas rescis\u00f3rias e suspens\u00e3o do FGTS por tr\u00eas meses. Foi aprovada, na C\u00e2mara [&hellip;]<\/p>\n","protected":false},"author":2,"featured_media":4016,"comment_status":"open","ping_status":"open","sticky":false,"template":"","format":"standard","meta":{"jetpack_post_was_ever_published":false,"jetpack_publicize_message":"","jetpack_is_tweetstorm":false,"jetpack_publicize_feature_enabled":true,"jetpack_social_post_already_shared":true,"jetpack_social_options":[]},"categories":[1],"tags":[81,73,87,84,63,107,46,47,53],"jetpack_publicize_connections":[],"acf":[],"yoast_head":"<!-- This site is optimized with the Yoast SEO plugin v19.14 - https:\/\/yoast.com\/wordpress\/plugins\/seo\/ -->\n<title>INFORME BANC\u00c1RIO \u2013 221\/2020 MP 927: C\u00e2mara retira mais direitos trabalhistas - Sindicato dos Banc\u00e1rios de S\u00e3o Bento do Sul e Regi\u00e3o<\/title>\n<meta name=\"robots\" content=\"index, follow, max-snippet:-1, max-image-preview:large, max-video-preview:-1\" \/>\n<link rel=\"canonical\" href=\"https:\/\/sindicatodosbancarios.org.br\/site2022\/2020\/06\/23\/informe-bancario-221-2020-mp-927-camara-retira-mais-direitos-trabalhistas\/\" \/>\n<meta property=\"og:locale\" content=\"pt_BR\" \/>\n<meta property=\"og:type\" content=\"article\" \/>\n<meta property=\"og:title\" content=\"INFORME BANC\u00c1RIO \u2013 221\/2020 MP 927: C\u00e2mara retira mais direitos trabalhistas - Sindicato dos Banc\u00e1rios de S\u00e3o Bento do Sul e Regi\u00e3o\" \/>\n<meta property=\"og:description\" content=\"Trabalhador pode ficar sem receber verbas rescis\u00f3rias e suspens\u00e3o do FGTS por tr\u00eas meses. Foi aprovada, na C\u00e2mara [&hellip;]\" \/>\n<meta property=\"og:url\" content=\"https:\/\/sindicatodosbancarios.org.br\/site2022\/2020\/06\/23\/informe-bancario-221-2020-mp-927-camara-retira-mais-direitos-trabalhistas\/\" \/>\n<meta property=\"og:site_name\" content=\"Sindicato dos Banc\u00e1rios de S\u00e3o Bento do Sul e Regi\u00e3o\" \/>\n<meta property=\"article:author\" content=\"https:\/\/www.facebook.com\/seeb.sbs.9\" \/>\n<meta property=\"article:published_time\" content=\"2020-06-23T18:08:20+00:00\" \/>\n<meta property=\"og:image\" content=\"https:\/\/sindicatodosbancarios.org.br\/site2022\/wp-content\/uploads\/2020\/06\/Criac\u0327a\u0303o-de-destaques-14-1-1280x720.png\" \/>\n\t<meta property=\"og:image:width\" content=\"1280\" \/>\n\t<meta property=\"og:image:height\" content=\"720\" \/>\n\t<meta property=\"og:image:type\" content=\"image\/png\" \/>\n<meta name=\"author\" content=\"Sindicato dos Banc\u00e1rios S\u00e3o Bento do Sul e Regi\u00e3o\" \/>\n<meta name=\"twitter:card\" content=\"summary_large_image\" \/>\n<meta name=\"twitter:label1\" content=\"Escrito por\" \/>\n\t<meta name=\"twitter:data1\" content=\"Sindicato dos Banc\u00e1rios S\u00e3o Bento do Sul e Regi\u00e3o\" \/>\n\t<meta name=\"twitter:label2\" content=\"Est. tempo de leitura\" \/>\n\t<meta name=\"twitter:data2\" content=\"6 minutos\" \/>\n<script type=\"application\/ld+json\" class=\"yoast-schema-graph\">{\"@context\":\"https:\/\/schema.org\",\"@graph\":[{\"@type\":\"Article\",\"@id\":\"https:\/\/sindicatodosbancarios.org.br\/site2022\/2020\/06\/23\/informe-bancario-221-2020-mp-927-camara-retira-mais-direitos-trabalhistas\/#article\",\"isPartOf\":{\"@id\":\"https:\/\/sindicatodosbancarios.org.br\/site2022\/2020\/06\/23\/informe-bancario-221-2020-mp-927-camara-retira-mais-direitos-trabalhistas\/\"},\"author\":{\"name\":\"Sindicato dos Banc\u00e1rios S\u00e3o Bento do Sul e Regi\u00e3o\",\"@id\":\"https:\/\/sindicatodosbancarios.org.br\/site2022\/#\/schema\/person\/a7d92da77d1084df4d28b57962f1e1bd\"},\"headline\":\"INFORME BANC\u00c1RIO \u2013 221\/2020 MP 927: C\u00e2mara retira mais direitos trabalhistas\",\"datePublished\":\"2020-06-23T18:08:20+00:00\",\"dateModified\":\"2020-06-23T18:08:20+00:00\",\"mainEntityOfPage\":{\"@id\":\"https:\/\/sindicatodosbancarios.org.br\/site2022\/2020\/06\/23\/informe-bancario-221-2020-mp-927-camara-retira-mais-direitos-trabalhistas\/\"},\"wordCount\":1260,\"commentCount\":0,\"publisher\":{\"@id\":\"https:\/\/sindicatodosbancarios.org.br\/site2022\/#organization\"},\"keywords\":[\"ACORDO\",\"CORONAV\u00cdRUS\",\"CRISE\",\"ESTRAT\u00c9GIA\",\"MERCADO DE TRABALHO\",\"PANDEMIA\",\"sindicato\",\"sindicato dos bancarios\",\"sindicato dos banc\u00e1rios de s\u00e3o bento do sul\"],\"articleSection\":[\"Geral\"],\"inLanguage\":\"pt-BR\",\"potentialAction\":[{\"@type\":\"CommentAction\",\"name\":\"Comment\",\"target\":[\"https:\/\/sindicatodosbancarios.org.br\/site2022\/2020\/06\/23\/informe-bancario-221-2020-mp-927-camara-retira-mais-direitos-trabalhistas\/#respond\"]}]},{\"@type\":\"WebPage\",\"@id\":\"https:\/\/sindicatodosbancarios.org.br\/site2022\/2020\/06\/23\/informe-bancario-221-2020-mp-927-camara-retira-mais-direitos-trabalhistas\/\",\"url\":\"https:\/\/sindicatodosbancarios.org.br\/site2022\/2020\/06\/23\/informe-bancario-221-2020-mp-927-camara-retira-mais-direitos-trabalhistas\/\",\"name\":\"INFORME BANC\u00c1RIO \u2013 221\/2020 MP 927: C\u00e2mara retira mais direitos trabalhistas - Sindicato dos Banc\u00e1rios de S\u00e3o Bento do Sul e Regi\u00e3o\",\"isPartOf\":{\"@id\":\"https:\/\/sindicatodosbancarios.org.br\/site2022\/#website\"},\"datePublished\":\"2020-06-23T18:08:20+00:00\",\"dateModified\":\"2020-06-23T18:08:20+00:00\",\"breadcrumb\":{\"@id\":\"https:\/\/sindicatodosbancarios.org.br\/site2022\/2020\/06\/23\/informe-bancario-221-2020-mp-927-camara-retira-mais-direitos-trabalhistas\/#breadcrumb\"},\"inLanguage\":\"pt-BR\",\"potentialAction\":[{\"@type\":\"ReadAction\",\"target\":[\"https:\/\/sindicatodosbancarios.org.br\/site2022\/2020\/06\/23\/informe-bancario-221-2020-mp-927-camara-retira-mais-direitos-trabalhistas\/\"]}]},{\"@type\":\"BreadcrumbList\",\"@id\":\"https:\/\/sindicatodosbancarios.org.br\/site2022\/2020\/06\/23\/informe-bancario-221-2020-mp-927-camara-retira-mais-direitos-trabalhistas\/#breadcrumb\",\"itemListElement\":[{\"@type\":\"ListItem\",\"position\":1,\"name\":\"In\u00edcio\",\"item\":\"https:\/\/sindicatodosbancarios.org.br\/site2022\/\"},{\"@type\":\"ListItem\",\"position\":2,\"name\":\"INFORME BANC\u00c1RIO \u2013 221\/2020 MP 927: C\u00e2mara retira mais direitos trabalhistas\"}]},{\"@type\":\"WebSite\",\"@id\":\"https:\/\/sindicatodosbancarios.org.br\/site2022\/#website\",\"url\":\"https:\/\/sindicatodosbancarios.org.br\/site2022\/\",\"name\":\"Sindicato dos Banc\u00e1rios de S\u00e3o Bento do Sul e Regi\u00e3o\",\"description\":\"Website institucional do Sindicato dos Banc\u00e1rios de S\u00e3o Bento do Sul e Regi\u00e3o\",\"publisher\":{\"@id\":\"https:\/\/sindicatodosbancarios.org.br\/site2022\/#organization\"},\"potentialAction\":[{\"@type\":\"SearchAction\",\"target\":{\"@type\":\"EntryPoint\",\"urlTemplate\":\"https:\/\/sindicatodosbancarios.org.br\/site2022\/?s={search_term_string}\"},\"query-input\":\"required name=search_term_string\"}],\"inLanguage\":\"pt-BR\"},{\"@type\":\"Organization\",\"@id\":\"https:\/\/sindicatodosbancarios.org.br\/site2022\/#organization\",\"name\":\"Sindicato dos Banc\u00e1rios de S\u00e3o Bento do Sul e Regi\u00e3o\",\"url\":\"https:\/\/sindicatodosbancarios.org.br\/site2022\/\",\"logo\":{\"@type\":\"ImageObject\",\"inLanguage\":\"pt-BR\",\"@id\":\"https:\/\/sindicatodosbancarios.org.br\/site2022\/#\/schema\/logo\/image\/\",\"url\":\"https:\/\/sindicatodosbancarios.org.br\/site2022\/wp-content\/uploads\/2017\/06\/cropped-logo-2.png\",\"contentUrl\":\"https:\/\/sindicatodosbancarios.org.br\/site2022\/wp-content\/uploads\/2017\/06\/cropped-logo-2.png\",\"width\":292,\"height\":292,\"caption\":\"Sindicato dos Banc\u00e1rios de S\u00e3o Bento do Sul e Regi\u00e3o\"},\"image\":{\"@id\":\"https:\/\/sindicatodosbancarios.org.br\/site2022\/#\/schema\/logo\/image\/\"}},{\"@type\":\"Person\",\"@id\":\"https:\/\/sindicatodosbancarios.org.br\/site2022\/#\/schema\/person\/a7d92da77d1084df4d28b57962f1e1bd\",\"name\":\"Sindicato dos Banc\u00e1rios S\u00e3o Bento do Sul e Regi\u00e3o\",\"image\":{\"@type\":\"ImageObject\",\"inLanguage\":\"pt-BR\",\"@id\":\"https:\/\/sindicatodosbancarios.org.br\/site2022\/#\/schema\/person\/image\/\",\"url\":\"https:\/\/secure.gravatar.com\/avatar\/f1d1a06f698f2345352e539387180d42?s=96&d=mm&r=g\",\"contentUrl\":\"https:\/\/secure.gravatar.com\/avatar\/f1d1a06f698f2345352e539387180d42?s=96&d=mm&r=g\",\"caption\":\"Sindicato dos Banc\u00e1rios S\u00e3o Bento do Sul e Regi\u00e3o\"},\"sameAs\":[\"http:\/\/sindicatodosbancarios.org.br\/site2022\/\",\"https:\/\/www.facebook.com\/seeb.sbs.9\"],\"url\":\"https:\/\/sindicatodosbancarios.org.br\/site2022\/author\/sindicatodosbancarios\/\"}]}<\/script>\n<!-- \/ Yoast SEO plugin. -->","yoast_head_json":{"title":"INFORME BANC\u00c1RIO \u2013 221\/2020 MP 927: C\u00e2mara retira mais direitos trabalhistas - Sindicato dos Banc\u00e1rios de S\u00e3o Bento do Sul e Regi\u00e3o","robots":{"index":"index","follow":"follow","max-snippet":"max-snippet:-1","max-image-preview":"max-image-preview:large","max-video-preview":"max-video-preview:-1"},"canonical":"https:\/\/sindicatodosbancarios.org.br\/site2022\/2020\/06\/23\/informe-bancario-221-2020-mp-927-camara-retira-mais-direitos-trabalhistas\/","og_locale":"pt_BR","og_type":"article","og_title":"INFORME BANC\u00c1RIO \u2013 221\/2020 MP 927: C\u00e2mara retira mais direitos trabalhistas - Sindicato dos Banc\u00e1rios de S\u00e3o Bento do Sul e Regi\u00e3o","og_description":"Trabalhador pode ficar sem receber verbas rescis\u00f3rias e suspens\u00e3o do FGTS por tr\u00eas meses. Foi aprovada, na C\u00e2mara [&hellip;]","og_url":"https:\/\/sindicatodosbancarios.org.br\/site2022\/2020\/06\/23\/informe-bancario-221-2020-mp-927-camara-retira-mais-direitos-trabalhistas\/","og_site_name":"Sindicato dos Banc\u00e1rios de S\u00e3o Bento do Sul e Regi\u00e3o","article_author":"https:\/\/www.facebook.com\/seeb.sbs.9","article_published_time":"2020-06-23T18:08:20+00:00","og_image":[{"width":1280,"height":720,"url":"https:\/\/sindicatodosbancarios.org.br\/site2022\/wp-content\/uploads\/2020\/06\/Criac\u0327a\u0303o-de-destaques-14-1-1280x720.png","type":"image\/png"}],"author":"Sindicato dos Banc\u00e1rios S\u00e3o Bento do Sul e Regi\u00e3o","twitter_card":"summary_large_image","twitter_misc":{"Escrito por":"Sindicato dos Banc\u00e1rios S\u00e3o Bento do Sul e Regi\u00e3o","Est. tempo de leitura":"6 minutos"},"schema":{"@context":"https:\/\/schema.org","@graph":[{"@type":"Article","@id":"https:\/\/sindicatodosbancarios.org.br\/site2022\/2020\/06\/23\/informe-bancario-221-2020-mp-927-camara-retira-mais-direitos-trabalhistas\/#article","isPartOf":{"@id":"https:\/\/sindicatodosbancarios.org.br\/site2022\/2020\/06\/23\/informe-bancario-221-2020-mp-927-camara-retira-mais-direitos-trabalhistas\/"},"author":{"name":"Sindicato dos Banc\u00e1rios S\u00e3o Bento do Sul e Regi\u00e3o","@id":"https:\/\/sindicatodosbancarios.org.br\/site2022\/#\/schema\/person\/a7d92da77d1084df4d28b57962f1e1bd"},"headline":"INFORME BANC\u00c1RIO \u2013 221\/2020 MP 927: C\u00e2mara retira mais direitos trabalhistas","datePublished":"2020-06-23T18:08:20+00:00","dateModified":"2020-06-23T18:08:20+00:00","mainEntityOfPage":{"@id":"https:\/\/sindicatodosbancarios.org.br\/site2022\/2020\/06\/23\/informe-bancario-221-2020-mp-927-camara-retira-mais-direitos-trabalhistas\/"},"wordCount":1260,"commentCount":0,"publisher":{"@id":"https:\/\/sindicatodosbancarios.org.br\/site2022\/#organization"},"keywords":["ACORDO","CORONAV\u00cdRUS","CRISE","ESTRAT\u00c9GIA","MERCADO DE TRABALHO","PANDEMIA","sindicato","sindicato dos bancarios","sindicato dos banc\u00e1rios de s\u00e3o bento do sul"],"articleSection":["Geral"],"inLanguage":"pt-BR","potentialAction":[{"@type":"CommentAction","name":"Comment","target":["https:\/\/sindicatodosbancarios.org.br\/site2022\/2020\/06\/23\/informe-bancario-221-2020-mp-927-camara-retira-mais-direitos-trabalhistas\/#respond"]}]},{"@type":"WebPage","@id":"https:\/\/sindicatodosbancarios.org.br\/site2022\/2020\/06\/23\/informe-bancario-221-2020-mp-927-camara-retira-mais-direitos-trabalhistas\/","url":"https:\/\/sindicatodosbancarios.org.br\/site2022\/2020\/06\/23\/informe-bancario-221-2020-mp-927-camara-retira-mais-direitos-trabalhistas\/","name":"INFORME BANC\u00c1RIO \u2013 221\/2020 MP 927: C\u00e2mara retira mais direitos trabalhistas - Sindicato dos Banc\u00e1rios de S\u00e3o Bento do Sul e Regi\u00e3o","isPartOf":{"@id":"https:\/\/sindicatodosbancarios.org.br\/site2022\/#website"},"datePublished":"2020-06-23T18:08:20+00:00","dateModified":"2020-06-23T18:08:20+00:00","breadcrumb":{"@id":"https:\/\/sindicatodosbancarios.org.br\/site2022\/2020\/06\/23\/informe-bancario-221-2020-mp-927-camara-retira-mais-direitos-trabalhistas\/#breadcrumb"},"inLanguage":"pt-BR","potentialAction":[{"@type":"ReadAction","target":["https:\/\/sindicatodosbancarios.org.br\/site2022\/2020\/06\/23\/informe-bancario-221-2020-mp-927-camara-retira-mais-direitos-trabalhistas\/"]}]},{"@type":"BreadcrumbList","@id":"https:\/\/sindicatodosbancarios.org.br\/site2022\/2020\/06\/23\/informe-bancario-221-2020-mp-927-camara-retira-mais-direitos-trabalhistas\/#breadcrumb","itemListElement":[{"@type":"ListItem","position":1,"name":"In\u00edcio","item":"https:\/\/sindicatodosbancarios.org.br\/site2022\/"},{"@type":"ListItem","position":2,"name":"INFORME BANC\u00c1RIO \u2013 221\/2020 MP 927: C\u00e2mara retira mais direitos trabalhistas"}]},{"@type":"WebSite","@id":"https:\/\/sindicatodosbancarios.org.br\/site2022\/#website","url":"https:\/\/sindicatodosbancarios.org.br\/site2022\/","name":"Sindicato dos Banc\u00e1rios de S\u00e3o Bento do Sul e Regi\u00e3o","description":"Website institucional do Sindicato dos Banc\u00e1rios de S\u00e3o Bento do Sul e Regi\u00e3o","publisher":{"@id":"https:\/\/sindicatodosbancarios.org.br\/site2022\/#organization"},"potentialAction":[{"@type":"SearchAction","target":{"@type":"EntryPoint","urlTemplate":"https:\/\/sindicatodosbancarios.org.br\/site2022\/?s={search_term_string}"},"query-input":"required name=search_term_string"}],"inLanguage":"pt-BR"},{"@type":"Organization","@id":"https:\/\/sindicatodosbancarios.org.br\/site2022\/#organization","name":"Sindicato dos Banc\u00e1rios de S\u00e3o Bento do Sul e Regi\u00e3o","url":"https:\/\/sindicatodosbancarios.org.br\/site2022\/","logo":{"@type":"ImageObject","inLanguage":"pt-BR","@id":"https:\/\/sindicatodosbancarios.org.br\/site2022\/#\/schema\/logo\/image\/","url":"https:\/\/sindicatodosbancarios.org.br\/site2022\/wp-content\/uploads\/2017\/06\/cropped-logo-2.png","contentUrl":"https:\/\/sindicatodosbancarios.org.br\/site2022\/wp-content\/uploads\/2017\/06\/cropped-logo-2.png","width":292,"height":292,"caption":"Sindicato dos Banc\u00e1rios de S\u00e3o Bento do Sul e Regi\u00e3o"},"image":{"@id":"https:\/\/sindicatodosbancarios.org.br\/site2022\/#\/schema\/logo\/image\/"}},{"@type":"Person","@id":"https:\/\/sindicatodosbancarios.org.br\/site2022\/#\/schema\/person\/a7d92da77d1084df4d28b57962f1e1bd","name":"Sindicato dos Banc\u00e1rios S\u00e3o Bento do Sul e Regi\u00e3o","image":{"@type":"ImageObject","inLanguage":"pt-BR","@id":"https:\/\/sindicatodosbancarios.org.br\/site2022\/#\/schema\/person\/image\/","url":"https:\/\/secure.gravatar.com\/avatar\/f1d1a06f698f2345352e539387180d42?s=96&d=mm&r=g","contentUrl":"https:\/\/secure.gravatar.com\/avatar\/f1d1a06f698f2345352e539387180d42?s=96&d=mm&r=g","caption":"Sindicato dos Banc\u00e1rios S\u00e3o Bento do Sul e Regi\u00e3o"},"sameAs":["http:\/\/sindicatodosbancarios.org.br\/site2022\/","https:\/\/www.facebook.com\/seeb.sbs.9"],"url":"https:\/\/sindicatodosbancarios.org.br\/site2022\/author\/sindicatodosbancarios\/"}]}},"jetpack_featured_media_url":"https:\/\/sindicatodosbancarios.org.br\/site2022\/wp-content\/uploads\/2020\/06\/Criac\u0327a\u0303o-de-destaques-14-1-1280x720.png","jetpack_sharing_enabled":true,"jetpack_shortlink":"https:\/\/wp.me\/p8RSbI-12L","jetpack-related-posts":[{"id":4462,"url":"https:\/\/sindicatodosbancarios.org.br\/site2022\/2020\/09\/10\/informe-bancario-336-2020-inss-trabalhador-demitido-tem-direito-a-beneficio-por-ate-tres-anos\/","url_meta":{"origin":4015,"position":0},"title":"INFORME BANC\u00c1RIO \u2013 336\/2020 INSS: Trabalhador demitido tem direito a benef\u00edcio por at\u00e9 tr\u00eas anos","date":"10 de setembro de 2020","format":false,"excerpt":"Acesso ao alongamento na qualidade de segurado depende da quantidade de contribui\u00e7\u00f5es realizadas antes da demiss\u00e3o. A\u00a0pandemia\u00a0de Covid-19 agravou ainda mais o setor das contrata\u00e7\u00f5es este ano. Para ter uma ideia do impacto, atualmente, h\u00e1 quase 13 milh\u00f5es de brasileiros desempregados. Com a retomada t\u00edmida das atividades econ\u00f4micas, a conta\u2026","rel":"","context":"Em &quot;Geral&quot;","img":{"alt_text":"","src":"https:\/\/i0.wp.com\/sindicatodosbancarios.org.br\/site2022\/wp-content\/uploads\/2020\/06\/caged.jpg?resize=350%2C200&ssl=1","width":350,"height":200},"classes":[]},{"id":4264,"url":"https:\/\/sindicatodosbancarios.org.br\/site2022\/2020\/08\/13\/informe-bancario-292-2020-fui-demitido-durante-a-pandemia-quais-sao-os-meus-direitos\/","url_meta":{"origin":4015,"position":1},"title":"INFORME BANC\u00c1RIO \u2013 292\/2020 Fui demitido durante a pandemia, quais s\u00e3o os meus direitos?","date":"13 de agosto de 2020","format":false,"excerpt":"Empregado dispensado durante a pandemia do coronav\u00edrus tem algum direito especial ou estabilidade? Quais s\u00e3o os direitos do empregado que trabalha com carteira assinada e \u00e9 demitido durante a\u00a0pandemia do coronav\u00edrus? A dispensa durante o estado de calamidade p\u00fablica, que est\u00e1 em vigor desde 6 de mar\u00e7o, n\u00e3o d\u00e1 nenhum\u2026","rel":"","context":"Em &quot;Geral&quot;","img":{"alt_text":"","src":"https:\/\/i0.wp.com\/sindicatodosbancarios.org.br\/site2022\/wp-content\/uploads\/2020\/07\/n_43545_76e76568f7ca25d14fb010f4379aafa5.jpg?resize=350%2C200&ssl=1","width":350,"height":200},"classes":[]},{"id":5352,"url":"https:\/\/sindicatodosbancarios.org.br\/site2022\/2021\/04\/29\/informe-bancarios-112-2021-trabalhadores-podem-receber-uma-bolada-com-a-correcao-do-fgts\/","url_meta":{"origin":4015,"position":2},"title":"INFORME BANC\u00c1RIOS \u2013 112\/2021 Trabalhadores podem receber uma bolada com a corre\u00e7\u00e3o do FGTS","date":"29 de abril de 2021","format":false,"excerpt":"O Fundo de Garantia do Tempo de Servi\u00e7o (FGTS) \u00e9 uma conta aberta em nome do trabalhador vinculada ao contrato de trabalho em que as empresas precisam depositar todos os meses 8% do sal\u00e1rio do colaborador nessa conta do fundo com o objetivo de proteger o trabalhador que venha a\u2026","rel":"","context":"Em &quot;Geral&quot;","img":{"alt_text":"","src":"https:\/\/i0.wp.com\/sindicatodosbancarios.org.br\/site2022\/wp-content\/uploads\/2021\/04\/DINHEIRO-2-1024x613.jpg?resize=350%2C200&ssl=1","width":350,"height":200},"classes":[]},{"id":5157,"url":"https:\/\/sindicatodosbancarios.org.br\/site2022\/2021\/02\/11\/informe-bancarios-55-2021-trabalhador-que-recusar-vacina-pode-ser-demitido-por-justa-causa-diz-mpt\/","url_meta":{"origin":4015,"position":3},"title":"INFORME BANC\u00c1RIOS \u2013 55\/2021 Trabalhador que recusar vacina pode ser demitido por justa causa, diz MPT","date":"11 de fevereiro de 2021","format":false,"excerpt":"Os trabalhadores que se recusarem a tomar a vacina contra a covid-19 sem apresentar raz\u00f5es m\u00e9dicas documentadas poder\u00e3o ser demitidos por justa causa, de acordo com o Minist\u00e9rio P\u00fablico do Trabalho (MPT). A orienta\u00e7\u00e3o do \u00f3rg\u00e3o \u00e9 para que as empresas invistam em conscientiza\u00e7\u00e3o e negociem com seus funcion\u00e1rios, mas\u2026","rel":"","context":"Em &quot;Geral&quot;","img":{"alt_text":"","src":"https:\/\/i0.wp.com\/sindicatodosbancarios.org.br\/site2022\/wp-content\/uploads\/2021\/02\/unnamed.jpg?resize=350%2C200&ssl=1","width":350,"height":200},"classes":[]},{"id":4435,"url":"https:\/\/sindicatodosbancarios.org.br\/site2022\/2020\/09\/08\/informe-bancario-327-2020-apos-governo-revogar-estabilidade-como-fica-o-empregado-que-tem-covid\/","url_meta":{"origin":4015,"position":4},"title":"INFORME BANC\u00c1RIO \u2013 327\/2020 Ap\u00f3s governo revogar estabilidade, como fica o empregado que tem covid?","date":"8 de setembro de 2020","format":false,"excerpt":"Uma portaria publicada ontem (1\u00ba) e revogada hoje (2) gerou confus\u00e3o sobre os direitos trabalhistas e previdenci\u00e1rios de quem \u00e9 contaminado pelo coronav\u00edrus. Durante um dia, a covid-19 fez parte de uma lista de doen\u00e7as ocupacionais, o que reconhecia a estabilidade ao empregado afastado e aumentava as chances de a\u2026","rel":"","context":"Em &quot;Geral&quot;","img":{"alt_text":"","src":"https:\/\/i0.wp.com\/sindicatodosbancarios.org.br\/site2022\/wp-content\/uploads\/2020\/09\/Coronavirus-COVID-19.jpg?resize=350%2C200&ssl=1","width":350,"height":200},"classes":[]},{"id":5654,"url":"https:\/\/sindicatodosbancarios.org.br\/site2022\/2021\/09\/01\/informe-bancario-204-2021-inss-5-direitos-que-os-aposentados-tem-mas-nao-sabem\/","url_meta":{"origin":4015,"position":5},"title":"INFORME BANC\u00c1RIO \u2013 204\/2021 INSS: 5 Direitos Que Os Aposentados t\u00eam, Mas N\u00e3o Sabem","date":"1 de setembro de 2021","format":false,"excerpt":"Chegar a aposentadoria \u00e9 um feito marcante na vida de todo trabalhador, at\u00e9 porque, a aposentadoria \u00e9 sin\u00f4nimo de uma vida de trabalho, onde agora o segurado busca pela tranquilidade depois de muitos anos corridos. No entanto, al\u00e9m de garantir a aposentadoria, o segurado que chega a se aposentar pelo\u2026","rel":"","context":"Em &quot;Geral&quot;","img":{"alt_text":"","src":"https:\/\/i0.wp.com\/sindicatodosbancarios.org.br\/site2022\/wp-content\/uploads\/2021\/09\/idoso-aposentadoria.jpg?resize=350%2C200&ssl=1","width":350,"height":200},"classes":[]}],"_links":{"self":[{"href":"https:\/\/sindicatodosbancarios.org.br\/site2022\/wp-json\/wp\/v2\/posts\/4015"}],"collection":[{"href":"https:\/\/sindicatodosbancarios.org.br\/site2022\/wp-json\/wp\/v2\/posts"}],"about":[{"href":"https:\/\/sindicatodosbancarios.org.br\/site2022\/wp-json\/wp\/v2\/types\/post"}],"author":[{"embeddable":true,"href":"https:\/\/sindicatodosbancarios.org.br\/site2022\/wp-json\/wp\/v2\/users\/2"}],"replies":[{"embeddable":true,"href":"https:\/\/sindicatodosbancarios.org.br\/site2022\/wp-json\/wp\/v2\/comments?post=4015"}],"version-history":[{"count":2,"href":"https:\/\/sindicatodosbancarios.org.br\/site2022\/wp-json\/wp\/v2\/posts\/4015\/revisions"}],"predecessor-version":[{"id":4018,"href":"https:\/\/sindicatodosbancarios.org.br\/site2022\/wp-json\/wp\/v2\/posts\/4015\/revisions\/4018"}],"wp:featuredmedia":[{"embeddable":true,"href":"https:\/\/sindicatodosbancarios.org.br\/site2022\/wp-json\/wp\/v2\/media\/4016"}],"wp:attachment":[{"href":"https:\/\/sindicatodosbancarios.org.br\/site2022\/wp-json\/wp\/v2\/media?parent=4015"}],"wp:term":[{"taxonomy":"category","embeddable":true,"href":"https:\/\/sindicatodosbancarios.org.br\/site2022\/wp-json\/wp\/v2\/categories?post=4015"},{"taxonomy":"post_tag","embeddable":true,"href":"https:\/\/sindicatodosbancarios.org.br\/site2022\/wp-json\/wp\/v2\/tags?post=4015"}],"curies":[{"name":"wp","href":"https:\/\/api.w.org\/{rel}","templated":true}]}}