{"id":4019,"date":"2020-06-24T15:12:16","date_gmt":"2020-06-24T18:12:16","guid":{"rendered":"https:\/\/sindicatodosbancarios.org.br\/?p=4019"},"modified":"2020-06-24T15:12:16","modified_gmt":"2020-06-24T18:12:16","slug":"informe-bancario-222-2020-portaria-define-medidas-preventivas-no-trabalho-contra-o-coronavirus","status":"publish","type":"post","link":"https:\/\/sindicatodosbancarios.org.br\/site2022\/2020\/06\/24\/informe-bancario-222-2020-portaria-define-medidas-preventivas-no-trabalho-contra-o-coronavirus\/","title":{"rendered":"INFORME BANC\u00c1RIO \u2013 222\/2020 Portaria define medidas preventivas no trabalho contra o coronav\u00edrus"},"content":{"rendered":"<p>O secret\u00e1rio Especial de Previd\u00eancia e Trabalho do Minist\u00e9rio da Economia, Bruno Bianco, e o ministro interino da Sa\u00fade, general Eduardo Pazuello, estabeleceram medidas de preven\u00e7\u00e3o, controle e redu\u00e7\u00e3o dos riscos de transmiss\u00e3o da covid-19 nos ambientes de trabalho. A medida foi publicada na edi\u00e7\u00e3o de hoje do Di\u00e1rio Oficial da Uni\u00e3o, atrav\u00e9s da Portaria Conjunta n\u00ba 20.<\/p>\n<p>Segundo o documento, as disposi\u00e7\u00f5es contidas na portaria s\u00e3o de observ\u00e2ncia obrigat\u00f3ria pelos \u00f3rg\u00e3os integrantes da estrutura organizacional da Secretaria Especial de Previd\u00eancia e Trabalho do Minist\u00e9rio da Economia e do Minist\u00e9rio da Sa\u00fade, pelas entidades da administra\u00e7\u00e3o p\u00fablica federal indireta vinculadas ao Minist\u00e9rio da Sa\u00fade.<\/p>\n<p>A portaria diz que as medidas s\u00e3o necess\u00e1rias para preservar a seguran\u00e7a e a sa\u00fade dos trabalhadores, os empregos e a atividade econ\u00f4mica.<\/p>\n<p>De acordo com a portaria, as organiza\u00e7\u00f5es devem estabelecer e divulgar orienta\u00e7\u00f5es ou protocolos que devem incluir: medidas de preven\u00e7\u00e3o nos ambientes de trabalho, nas \u00e1reas comuns da organiza\u00e7\u00e3o, a exemplo de refeit\u00f3rios, banheiros, vesti\u00e1rios, \u00e1reas de descanso e no transporte de trabalhadores, quando fornecido pela organiza\u00e7\u00e3o; a\u00e7\u00f5es para identifica\u00e7\u00e3o precoce e afastamento dos trabalhadores com sinais e sintomas compat\u00edveis com a covid-19; procedimentos para que os trabalhadores possam reportar \u00e0 organiza\u00e7\u00e3o, inclusive de forma remota, sinais ou sintomas compat\u00edveis com a covid-19 ou contato com caso confirmado da doen\u00e7a; e instru\u00e7\u00f5es sobre higiene das m\u00e3os e etiqueta respirat\u00f3ria.<\/p>\n<p>Segundo a portaria, as orienta\u00e7\u00f5es ou protocolos podem incluir a promo\u00e7\u00e3o de vacina\u00e7\u00e3o, buscando evitar outras s\u00edndromes gripais que possam ser confundidas com a covid-19.<\/p>\n<p>Os trabalhadores afastados, considerados casos suspeitos, poder\u00e3o retornar \u00e0s suas atividades laborais presenciais antes do per\u00edodo determinado de afastamento quando: exame laboratorial descartar a covid-19, de acordo com as orienta\u00e7\u00f5es do Minist\u00e9rio da Sa\u00fade; e estiverem assintom\u00e1ticos por mais de 72 horas.<\/p>\n<p>Os contatantes que residem com caso confirmado da doen\u00e7a devem ser afastados de suas atividades presenciais por 14 dias, devendo ser apresentado documento comprobat\u00f3rio.<\/p>\n<p><span style=\"font-size: 14pt;\"><strong>Distanciamento social<\/strong><\/span><\/p>\n<p>A portaria diz que a organiza\u00e7\u00e3o deve adotar medidas para aumentar o distanciamento e diminuir o contato pessoal entre trabalhadores e entre esses e o p\u00fablico externo, orientando para que se evitem abra\u00e7os, beijos, apertos de m\u00e3o e conversa\u00e7\u00f5es desnecess\u00e1rias.<\/p>\n<p>Deve ser mantida dist\u00e2ncia m\u00ednima de um metro entre os trabalhadores e entre os trabalhadores e o p\u00fablico.<\/p>\n<p>Se o distanciamento f\u00edsico de ao menos um metro n\u00e3o puder ser implementado para reduzir o risco de transmiss\u00e3o entre trabalhadores, clientes, usu\u00e1rios, contratados e visitantes, deve-se: para as atividades desenvolvidas em postos fixos de trabalho, manter o uso de m\u00e1scara cir\u00fargica ou de tecido e adotar divis\u00f3rias imperme\u00e1veis ou fornecer prote\u00e7\u00e3o facial do tipo viseira pl\u00e1stica ou fornecer \u00f3culos de prote\u00e7\u00e3o; para as demais atividades, manter o uso de m\u00e1scara cir\u00fargica ou de tecido.<\/p>\n<p>A portaria estabelece tamb\u00e9m que devem ser adotadas medidas para limita\u00e7\u00e3o de ocupa\u00e7\u00e3o de elevadores, escadas e ambientes restritos, incluindo instala\u00e7\u00f5es sanit\u00e1rias e vesti\u00e1rios.<\/p>\n<p>Outra medida \u00e9 que a organiza\u00e7\u00e3o deve priorizar a\u00e7\u00f5es para distribuir a for\u00e7a de trabalho ao longo do dia, evitando concentra\u00e7\u00f5es nos ambientes de trabalho.<\/p>\n<p>A portaria estabelece ainda que a organiza\u00e7\u00e3o deve promover teletrabalho ou trabalho remoto, quando poss\u00edvel: devem ser evitadas reuni\u00f5es presenciais e, quando indispens\u00e1veis, manter o distanciamento; a organiza\u00e7\u00e3o deve promover a limpeza e desinfec\u00e7\u00e3o dos locais de trabalho e \u00e1reas comuns no intervalo entre turnos ou sempre que houver a designa\u00e7\u00e3o de um trabalhador para ocupar o posto de trabalho de outro.<\/p>\n<p><strong><span style=\"font-size: 14pt;\">Trabalhadores do grupo de risco <\/span><\/strong><\/p>\n<p>Os trabalhadores com 60 anos ou mais ou que apresentem condi\u00e7\u00f5es cl\u00ednicas de risco para desenvolvimento de complica\u00e7\u00f5es da covid-19 devem prioritariamente permanecer em casa em trabalho remoto ou, ainda, em atividade ou local que reduza o contato com outros trabalhadores e o p\u00fablico, quando poss\u00edvel.<\/p>\n<p>Para os trabalhadores do grupo de risco, n\u00e3o sendo poss\u00edvel a perman\u00eancia na resid\u00eancia ou trabalho remoto, deve ser priorizado trabalho em local arejado e higienizado ao fim de cada turno de trabalho.<\/p>\n<p>A portaria estabelece tamb\u00e9m que n\u00e3o deve ser exigida testagem laboratorial para a covid-19 de todos os trabalhadores como condi\u00e7\u00e3o para retomada das atividades do setor ou do estabelecimento por n\u00e3o haver, at\u00e9 o momento, recomenda\u00e7\u00e3o t\u00e9cnica para esse procedimento, diz o texto.<\/p>\n<p>O documento afirma ainda que n\u00e3o determina ou autoriza a abertura de estabelecimentos, apenas apresenta conjunto de disposi\u00e7\u00f5es a serem observadas por aqueles que se encontrarem em funcionamento.<\/p>\n<p>A portaria tamb\u00e9m n\u00e3o autoriza o descumprimento das normas regulamentadoras de seguran\u00e7a e sa\u00fade no trabalho; das demais regulamenta\u00e7\u00f5es sanit\u00e1rias aplic\u00e1veis; de outras disposi\u00e7\u00f5es que, no \u00e2mbito de suas compet\u00eancias, sejam inclu\u00eddas em regulamentos sanit\u00e1rios dos estados, Distrito Federal ou munic\u00edpios; e de medidas de sa\u00fade, higiene e seguran\u00e7a do trabalho oriundas de conven\u00e7\u00f5es e acordos coletivos de trabalho.<\/p>\n<p><span style=\"font-size: 8pt;\">Fonte UOL, 19\/06\/2020<\/span><\/p>\n","protected":false},"excerpt":{"rendered":"<p>O secret\u00e1rio Especial de Previd\u00eancia e Trabalho do Minist\u00e9rio da Economia, Bruno Bianco, e o ministro interino da [&hellip;]<\/p>\n","protected":false},"author":2,"featured_media":4020,"comment_status":"open","ping_status":"open","sticky":false,"template":"","format":"standard","meta":{"jetpack_post_was_ever_published":false,"jetpack_publicize_message":"","jetpack_is_tweetstorm":false,"jetpack_publicize_feature_enabled":true,"jetpack_social_post_already_shared":true,"jetpack_social_options":[]},"categories":[1],"tags":[81,73,87,63,107,46,47,53],"jetpack_publicize_connections":[],"acf":[],"yoast_head":"<!-- This site is optimized with the Yoast SEO plugin v19.14 - https:\/\/yoast.com\/wordpress\/plugins\/seo\/ -->\n<title>INFORME BANC\u00c1RIO \u2013 222\/2020 Portaria define medidas preventivas no trabalho contra o coronav\u00edrus - Sindicato dos Banc\u00e1rios de S\u00e3o Bento do Sul e Regi\u00e3o<\/title>\n<meta name=\"robots\" content=\"index, follow, max-snippet:-1, max-image-preview:large, max-video-preview:-1\" \/>\n<link rel=\"canonical\" href=\"https:\/\/sindicatodosbancarios.org.br\/site2022\/2020\/06\/24\/informe-bancario-222-2020-portaria-define-medidas-preventivas-no-trabalho-contra-o-coronavirus\/\" \/>\n<meta property=\"og:locale\" content=\"pt_BR\" \/>\n<meta property=\"og:type\" content=\"article\" \/>\n<meta property=\"og:title\" content=\"INFORME BANC\u00c1RIO \u2013 222\/2020 Portaria define medidas preventivas no trabalho contra o coronav\u00edrus - Sindicato dos Banc\u00e1rios de S\u00e3o Bento do Sul e Regi\u00e3o\" \/>\n<meta property=\"og:description\" content=\"O secret\u00e1rio Especial de Previd\u00eancia e Trabalho do Minist\u00e9rio da Economia, Bruno Bianco, e o ministro interino da [&hellip;]\" \/>\n<meta property=\"og:url\" content=\"https:\/\/sindicatodosbancarios.org.br\/site2022\/2020\/06\/24\/informe-bancario-222-2020-portaria-define-medidas-preventivas-no-trabalho-contra-o-coronavirus\/\" \/>\n<meta property=\"og:site_name\" content=\"Sindicato dos Banc\u00e1rios de S\u00e3o Bento do Sul e Regi\u00e3o\" \/>\n<meta property=\"article:author\" content=\"https:\/\/www.facebook.com\/seeb.sbs.9\" \/>\n<meta property=\"article:published_time\" content=\"2020-06-24T18:12:16+00:00\" \/>\n<meta property=\"og:image\" content=\"https:\/\/sindicatodosbancarios.org.br\/site2022\/wp-content\/uploads\/2020\/06\/recepcao-recepcionista-empresa-mesa-de-escritorio-1581360348964_v2_900x506.jpg\" \/>\n\t<meta property=\"og:image:width\" content=\"900\" \/>\n\t<meta property=\"og:image:height\" content=\"506\" \/>\n\t<meta property=\"og:image:type\" content=\"image\/jpeg\" \/>\n<meta name=\"author\" content=\"Sindicato dos Banc\u00e1rios S\u00e3o Bento do Sul e Regi\u00e3o\" \/>\n<meta name=\"twitter:card\" content=\"summary_large_image\" \/>\n<meta name=\"twitter:label1\" content=\"Escrito por\" \/>\n\t<meta name=\"twitter:data1\" content=\"Sindicato dos Banc\u00e1rios S\u00e3o Bento do Sul e Regi\u00e3o\" \/>\n\t<meta name=\"twitter:label2\" content=\"Est. tempo de leitura\" \/>\n\t<meta name=\"twitter:data2\" content=\"5 minutos\" \/>\n<script type=\"application\/ld+json\" class=\"yoast-schema-graph\">{\"@context\":\"https:\/\/schema.org\",\"@graph\":[{\"@type\":\"Article\",\"@id\":\"https:\/\/sindicatodosbancarios.org.br\/site2022\/2020\/06\/24\/informe-bancario-222-2020-portaria-define-medidas-preventivas-no-trabalho-contra-o-coronavirus\/#article\",\"isPartOf\":{\"@id\":\"https:\/\/sindicatodosbancarios.org.br\/site2022\/2020\/06\/24\/informe-bancario-222-2020-portaria-define-medidas-preventivas-no-trabalho-contra-o-coronavirus\/\"},\"author\":{\"name\":\"Sindicato dos Banc\u00e1rios S\u00e3o Bento do Sul e Regi\u00e3o\",\"@id\":\"https:\/\/sindicatodosbancarios.org.br\/site2022\/#\/schema\/person\/a7d92da77d1084df4d28b57962f1e1bd\"},\"headline\":\"INFORME BANC\u00c1RIO \u2013 222\/2020 Portaria define medidas preventivas no trabalho contra o coronav\u00edrus\",\"datePublished\":\"2020-06-24T18:12:16+00:00\",\"dateModified\":\"2020-06-24T18:12:16+00:00\",\"mainEntityOfPage\":{\"@id\":\"https:\/\/sindicatodosbancarios.org.br\/site2022\/2020\/06\/24\/informe-bancario-222-2020-portaria-define-medidas-preventivas-no-trabalho-contra-o-coronavirus\/\"},\"wordCount\":914,\"commentCount\":0,\"publisher\":{\"@id\":\"https:\/\/sindicatodosbancarios.org.br\/site2022\/#organization\"},\"keywords\":[\"ACORDO\",\"CORONAV\u00cdRUS\",\"CRISE\",\"MERCADO DE TRABALHO\",\"PANDEMIA\",\"sindicato\",\"sindicato dos bancarios\",\"sindicato dos banc\u00e1rios de s\u00e3o bento do sul\"],\"articleSection\":[\"Geral\"],\"inLanguage\":\"pt-BR\",\"potentialAction\":[{\"@type\":\"CommentAction\",\"name\":\"Comment\",\"target\":[\"https:\/\/sindicatodosbancarios.org.br\/site2022\/2020\/06\/24\/informe-bancario-222-2020-portaria-define-medidas-preventivas-no-trabalho-contra-o-coronavirus\/#respond\"]}]},{\"@type\":\"WebPage\",\"@id\":\"https:\/\/sindicatodosbancarios.org.br\/site2022\/2020\/06\/24\/informe-bancario-222-2020-portaria-define-medidas-preventivas-no-trabalho-contra-o-coronavirus\/\",\"url\":\"https:\/\/sindicatodosbancarios.org.br\/site2022\/2020\/06\/24\/informe-bancario-222-2020-portaria-define-medidas-preventivas-no-trabalho-contra-o-coronavirus\/\",\"name\":\"INFORME BANC\u00c1RIO \u2013 222\/2020 Portaria define medidas preventivas no trabalho contra o coronav\u00edrus - Sindicato dos Banc\u00e1rios de S\u00e3o Bento do Sul e Regi\u00e3o\",\"isPartOf\":{\"@id\":\"https:\/\/sindicatodosbancarios.org.br\/site2022\/#website\"},\"datePublished\":\"2020-06-24T18:12:16+00:00\",\"dateModified\":\"2020-06-24T18:12:16+00:00\",\"breadcrumb\":{\"@id\":\"https:\/\/sindicatodosbancarios.org.br\/site2022\/2020\/06\/24\/informe-bancario-222-2020-portaria-define-medidas-preventivas-no-trabalho-contra-o-coronavirus\/#breadcrumb\"},\"inLanguage\":\"pt-BR\",\"potentialAction\":[{\"@type\":\"ReadAction\",\"target\":[\"https:\/\/sindicatodosbancarios.org.br\/site2022\/2020\/06\/24\/informe-bancario-222-2020-portaria-define-medidas-preventivas-no-trabalho-contra-o-coronavirus\/\"]}]},{\"@type\":\"BreadcrumbList\",\"@id\":\"https:\/\/sindicatodosbancarios.org.br\/site2022\/2020\/06\/24\/informe-bancario-222-2020-portaria-define-medidas-preventivas-no-trabalho-contra-o-coronavirus\/#breadcrumb\",\"itemListElement\":[{\"@type\":\"ListItem\",\"position\":1,\"name\":\"In\u00edcio\",\"item\":\"https:\/\/sindicatodosbancarios.org.br\/site2022\/\"},{\"@type\":\"ListItem\",\"position\":2,\"name\":\"INFORME BANC\u00c1RIO \u2013 222\/2020 Portaria define medidas preventivas no trabalho contra o coronav\u00edrus\"}]},{\"@type\":\"WebSite\",\"@id\":\"https:\/\/sindicatodosbancarios.org.br\/site2022\/#website\",\"url\":\"https:\/\/sindicatodosbancarios.org.br\/site2022\/\",\"name\":\"Sindicato dos Banc\u00e1rios de S\u00e3o Bento do Sul e Regi\u00e3o\",\"description\":\"Website institucional do Sindicato dos Banc\u00e1rios de S\u00e3o Bento do Sul e Regi\u00e3o\",\"publisher\":{\"@id\":\"https:\/\/sindicatodosbancarios.org.br\/site2022\/#organization\"},\"potentialAction\":[{\"@type\":\"SearchAction\",\"target\":{\"@type\":\"EntryPoint\",\"urlTemplate\":\"https:\/\/sindicatodosbancarios.org.br\/site2022\/?s={search_term_string}\"},\"query-input\":\"required name=search_term_string\"}],\"inLanguage\":\"pt-BR\"},{\"@type\":\"Organization\",\"@id\":\"https:\/\/sindicatodosbancarios.org.br\/site2022\/#organization\",\"name\":\"Sindicato dos Banc\u00e1rios de S\u00e3o Bento do Sul e Regi\u00e3o\",\"url\":\"https:\/\/sindicatodosbancarios.org.br\/site2022\/\",\"logo\":{\"@type\":\"ImageObject\",\"inLanguage\":\"pt-BR\",\"@id\":\"https:\/\/sindicatodosbancarios.org.br\/site2022\/#\/schema\/logo\/image\/\",\"url\":\"https:\/\/sindicatodosbancarios.org.br\/site2022\/wp-content\/uploads\/2017\/06\/cropped-logo-2.png\",\"contentUrl\":\"https:\/\/sindicatodosbancarios.org.br\/site2022\/wp-content\/uploads\/2017\/06\/cropped-logo-2.png\",\"width\":292,\"height\":292,\"caption\":\"Sindicato dos Banc\u00e1rios de S\u00e3o Bento do Sul e Regi\u00e3o\"},\"image\":{\"@id\":\"https:\/\/sindicatodosbancarios.org.br\/site2022\/#\/schema\/logo\/image\/\"}},{\"@type\":\"Person\",\"@id\":\"https:\/\/sindicatodosbancarios.org.br\/site2022\/#\/schema\/person\/a7d92da77d1084df4d28b57962f1e1bd\",\"name\":\"Sindicato dos Banc\u00e1rios S\u00e3o Bento do Sul e Regi\u00e3o\",\"image\":{\"@type\":\"ImageObject\",\"inLanguage\":\"pt-BR\",\"@id\":\"https:\/\/sindicatodosbancarios.org.br\/site2022\/#\/schema\/person\/image\/\",\"url\":\"https:\/\/secure.gravatar.com\/avatar\/f1d1a06f698f2345352e539387180d42?s=96&d=mm&r=g\",\"contentUrl\":\"https:\/\/secure.gravatar.com\/avatar\/f1d1a06f698f2345352e539387180d42?s=96&d=mm&r=g\",\"caption\":\"Sindicato dos Banc\u00e1rios S\u00e3o Bento do Sul e Regi\u00e3o\"},\"sameAs\":[\"http:\/\/sindicatodosbancarios.org.br\/site2022\/\",\"https:\/\/www.facebook.com\/seeb.sbs.9\"],\"url\":\"https:\/\/sindicatodosbancarios.org.br\/site2022\/author\/sindicatodosbancarios\/\"}]}<\/script>\n<!-- \/ Yoast SEO plugin. -->","yoast_head_json":{"title":"INFORME BANC\u00c1RIO \u2013 222\/2020 Portaria define medidas preventivas no trabalho contra o coronav\u00edrus - Sindicato dos Banc\u00e1rios de S\u00e3o Bento do Sul e Regi\u00e3o","robots":{"index":"index","follow":"follow","max-snippet":"max-snippet:-1","max-image-preview":"max-image-preview:large","max-video-preview":"max-video-preview:-1"},"canonical":"https:\/\/sindicatodosbancarios.org.br\/site2022\/2020\/06\/24\/informe-bancario-222-2020-portaria-define-medidas-preventivas-no-trabalho-contra-o-coronavirus\/","og_locale":"pt_BR","og_type":"article","og_title":"INFORME BANC\u00c1RIO \u2013 222\/2020 Portaria define medidas preventivas no trabalho contra o coronav\u00edrus - Sindicato dos Banc\u00e1rios de S\u00e3o Bento do Sul e Regi\u00e3o","og_description":"O secret\u00e1rio Especial de Previd\u00eancia e Trabalho do Minist\u00e9rio da Economia, Bruno Bianco, e o ministro interino da [&hellip;]","og_url":"https:\/\/sindicatodosbancarios.org.br\/site2022\/2020\/06\/24\/informe-bancario-222-2020-portaria-define-medidas-preventivas-no-trabalho-contra-o-coronavirus\/","og_site_name":"Sindicato dos Banc\u00e1rios de S\u00e3o Bento do Sul e Regi\u00e3o","article_author":"https:\/\/www.facebook.com\/seeb.sbs.9","article_published_time":"2020-06-24T18:12:16+00:00","og_image":[{"width":900,"height":506,"url":"https:\/\/sindicatodosbancarios.org.br\/site2022\/wp-content\/uploads\/2020\/06\/recepcao-recepcionista-empresa-mesa-de-escritorio-1581360348964_v2_900x506.jpg","type":"image\/jpeg"}],"author":"Sindicato dos Banc\u00e1rios S\u00e3o Bento do Sul e Regi\u00e3o","twitter_card":"summary_large_image","twitter_misc":{"Escrito por":"Sindicato dos Banc\u00e1rios S\u00e3o Bento do Sul e Regi\u00e3o","Est. tempo de leitura":"5 minutos"},"schema":{"@context":"https:\/\/schema.org","@graph":[{"@type":"Article","@id":"https:\/\/sindicatodosbancarios.org.br\/site2022\/2020\/06\/24\/informe-bancario-222-2020-portaria-define-medidas-preventivas-no-trabalho-contra-o-coronavirus\/#article","isPartOf":{"@id":"https:\/\/sindicatodosbancarios.org.br\/site2022\/2020\/06\/24\/informe-bancario-222-2020-portaria-define-medidas-preventivas-no-trabalho-contra-o-coronavirus\/"},"author":{"name":"Sindicato dos Banc\u00e1rios S\u00e3o Bento do Sul e Regi\u00e3o","@id":"https:\/\/sindicatodosbancarios.org.br\/site2022\/#\/schema\/person\/a7d92da77d1084df4d28b57962f1e1bd"},"headline":"INFORME BANC\u00c1RIO \u2013 222\/2020 Portaria define medidas preventivas no trabalho contra o coronav\u00edrus","datePublished":"2020-06-24T18:12:16+00:00","dateModified":"2020-06-24T18:12:16+00:00","mainEntityOfPage":{"@id":"https:\/\/sindicatodosbancarios.org.br\/site2022\/2020\/06\/24\/informe-bancario-222-2020-portaria-define-medidas-preventivas-no-trabalho-contra-o-coronavirus\/"},"wordCount":914,"commentCount":0,"publisher":{"@id":"https:\/\/sindicatodosbancarios.org.br\/site2022\/#organization"},"keywords":["ACORDO","CORONAV\u00cdRUS","CRISE","MERCADO DE TRABALHO","PANDEMIA","sindicato","sindicato dos bancarios","sindicato dos banc\u00e1rios de s\u00e3o bento do sul"],"articleSection":["Geral"],"inLanguage":"pt-BR","potentialAction":[{"@type":"CommentAction","name":"Comment","target":["https:\/\/sindicatodosbancarios.org.br\/site2022\/2020\/06\/24\/informe-bancario-222-2020-portaria-define-medidas-preventivas-no-trabalho-contra-o-coronavirus\/#respond"]}]},{"@type":"WebPage","@id":"https:\/\/sindicatodosbancarios.org.br\/site2022\/2020\/06\/24\/informe-bancario-222-2020-portaria-define-medidas-preventivas-no-trabalho-contra-o-coronavirus\/","url":"https:\/\/sindicatodosbancarios.org.br\/site2022\/2020\/06\/24\/informe-bancario-222-2020-portaria-define-medidas-preventivas-no-trabalho-contra-o-coronavirus\/","name":"INFORME BANC\u00c1RIO \u2013 222\/2020 Portaria define medidas preventivas no trabalho contra o coronav\u00edrus - Sindicato dos Banc\u00e1rios de S\u00e3o Bento do Sul e Regi\u00e3o","isPartOf":{"@id":"https:\/\/sindicatodosbancarios.org.br\/site2022\/#website"},"datePublished":"2020-06-24T18:12:16+00:00","dateModified":"2020-06-24T18:12:16+00:00","breadcrumb":{"@id":"https:\/\/sindicatodosbancarios.org.br\/site2022\/2020\/06\/24\/informe-bancario-222-2020-portaria-define-medidas-preventivas-no-trabalho-contra-o-coronavirus\/#breadcrumb"},"inLanguage":"pt-BR","potentialAction":[{"@type":"ReadAction","target":["https:\/\/sindicatodosbancarios.org.br\/site2022\/2020\/06\/24\/informe-bancario-222-2020-portaria-define-medidas-preventivas-no-trabalho-contra-o-coronavirus\/"]}]},{"@type":"BreadcrumbList","@id":"https:\/\/sindicatodosbancarios.org.br\/site2022\/2020\/06\/24\/informe-bancario-222-2020-portaria-define-medidas-preventivas-no-trabalho-contra-o-coronavirus\/#breadcrumb","itemListElement":[{"@type":"ListItem","position":1,"name":"In\u00edcio","item":"https:\/\/sindicatodosbancarios.org.br\/site2022\/"},{"@type":"ListItem","position":2,"name":"INFORME BANC\u00c1RIO \u2013 222\/2020 Portaria define medidas preventivas no trabalho contra o coronav\u00edrus"}]},{"@type":"WebSite","@id":"https:\/\/sindicatodosbancarios.org.br\/site2022\/#website","url":"https:\/\/sindicatodosbancarios.org.br\/site2022\/","name":"Sindicato dos Banc\u00e1rios de S\u00e3o Bento do Sul e Regi\u00e3o","description":"Website institucional do Sindicato dos Banc\u00e1rios de S\u00e3o Bento do Sul e Regi\u00e3o","publisher":{"@id":"https:\/\/sindicatodosbancarios.org.br\/site2022\/#organization"},"potentialAction":[{"@type":"SearchAction","target":{"@type":"EntryPoint","urlTemplate":"https:\/\/sindicatodosbancarios.org.br\/site2022\/?s={search_term_string}"},"query-input":"required name=search_term_string"}],"inLanguage":"pt-BR"},{"@type":"Organization","@id":"https:\/\/sindicatodosbancarios.org.br\/site2022\/#organization","name":"Sindicato dos Banc\u00e1rios de S\u00e3o Bento do Sul e Regi\u00e3o","url":"https:\/\/sindicatodosbancarios.org.br\/site2022\/","logo":{"@type":"ImageObject","inLanguage":"pt-BR","@id":"https:\/\/sindicatodosbancarios.org.br\/site2022\/#\/schema\/logo\/image\/","url":"https:\/\/sindicatodosbancarios.org.br\/site2022\/wp-content\/uploads\/2017\/06\/cropped-logo-2.png","contentUrl":"https:\/\/sindicatodosbancarios.org.br\/site2022\/wp-content\/uploads\/2017\/06\/cropped-logo-2.png","width":292,"height":292,"caption":"Sindicato dos Banc\u00e1rios de S\u00e3o Bento do Sul e Regi\u00e3o"},"image":{"@id":"https:\/\/sindicatodosbancarios.org.br\/site2022\/#\/schema\/logo\/image\/"}},{"@type":"Person","@id":"https:\/\/sindicatodosbancarios.org.br\/site2022\/#\/schema\/person\/a7d92da77d1084df4d28b57962f1e1bd","name":"Sindicato dos Banc\u00e1rios S\u00e3o Bento do Sul e Regi\u00e3o","image":{"@type":"ImageObject","inLanguage":"pt-BR","@id":"https:\/\/sindicatodosbancarios.org.br\/site2022\/#\/schema\/person\/image\/","url":"https:\/\/secure.gravatar.com\/avatar\/f1d1a06f698f2345352e539387180d42?s=96&d=mm&r=g","contentUrl":"https:\/\/secure.gravatar.com\/avatar\/f1d1a06f698f2345352e539387180d42?s=96&d=mm&r=g","caption":"Sindicato dos Banc\u00e1rios S\u00e3o Bento do Sul e Regi\u00e3o"},"sameAs":["http:\/\/sindicatodosbancarios.org.br\/site2022\/","https:\/\/www.facebook.com\/seeb.sbs.9"],"url":"https:\/\/sindicatodosbancarios.org.br\/site2022\/author\/sindicatodosbancarios\/"}]}},"jetpack_featured_media_url":"https:\/\/sindicatodosbancarios.org.br\/site2022\/wp-content\/uploads\/2020\/06\/recepcao-recepcionista-empresa-mesa-de-escritorio-1581360348964_v2_900x506.jpg","jetpack_sharing_enabled":true,"jetpack_shortlink":"https:\/\/wp.me\/p8RSbI-12P","jetpack-related-posts":[{"id":5347,"url":"https:\/\/sindicatodosbancarios.org.br\/site2022\/2021\/04\/27\/informe-bancarios-110-2021-agora-cat-e-exclusivamente-por-meio-eletronico\/","url_meta":{"origin":4019,"position":0},"title":"INFORME BANC\u00c1RIOS \u2013 110\/2021 AGORA, CAT \u00c9 EXCLUSIVAMENTE POR MEIO ELETR\u00d4NICO","date":"27 de abril de 2021","format":false,"excerpt":"O Minist\u00e9rio da Economia publicou na segunda-feira (19\/04\/21), no Di\u00e1rio Oficial da Uni\u00e3o, Portaria N\u00ba4.334, da Secretaria Especial de Previd\u00eancia e Trabalho alterando os procedimentos para Comunica\u00e7\u00e3o de Acidente de Trabalho (CAT). Segundo o documento, a partir de agora, o CAT \u00e9 exclusivamente por meio Eletr\u00f4nico e dever\u00e1 ser feito\u2026","rel":"","context":"Em &quot;Geral&quot;","img":{"alt_text":"","src":"https:\/\/i0.wp.com\/sindicatodosbancarios.org.br\/site2022\/wp-content\/uploads\/2021\/02\/ecv8by7wzopiiudr6exo2c0gh.jpg?resize=350%2C200&ssl=1","width":350,"height":200},"classes":[]},{"id":4451,"url":"https:\/\/sindicatodosbancarios.org.br\/site2022\/2020\/09\/09\/informe-bancario-332-2020-mpt-excluir-covid-19-de-lista-de-doencas-ocupacionais-e-inegavel-equivoco\/","url_meta":{"origin":4019,"position":1},"title":"INFORME BANC\u00c1RIO \u2013 332\/2020 MPT: Excluir covid-19 de lista de doen\u00e7as ocupacionais \u00e9 ineg\u00e1vel equ\u00edvoco","date":"9 de setembro de 2020","format":false,"excerpt":"O MPT (Minist\u00e9rio P\u00fablico do Trabalho) divulgou hoje uma nota dizendo ser um equ\u00edvoco a a\u00e7\u00e3o do Minist\u00e9rio da Sa\u00fade em revogar a inclus\u00e3o da covid-19 na lista de doen\u00e7as relacionadas ao trabalho (LDRT), conforme publicado um dia antes do DOU (Di\u00e1rio Oficial da Uni\u00e3o). Al\u00e9m de tirar o novo\u2026","rel":"","context":"Em &quot;Geral&quot;","img":{"alt_text":"","src":"https:\/\/i0.wp.com\/sindicatodosbancarios.org.br\/site2022\/wp-content\/uploads\/2020\/09\/funcionaria-na-universidade.jpg?resize=350%2C200&ssl=1","width":350,"height":200},"classes":[]},{"id":4428,"url":"https:\/\/sindicatodosbancarios.org.br\/site2022\/2020\/09\/03\/informe-bancario-326-2020-trabalho-aos-domingos-e-feriados-governo-mudou-folgas-de-13-setores-veja-quais\/","url_meta":{"origin":4019,"position":2},"title":"INFORME BANC\u00c1RIO \u2013 326\/2020 Trabalho aos domingos e feriados: governo mudou folgas de 13 setores; veja quais","date":"3 de setembro de 2020","format":false,"excerpt":"A publica\u00e7\u00e3o da portaria que mudou regras trabalhistas foi comemorada pela Fiesp em grupos de WhatsApp; saiba quais profiss\u00f5es sofrem mudan\u00e7a O governo federal publicou uma portaria nesta sexta-feira (28), colocando 13 trabalhos como\u00a0\u00a0atividades\u00a0que\u00a0podem funcionar aos domingos e feriados\u00a0no pa\u00eds. A lista, que antes tinha 79 profiss\u00f5es, agora passou a\u2026","rel":"","context":"Em &quot;Geral&quot;","img":{"alt_text":"","src":"https:\/\/i0.wp.com\/sindicatodosbancarios.org.br\/site2022\/wp-content\/uploads\/2020\/08\/carteira-de-trabalho-1579890725178_v2_900x506.jpg?resize=350%2C200&ssl=1","width":350,"height":200},"classes":[]},{"id":4435,"url":"https:\/\/sindicatodosbancarios.org.br\/site2022\/2020\/09\/08\/informe-bancario-327-2020-apos-governo-revogar-estabilidade-como-fica-o-empregado-que-tem-covid\/","url_meta":{"origin":4019,"position":3},"title":"INFORME BANC\u00c1RIO \u2013 327\/2020 Ap\u00f3s governo revogar estabilidade, como fica o empregado que tem covid?","date":"8 de setembro de 2020","format":false,"excerpt":"Uma portaria publicada ontem (1\u00ba) e revogada hoje (2) gerou confus\u00e3o sobre os direitos trabalhistas e previdenci\u00e1rios de quem \u00e9 contaminado pelo coronav\u00edrus. Durante um dia, a covid-19 fez parte de uma lista de doen\u00e7as ocupacionais, o que reconhecia a estabilidade ao empregado afastado e aumentava as chances de a\u2026","rel":"","context":"Em &quot;Geral&quot;","img":{"alt_text":"","src":"https:\/\/i0.wp.com\/sindicatodosbancarios.org.br\/site2022\/wp-content\/uploads\/2020\/09\/Coronavirus-COVID-19.jpg?resize=350%2C200&ssl=1","width":350,"height":200},"classes":[]},{"id":5798,"url":"https:\/\/sindicatodosbancarios.org.br\/site2022\/2021\/11\/09\/informe-bancario-242-2021-decisao-do-governo-que-proibe-empresas-de-exigir-vacinacao-de-funcionarios-contra-covid-e-alvo-de-criticas-entenda\/","url_meta":{"origin":4019,"position":4},"title":"INFORME BANC\u00c1RIO \u2013 242\/2021 Decis\u00e3o do governo que pro\u00edbe empresas de exigir vacina\u00e7\u00e3o de funcion\u00e1rios contra Covid \u00e9 alvo de cr\u00edticas; entenda","date":"9 de novembro de 2021","format":false,"excerpt":"A portaria publicada pelo Minist\u00e9rio do Trabalho e Previd\u00eancia que pro\u00edbe empregadores de exigirem carteiras de vacina\u00e7\u00e3o de seus empregados gerou cr\u00edticas de juristas e d\u00favidas dentro das empresas, no momento em que muitas implementam seus planos de retorno ao trabalho presencial. A norma, publicada em edi\u00e7\u00e3o extra do Di\u00e1rio\u2026","rel":"","context":"Em &quot;Geral&quot;","img":{"alt_text":"","src":"https:\/\/i0.wp.com\/sindicatodosbancarios.org.br\/site2022\/wp-content\/uploads\/2021\/11\/xcarteiras-de-trabalho-1.pagespeed.ic_.a84cgtwbv4.jpg?resize=350%2C200&ssl=1","width":350,"height":200},"classes":[]},{"id":4821,"url":"https:\/\/sindicatodosbancarios.org.br\/site2022\/2020\/11\/30\/informe-bancario-445-2020-projeto-preve-norma-na-clt-para-prevenir-transtornos-mentais-no-trabalho\/","url_meta":{"origin":4019,"position":5},"title":"INFORME BANC\u00c1RIO \u2013 445\/2020 Projeto prev\u00ea norma na CLT para prevenir transtornos mentais no trabalho","date":"30 de novembro de 2020","format":false,"excerpt":"Um projeto de lei que tramita na C\u00e2mara dos Deputados pede altera\u00e7\u00e3o em norma regulamentadora (NR) com medidas de preven\u00e7\u00e3o e gest\u00e3o de riscos no ambiente de trabalho que podem afetar a sa\u00fade mental dos trabalhadores. O objetivo \u00e9 reduzir a incid\u00eancia de dist\u00farbios mentais relacionados ao trabalho, como estresse,\u2026","rel":"","context":"Em &quot;Geral&quot;","img":{"alt_text":"","src":"https:\/\/i0.wp.com\/sindicatodosbancarios.org.br\/site2022\/wp-content\/uploads\/2020\/11\/clt-carteira-de-trabalho-coronavirus-emprego-1593194855519_v2_900x506.jpg?resize=350%2C200&ssl=1","width":350,"height":200},"classes":[]}],"_links":{"self":[{"href":"https:\/\/sindicatodosbancarios.org.br\/site2022\/wp-json\/wp\/v2\/posts\/4019"}],"collection":[{"href":"https:\/\/sindicatodosbancarios.org.br\/site2022\/wp-json\/wp\/v2\/posts"}],"about":[{"href":"https:\/\/sindicatodosbancarios.org.br\/site2022\/wp-json\/wp\/v2\/types\/post"}],"author":[{"embeddable":true,"href":"https:\/\/sindicatodosbancarios.org.br\/site2022\/wp-json\/wp\/v2\/users\/2"}],"replies":[{"embeddable":true,"href":"https:\/\/sindicatodosbancarios.org.br\/site2022\/wp-json\/wp\/v2\/comments?post=4019"}],"version-history":[{"count":1,"href":"https:\/\/sindicatodosbancarios.org.br\/site2022\/wp-json\/wp\/v2\/posts\/4019\/revisions"}],"predecessor-version":[{"id":4021,"href":"https:\/\/sindicatodosbancarios.org.br\/site2022\/wp-json\/wp\/v2\/posts\/4019\/revisions\/4021"}],"wp:featuredmedia":[{"embeddable":true,"href":"https:\/\/sindicatodosbancarios.org.br\/site2022\/wp-json\/wp\/v2\/media\/4020"}],"wp:attachment":[{"href":"https:\/\/sindicatodosbancarios.org.br\/site2022\/wp-json\/wp\/v2\/media?parent=4019"}],"wp:term":[{"taxonomy":"category","embeddable":true,"href":"https:\/\/sindicatodosbancarios.org.br\/site2022\/wp-json\/wp\/v2\/categories?post=4019"},{"taxonomy":"post_tag","embeddable":true,"href":"https:\/\/sindicatodosbancarios.org.br\/site2022\/wp-json\/wp\/v2\/tags?post=4019"}],"curies":[{"name":"wp","href":"https:\/\/api.w.org\/{rel}","templated":true}]}}