{"id":4033,"date":"2020-06-26T10:03:11","date_gmt":"2020-06-26T13:03:11","guid":{"rendered":"https:\/\/sindicatodosbancarios.org.br\/?p=4033"},"modified":"2020-06-26T10:03:11","modified_gmt":"2020-06-26T13:03:11","slug":"informe-bancario-226-2020-stf-proibe-reducao-de-salario-de-servidor-por-estados-e-municipios-para-adequar-despesas","status":"publish","type":"post","link":"https:\/\/sindicatodosbancarios.org.br\/site2022\/2020\/06\/26\/informe-bancario-226-2020-stf-proibe-reducao-de-salario-de-servidor-por-estados-e-municipios-para-adequar-despesas\/","title":{"rendered":"INFORME BANC\u00c1RIO \u2013 226\/2020 STF PRO\u00cdBE REDU\u00c7\u00c3O DE SAL\u00c1RIO DE SERVIDOR POR ESTADOS E MUNIC\u00cdPIOS PARA ADEQUAR DESPESAS"},"content":{"rendered":"<p>STF pro\u00edbe redu\u00e7\u00e3o de jornada e sal\u00e1rio de servidores municipais e estaduais<\/p>\n<p>O Supremo Tribunal Federal (STF) decidiu nesta quarta-feira (24), por maioria de votos, proibir a redu\u00e7\u00e3o de jornada e de sal\u00e1rio de servidores por estados e munic\u00edpios quando os gastos com pessoal ultrapassarem o teto de 60% da Receita Corrente L\u00edquida (RCL). O limite \u00e9 previsto em lei.<\/p>\n<p>A redu\u00e7\u00e3o salarial tempor\u00e1ria est\u00e1 prevista na Lei de Responsabilidade Fiscal (LRF), mas est\u00e1 suspensa desde 2002 pelo pr\u00f3prio Supremo pela possibilidade de ferir a Constitui\u00e7\u00e3o. Nesta semana, a Corte retomou a an\u00e1lise de a\u00e7\u00f5es que questionavam diversos dispositivos da lei.<\/p>\n<p>Os ministros entenderam que a redu\u00e7\u00e3o tempor\u00e1ria de carga hor\u00e1ria e de sal\u00e1rios fere o princ\u00edpio constitucional de irredutibilidade, contrariando a demanda de estados e munic\u00edpios que ultrapassam o limite legal.<\/p>\n<p>A maioria dos ministros seguiu o voto de Edson Fachin, que divergiu do relator, Alexandre de Moraes. O julgamento foi retomado com o voto do ministro Celso de Mello, que tamb\u00e9m acompanhou o relator.<\/p>\n<p>Para Moraes, a redu\u00e7\u00e3o salarial conforme a LRF \u00e9 uma \u201cf\u00f3rmula tempor\u00e1ria\u201d para garantir que o trabalhador n\u00e3o perca definitivamente o cargo.<\/p>\n<p>\u201cA temporariedade da medida e a finalidade maior de preserva\u00e7\u00e3o do cargo est\u00e3o a meu ver em absoluta conson\u00e2ncia com o princ\u00edpio da razoabilidade e da efici\u00eancia\u201d, afirmou o relator.<\/p>\n<p>Fachin, contudo, entendeu que n\u00e3o se pode flexibilizar a previs\u00e3o da Constitui\u00e7\u00e3o somente para gerar efeitos menos danosos ao governante, que tamb\u00e9m tem a possibilidade de demitir servidores est\u00e1veis se n\u00e3o conseguir cumprir o teto previsto em lei.<\/p>\n<p>Votaram nesse sentido Rosa Weber, Ricardo Lewandowski, Luiz Fux, Marco Aur\u00e9lio Mello e Celso de Mello.<\/p>\n<p>Quando o comprometimento de gasto com pessoal atinge 54% da receita corrente l\u00edquida, o estado j\u00e1 est\u00e1 em limite de alerta \u2013 e deveria tomar medidas para conter o crescimento dessa despesa.<\/p>\n<p><strong>Limite<\/strong><br \/>\nO Supremo decidiu tamb\u00e9m que o Poder Executivo n\u00e3o pode limitar o or\u00e7amento de outros poderes (Legislativo e Judici\u00e1rio, al\u00e9m de Minist\u00e9rio P\u00fablico e Defensoria P\u00fablica) quando a arrecada\u00e7\u00e3o n\u00e3o atingir as expectativas.<\/p>\n<p>O ministro Alexandre de Moraes entendeu que essa interfer\u00eancia do Executivo \u00e9 inconstitucional e que a norma fere a autonomia das institui\u00e7\u00f5es e a separa\u00e7\u00e3o de poderes. \u201cEssas autonomias s\u00e3o instrumentos para a perpetuidade independente e harm\u00f4nica dos poderes de estado\u201d, afirmou.<\/p>\n<p>Votaram com Alexandre de Moraes os ministros Rosa Weber, C\u00e1rmen L\u00facia, Ricardo Lewandowski, Luiz Fux e Celso de Mello.<\/p>\n<p><strong>Votos<\/strong><br \/>\nSaiba como cada ministro do STF votou sobre a redu\u00e7\u00e3o de sal\u00e1rio e de jornada por estados:<\/p>\n<p><strong>Votos dos ministros<\/strong><br \/>\nAo apresentar o voto nesta quarta, o ministro Celso de Mello defendeu que as normas que previam a redu\u00e7\u00e3o de jornada e de sal\u00e1rios \u201cinovaram\u201d em rela\u00e7\u00e3o \u00e0 Constitui\u00e7\u00e3o, \u201cfazendo recair sobre os agentes estatais todo o \u00f4nus decorrente da falta de programa\u00e7\u00e3o dos \u00f3rg\u00e3os de administra\u00e7\u00e3o do Estado\u201d.<\/p>\n<p>\u201c\u00c9 preciso enfatizar que a garantia da irredutibilidade de vencimentos reflete important\u00edssima conquista jur\u00eddico-social, que cumpre n\u00e3o ignorar, outorgada pela vigente Constitui\u00e7\u00e3o da Rep\u00fablica a todos os servidores p\u00fablicos, em ordem a dispensar-lhes especial prote\u00e7\u00e3o de car\u00e1ter financeiro contra eventuais a\u00e7\u00f5es unilaterais do Estado\u201d, argumentou.<\/p>\n<p>Os demais ministros j\u00e1 haviam apresentado os votos na sess\u00e3o anterior.<\/p>\n<p>\u00daltimo a votar, Dias Toffoli prop\u00f4s que a redu\u00e7\u00e3o de jornada e de vencimentos s\u00f3 pudesse ser aplicada ap\u00f3s a ado\u00e7\u00e3o das medidas exigidas pela Constitui\u00e7\u00e3o, alcan\u00e7ando primeiramente os servidores n\u00e3o est\u00e1veis e, somente persistindo a necessidade de adequa\u00e7\u00e3o ao limite com despesas de pessoal, seria aplicada ao servidor est\u00e1vel.<\/p>\n<p>O relator das a\u00e7\u00f5es, ministro Alexandre de Moraes, votou a favor da redu\u00e7\u00e3o. Segundo Moraes, a redu\u00e7\u00e3o tempor\u00e1ria salarial seria uma \u201cf\u00f3rmula tempor\u00e1ria\u201d para garantir que o trabalhador n\u00e3o perca definitivamente o cargo.<\/p>\n<p>Para o ministro, a demiss\u00e3o seria muito mais danosa para o servidor porque o cargo seria extinto e, caso o poder p\u00fablico melhorasse sua arrecada\u00e7\u00e3o, somente poderia fazer novo concurso p\u00fablico em quatro anos e o mesmo trabalhador n\u00e3o teria trabalho assegurado.<\/p>\n<p>O relator foi acompanhado pelo ministro Lu\u00eds Roberto Barroso, que disse que o Estado brasileiro \u201cest\u00e1 vivendo para pagar sal\u00e1rios\u201d. \u201cO Estado vai precisar ser enxugado e haver\u00e1 v\u00edtimas colaterais nesse processo. \u00c9 melhor ter uma redu\u00e7\u00e3o da jornada e da remunera\u00e7\u00e3o do que perder o cargo. \u00c9 uma provid\u00eancia menos gravosa\u201d, declarou o ministro.<\/p>\n<p>O ministro Edson Fachin foi o primeiro a discordar do relator e votou a favor de impedir a redu\u00e7\u00e3o de jornada e sal\u00e1rio de servidores. Ele afirmou que a Constitui\u00e7\u00e3o assegura a irredutibilidade de sal\u00e1rio.<\/p>\n<p>Na avalia\u00e7\u00e3o do ministro, n\u00e3o se pode flexibilizar a previs\u00e3o da Constitui\u00e7\u00e3o somente para gerar efeitos menos danosos ao governante, que tamb\u00e9m tem a possibilidade de demitir servidores est\u00e1veis se n\u00e3o conseguir cumprir o teto previsto em lei.<\/p>\n<p>\u201cEntendo que n\u00e3o cabe flexibilizar mandamento constitucional para tomar, inclusive, decis\u00f5es dif\u00edceis\u201d, afirmou Fachin.<\/p>\n<p>A ministra Rosa Weber, que divergiu, destacou que a Constitui\u00e7\u00e3o pro\u00edbe a redu\u00e7\u00e3o salarial e tamb\u00e9m n\u00e3o prev\u00ea a redu\u00e7\u00e3o tempor\u00e1ria. Por isso, na avalia\u00e7\u00e3o da ministra, o trecho da Lei de Responsabilidade Fiscal que permite a redu\u00e7\u00e3o \u00e9 inconstitucional.<\/p>\n<p>A ministra C\u00e1rmen L\u00facia deu o terceiro voto contra permitir a redu\u00e7\u00e3o de sal\u00e1rio. Ela tamb\u00e9m entendeu que a Constitui\u00e7\u00e3o pro\u00edbe a redu\u00e7\u00e3o salarial do trabalhador. Segundo a ministra, o poder p\u00fablico pode alterar a jornada, mas nunca reduzir o sal\u00e1rio.<\/p>\n<p>O ministro Ricardo Lewandowski afirmou que a Constitui\u00e7\u00e3o n\u00e3o previu a redu\u00e7\u00e3o de vencimentos e jornada. Ele acompanhou o entendimento do ministro Edson Fachin. \u201cN\u00e3o se trata de quest\u00e3o de escolha pessoal, se trata de escolha feita pela escolha do constituinte. A n\u00f3s cabe interpretar a lei conforme a Constitui\u00e7\u00e3o\u201d, disse o ministro.<\/p>\n<p>Gilmar Mendes acompanhou o relator argumentando que, \u201cse a Constitui\u00e7\u00e3o prev\u00ea medida mais dr\u00e1stica, \u00e9 permitido que legislador estabele\u00e7a solu\u00e7\u00e3o intermedi\u00e1ria em momentos de crise\u201d.<\/p>\n<p>Em seguida, Luiz Fux afirmou que o custo do corte de sal\u00e1rios e carga hor\u00e1ria de servidores \u00e9 viver um per\u00edodo de greves. \u201cO Estado deve relocar seus recursos e n\u00e3o fazer que isso recaia sobre servidor p\u00fablico\u201d, defendeu.<\/p>\n<p>O voto do ministro Marco Aur\u00e9lio Mello formou maioria para a proibi\u00e7\u00e3o da redu\u00e7\u00e3o tempor\u00e1ria da jornada de trabalho e do sal\u00e1rio quando o poder p\u00fablico superar o teto de gastos com pessoal.<\/p>\n<p><span style=\"font-size: 8pt;\">Fonte G1, 25\/06\/2020<\/span><\/p>\n","protected":false},"excerpt":{"rendered":"<p>STF pro\u00edbe redu\u00e7\u00e3o de jornada e sal\u00e1rio de servidores municipais e estaduais O Supremo Tribunal Federal (STF) decidiu [&hellip;]<\/p>\n","protected":false},"author":2,"featured_media":4034,"comment_status":"open","ping_status":"open","sticky":false,"template":"","format":"standard","meta":{"jetpack_post_was_ever_published":false,"jetpack_publicize_message":"","jetpack_is_tweetstorm":false,"jetpack_publicize_feature_enabled":true,"jetpack_social_post_already_shared":true,"jetpack_social_options":[]},"categories":[1],"tags":[81,73,87,63,107,88,46,47,53],"jetpack_publicize_connections":[],"acf":[],"yoast_head":"<!-- This site is optimized with the Yoast SEO plugin v19.14 - https:\/\/yoast.com\/wordpress\/plugins\/seo\/ -->\n<title>INFORME BANC\u00c1RIO \u2013 226\/2020 STF PRO\u00cdBE REDU\u00c7\u00c3O DE SAL\u00c1RIO DE SERVIDOR POR ESTADOS E MUNIC\u00cdPIOS PARA ADEQUAR DESPESAS - Sindicato dos Banc\u00e1rios de S\u00e3o Bento do Sul e Regi\u00e3o<\/title>\n<meta name=\"robots\" content=\"index, follow, max-snippet:-1, max-image-preview:large, max-video-preview:-1\" \/>\n<link rel=\"canonical\" href=\"https:\/\/sindicatodosbancarios.org.br\/site2022\/2020\/06\/26\/informe-bancario-226-2020-stf-proibe-reducao-de-salario-de-servidor-por-estados-e-municipios-para-adequar-despesas\/\" \/>\n<meta property=\"og:locale\" content=\"pt_BR\" \/>\n<meta property=\"og:type\" content=\"article\" \/>\n<meta property=\"og:title\" content=\"INFORME BANC\u00c1RIO \u2013 226\/2020 STF PRO\u00cdBE REDU\u00c7\u00c3O DE SAL\u00c1RIO DE SERVIDOR POR ESTADOS E MUNIC\u00cdPIOS PARA ADEQUAR DESPESAS - Sindicato dos Banc\u00e1rios de S\u00e3o Bento do Sul e Regi\u00e3o\" \/>\n<meta property=\"og:description\" content=\"STF pro\u00edbe redu\u00e7\u00e3o de jornada e sal\u00e1rio de servidores municipais e estaduais O Supremo Tribunal Federal (STF) decidiu [&hellip;]\" \/>\n<meta property=\"og:url\" content=\"https:\/\/sindicatodosbancarios.org.br\/site2022\/2020\/06\/26\/informe-bancario-226-2020-stf-proibe-reducao-de-salario-de-servidor-por-estados-e-municipios-para-adequar-despesas\/\" \/>\n<meta property=\"og:site_name\" content=\"Sindicato dos Banc\u00e1rios de S\u00e3o Bento do Sul e Regi\u00e3o\" \/>\n<meta property=\"article:author\" content=\"https:\/\/www.facebook.com\/seeb.sbs.9\" \/>\n<meta property=\"article:published_time\" content=\"2020-06-26T13:03:11+00:00\" \/>\n<meta property=\"og:image\" content=\"https:\/\/sindicatodosbancarios.org.br\/site2022\/wp-content\/uploads\/2020\/06\/STFEditadoo-4.jpg\" \/>\n\t<meta property=\"og:image:width\" content=\"750\" \/>\n\t<meta property=\"og:image:height\" content=\"450\" \/>\n\t<meta property=\"og:image:type\" content=\"image\/jpeg\" \/>\n<meta name=\"author\" content=\"Sindicato dos Banc\u00e1rios S\u00e3o Bento do Sul e Regi\u00e3o\" \/>\n<meta name=\"twitter:card\" content=\"summary_large_image\" \/>\n<meta name=\"twitter:label1\" content=\"Escrito por\" \/>\n\t<meta name=\"twitter:data1\" content=\"Sindicato dos Banc\u00e1rios S\u00e3o Bento do Sul e Regi\u00e3o\" \/>\n\t<meta name=\"twitter:label2\" content=\"Est. tempo de leitura\" \/>\n\t<meta name=\"twitter:data2\" content=\"6 minutos\" \/>\n<script type=\"application\/ld+json\" class=\"yoast-schema-graph\">{\"@context\":\"https:\/\/schema.org\",\"@graph\":[{\"@type\":\"Article\",\"@id\":\"https:\/\/sindicatodosbancarios.org.br\/site2022\/2020\/06\/26\/informe-bancario-226-2020-stf-proibe-reducao-de-salario-de-servidor-por-estados-e-municipios-para-adequar-despesas\/#article\",\"isPartOf\":{\"@id\":\"https:\/\/sindicatodosbancarios.org.br\/site2022\/2020\/06\/26\/informe-bancario-226-2020-stf-proibe-reducao-de-salario-de-servidor-por-estados-e-municipios-para-adequar-despesas\/\"},\"author\":{\"name\":\"Sindicato dos Banc\u00e1rios S\u00e3o Bento do Sul e Regi\u00e3o\",\"@id\":\"https:\/\/sindicatodosbancarios.org.br\/site2022\/#\/schema\/person\/a7d92da77d1084df4d28b57962f1e1bd\"},\"headline\":\"INFORME BANC\u00c1RIO \u2013 226\/2020 STF PRO\u00cdBE REDU\u00c7\u00c3O DE SAL\u00c1RIO DE SERVIDOR POR ESTADOS E MUNIC\u00cdPIOS PARA ADEQUAR DESPESAS\",\"datePublished\":\"2020-06-26T13:03:11+00:00\",\"dateModified\":\"2020-06-26T13:03:11+00:00\",\"mainEntityOfPage\":{\"@id\":\"https:\/\/sindicatodosbancarios.org.br\/site2022\/2020\/06\/26\/informe-bancario-226-2020-stf-proibe-reducao-de-salario-de-servidor-por-estados-e-municipios-para-adequar-despesas\/\"},\"wordCount\":1188,\"commentCount\":0,\"publisher\":{\"@id\":\"https:\/\/sindicatodosbancarios.org.br\/site2022\/#organization\"},\"keywords\":[\"ACORDO\",\"CORONAV\u00cdRUS\",\"CRISE\",\"MERCADO DE TRABALHO\",\"PANDEMIA\",\"PLANO ECONOMICO\",\"sindicato\",\"sindicato dos bancarios\",\"sindicato dos banc\u00e1rios de s\u00e3o bento do sul\"],\"articleSection\":[\"Geral\"],\"inLanguage\":\"pt-BR\",\"potentialAction\":[{\"@type\":\"CommentAction\",\"name\":\"Comment\",\"target\":[\"https:\/\/sindicatodosbancarios.org.br\/site2022\/2020\/06\/26\/informe-bancario-226-2020-stf-proibe-reducao-de-salario-de-servidor-por-estados-e-municipios-para-adequar-despesas\/#respond\"]}]},{\"@type\":\"WebPage\",\"@id\":\"https:\/\/sindicatodosbancarios.org.br\/site2022\/2020\/06\/26\/informe-bancario-226-2020-stf-proibe-reducao-de-salario-de-servidor-por-estados-e-municipios-para-adequar-despesas\/\",\"url\":\"https:\/\/sindicatodosbancarios.org.br\/site2022\/2020\/06\/26\/informe-bancario-226-2020-stf-proibe-reducao-de-salario-de-servidor-por-estados-e-municipios-para-adequar-despesas\/\",\"name\":\"INFORME BANC\u00c1RIO \u2013 226\/2020 STF PRO\u00cdBE REDU\u00c7\u00c3O DE SAL\u00c1RIO DE SERVIDOR POR ESTADOS E MUNIC\u00cdPIOS PARA ADEQUAR DESPESAS - Sindicato dos Banc\u00e1rios de S\u00e3o Bento do Sul e Regi\u00e3o\",\"isPartOf\":{\"@id\":\"https:\/\/sindicatodosbancarios.org.br\/site2022\/#website\"},\"datePublished\":\"2020-06-26T13:03:11+00:00\",\"dateModified\":\"2020-06-26T13:03:11+00:00\",\"breadcrumb\":{\"@id\":\"https:\/\/sindicatodosbancarios.org.br\/site2022\/2020\/06\/26\/informe-bancario-226-2020-stf-proibe-reducao-de-salario-de-servidor-por-estados-e-municipios-para-adequar-despesas\/#breadcrumb\"},\"inLanguage\":\"pt-BR\",\"potentialAction\":[{\"@type\":\"ReadAction\",\"target\":[\"https:\/\/sindicatodosbancarios.org.br\/site2022\/2020\/06\/26\/informe-bancario-226-2020-stf-proibe-reducao-de-salario-de-servidor-por-estados-e-municipios-para-adequar-despesas\/\"]}]},{\"@type\":\"BreadcrumbList\",\"@id\":\"https:\/\/sindicatodosbancarios.org.br\/site2022\/2020\/06\/26\/informe-bancario-226-2020-stf-proibe-reducao-de-salario-de-servidor-por-estados-e-municipios-para-adequar-despesas\/#breadcrumb\",\"itemListElement\":[{\"@type\":\"ListItem\",\"position\":1,\"name\":\"In\u00edcio\",\"item\":\"https:\/\/sindicatodosbancarios.org.br\/site2022\/\"},{\"@type\":\"ListItem\",\"position\":2,\"name\":\"INFORME BANC\u00c1RIO \u2013 226\/2020 STF PRO\u00cdBE REDU\u00c7\u00c3O DE SAL\u00c1RIO DE SERVIDOR POR ESTADOS E MUNIC\u00cdPIOS PARA ADEQUAR DESPESAS\"}]},{\"@type\":\"WebSite\",\"@id\":\"https:\/\/sindicatodosbancarios.org.br\/site2022\/#website\",\"url\":\"https:\/\/sindicatodosbancarios.org.br\/site2022\/\",\"name\":\"Sindicato dos Banc\u00e1rios de S\u00e3o Bento do Sul e Regi\u00e3o\",\"description\":\"Website institucional do Sindicato dos Banc\u00e1rios de S\u00e3o Bento do Sul e Regi\u00e3o\",\"publisher\":{\"@id\":\"https:\/\/sindicatodosbancarios.org.br\/site2022\/#organization\"},\"potentialAction\":[{\"@type\":\"SearchAction\",\"target\":{\"@type\":\"EntryPoint\",\"urlTemplate\":\"https:\/\/sindicatodosbancarios.org.br\/site2022\/?s={search_term_string}\"},\"query-input\":\"required name=search_term_string\"}],\"inLanguage\":\"pt-BR\"},{\"@type\":\"Organization\",\"@id\":\"https:\/\/sindicatodosbancarios.org.br\/site2022\/#organization\",\"name\":\"Sindicato dos Banc\u00e1rios de S\u00e3o Bento do Sul e Regi\u00e3o\",\"url\":\"https:\/\/sindicatodosbancarios.org.br\/site2022\/\",\"logo\":{\"@type\":\"ImageObject\",\"inLanguage\":\"pt-BR\",\"@id\":\"https:\/\/sindicatodosbancarios.org.br\/site2022\/#\/schema\/logo\/image\/\",\"url\":\"https:\/\/sindicatodosbancarios.org.br\/site2022\/wp-content\/uploads\/2017\/06\/cropped-logo-2.png\",\"contentUrl\":\"https:\/\/sindicatodosbancarios.org.br\/site2022\/wp-content\/uploads\/2017\/06\/cropped-logo-2.png\",\"width\":292,\"height\":292,\"caption\":\"Sindicato dos Banc\u00e1rios de S\u00e3o Bento do Sul e Regi\u00e3o\"},\"image\":{\"@id\":\"https:\/\/sindicatodosbancarios.org.br\/site2022\/#\/schema\/logo\/image\/\"}},{\"@type\":\"Person\",\"@id\":\"https:\/\/sindicatodosbancarios.org.br\/site2022\/#\/schema\/person\/a7d92da77d1084df4d28b57962f1e1bd\",\"name\":\"Sindicato dos Banc\u00e1rios S\u00e3o Bento do Sul e Regi\u00e3o\",\"image\":{\"@type\":\"ImageObject\",\"inLanguage\":\"pt-BR\",\"@id\":\"https:\/\/sindicatodosbancarios.org.br\/site2022\/#\/schema\/person\/image\/\",\"url\":\"https:\/\/secure.gravatar.com\/avatar\/f1d1a06f698f2345352e539387180d42?s=96&d=mm&r=g\",\"contentUrl\":\"https:\/\/secure.gravatar.com\/avatar\/f1d1a06f698f2345352e539387180d42?s=96&d=mm&r=g\",\"caption\":\"Sindicato dos Banc\u00e1rios S\u00e3o Bento do Sul e Regi\u00e3o\"},\"sameAs\":[\"http:\/\/sindicatodosbancarios.org.br\/site2022\/\",\"https:\/\/www.facebook.com\/seeb.sbs.9\"],\"url\":\"https:\/\/sindicatodosbancarios.org.br\/site2022\/author\/sindicatodosbancarios\/\"}]}<\/script>\n<!-- \/ Yoast SEO plugin. -->","yoast_head_json":{"title":"INFORME BANC\u00c1RIO \u2013 226\/2020 STF PRO\u00cdBE REDU\u00c7\u00c3O DE SAL\u00c1RIO DE SERVIDOR POR ESTADOS E MUNIC\u00cdPIOS PARA ADEQUAR DESPESAS - Sindicato dos Banc\u00e1rios de S\u00e3o Bento do Sul e Regi\u00e3o","robots":{"index":"index","follow":"follow","max-snippet":"max-snippet:-1","max-image-preview":"max-image-preview:large","max-video-preview":"max-video-preview:-1"},"canonical":"https:\/\/sindicatodosbancarios.org.br\/site2022\/2020\/06\/26\/informe-bancario-226-2020-stf-proibe-reducao-de-salario-de-servidor-por-estados-e-municipios-para-adequar-despesas\/","og_locale":"pt_BR","og_type":"article","og_title":"INFORME BANC\u00c1RIO \u2013 226\/2020 STF PRO\u00cdBE REDU\u00c7\u00c3O DE SAL\u00c1RIO DE SERVIDOR POR ESTADOS E MUNIC\u00cdPIOS PARA ADEQUAR DESPESAS - Sindicato dos Banc\u00e1rios de S\u00e3o Bento do Sul e Regi\u00e3o","og_description":"STF pro\u00edbe redu\u00e7\u00e3o de jornada e sal\u00e1rio de servidores municipais e estaduais O Supremo Tribunal Federal (STF) decidiu [&hellip;]","og_url":"https:\/\/sindicatodosbancarios.org.br\/site2022\/2020\/06\/26\/informe-bancario-226-2020-stf-proibe-reducao-de-salario-de-servidor-por-estados-e-municipios-para-adequar-despesas\/","og_site_name":"Sindicato dos Banc\u00e1rios de S\u00e3o Bento do Sul e Regi\u00e3o","article_author":"https:\/\/www.facebook.com\/seeb.sbs.9","article_published_time":"2020-06-26T13:03:11+00:00","og_image":[{"width":750,"height":450,"url":"https:\/\/sindicatodosbancarios.org.br\/site2022\/wp-content\/uploads\/2020\/06\/STFEditadoo-4.jpg","type":"image\/jpeg"}],"author":"Sindicato dos Banc\u00e1rios S\u00e3o Bento do Sul e Regi\u00e3o","twitter_card":"summary_large_image","twitter_misc":{"Escrito por":"Sindicato dos Banc\u00e1rios S\u00e3o Bento do Sul e Regi\u00e3o","Est. tempo de leitura":"6 minutos"},"schema":{"@context":"https:\/\/schema.org","@graph":[{"@type":"Article","@id":"https:\/\/sindicatodosbancarios.org.br\/site2022\/2020\/06\/26\/informe-bancario-226-2020-stf-proibe-reducao-de-salario-de-servidor-por-estados-e-municipios-para-adequar-despesas\/#article","isPartOf":{"@id":"https:\/\/sindicatodosbancarios.org.br\/site2022\/2020\/06\/26\/informe-bancario-226-2020-stf-proibe-reducao-de-salario-de-servidor-por-estados-e-municipios-para-adequar-despesas\/"},"author":{"name":"Sindicato dos Banc\u00e1rios S\u00e3o Bento do Sul e Regi\u00e3o","@id":"https:\/\/sindicatodosbancarios.org.br\/site2022\/#\/schema\/person\/a7d92da77d1084df4d28b57962f1e1bd"},"headline":"INFORME BANC\u00c1RIO \u2013 226\/2020 STF PRO\u00cdBE REDU\u00c7\u00c3O DE SAL\u00c1RIO DE SERVIDOR POR ESTADOS E MUNIC\u00cdPIOS PARA ADEQUAR DESPESAS","datePublished":"2020-06-26T13:03:11+00:00","dateModified":"2020-06-26T13:03:11+00:00","mainEntityOfPage":{"@id":"https:\/\/sindicatodosbancarios.org.br\/site2022\/2020\/06\/26\/informe-bancario-226-2020-stf-proibe-reducao-de-salario-de-servidor-por-estados-e-municipios-para-adequar-despesas\/"},"wordCount":1188,"commentCount":0,"publisher":{"@id":"https:\/\/sindicatodosbancarios.org.br\/site2022\/#organization"},"keywords":["ACORDO","CORONAV\u00cdRUS","CRISE","MERCADO DE TRABALHO","PANDEMIA","PLANO ECONOMICO","sindicato","sindicato dos bancarios","sindicato dos banc\u00e1rios de s\u00e3o bento do sul"],"articleSection":["Geral"],"inLanguage":"pt-BR","potentialAction":[{"@type":"CommentAction","name":"Comment","target":["https:\/\/sindicatodosbancarios.org.br\/site2022\/2020\/06\/26\/informe-bancario-226-2020-stf-proibe-reducao-de-salario-de-servidor-por-estados-e-municipios-para-adequar-despesas\/#respond"]}]},{"@type":"WebPage","@id":"https:\/\/sindicatodosbancarios.org.br\/site2022\/2020\/06\/26\/informe-bancario-226-2020-stf-proibe-reducao-de-salario-de-servidor-por-estados-e-municipios-para-adequar-despesas\/","url":"https:\/\/sindicatodosbancarios.org.br\/site2022\/2020\/06\/26\/informe-bancario-226-2020-stf-proibe-reducao-de-salario-de-servidor-por-estados-e-municipios-para-adequar-despesas\/","name":"INFORME BANC\u00c1RIO \u2013 226\/2020 STF PRO\u00cdBE REDU\u00c7\u00c3O DE SAL\u00c1RIO DE SERVIDOR POR ESTADOS E MUNIC\u00cdPIOS PARA ADEQUAR DESPESAS - Sindicato dos Banc\u00e1rios de S\u00e3o Bento do Sul e Regi\u00e3o","isPartOf":{"@id":"https:\/\/sindicatodosbancarios.org.br\/site2022\/#website"},"datePublished":"2020-06-26T13:03:11+00:00","dateModified":"2020-06-26T13:03:11+00:00","breadcrumb":{"@id":"https:\/\/sindicatodosbancarios.org.br\/site2022\/2020\/06\/26\/informe-bancario-226-2020-stf-proibe-reducao-de-salario-de-servidor-por-estados-e-municipios-para-adequar-despesas\/#breadcrumb"},"inLanguage":"pt-BR","potentialAction":[{"@type":"ReadAction","target":["https:\/\/sindicatodosbancarios.org.br\/site2022\/2020\/06\/26\/informe-bancario-226-2020-stf-proibe-reducao-de-salario-de-servidor-por-estados-e-municipios-para-adequar-despesas\/"]}]},{"@type":"BreadcrumbList","@id":"https:\/\/sindicatodosbancarios.org.br\/site2022\/2020\/06\/26\/informe-bancario-226-2020-stf-proibe-reducao-de-salario-de-servidor-por-estados-e-municipios-para-adequar-despesas\/#breadcrumb","itemListElement":[{"@type":"ListItem","position":1,"name":"In\u00edcio","item":"https:\/\/sindicatodosbancarios.org.br\/site2022\/"},{"@type":"ListItem","position":2,"name":"INFORME BANC\u00c1RIO \u2013 226\/2020 STF PRO\u00cdBE REDU\u00c7\u00c3O DE SAL\u00c1RIO DE SERVIDOR POR ESTADOS E MUNIC\u00cdPIOS PARA ADEQUAR DESPESAS"}]},{"@type":"WebSite","@id":"https:\/\/sindicatodosbancarios.org.br\/site2022\/#website","url":"https:\/\/sindicatodosbancarios.org.br\/site2022\/","name":"Sindicato dos Banc\u00e1rios de S\u00e3o Bento do Sul e Regi\u00e3o","description":"Website institucional do Sindicato dos Banc\u00e1rios de S\u00e3o Bento do Sul e Regi\u00e3o","publisher":{"@id":"https:\/\/sindicatodosbancarios.org.br\/site2022\/#organization"},"potentialAction":[{"@type":"SearchAction","target":{"@type":"EntryPoint","urlTemplate":"https:\/\/sindicatodosbancarios.org.br\/site2022\/?s={search_term_string}"},"query-input":"required name=search_term_string"}],"inLanguage":"pt-BR"},{"@type":"Organization","@id":"https:\/\/sindicatodosbancarios.org.br\/site2022\/#organization","name":"Sindicato dos Banc\u00e1rios de S\u00e3o Bento do Sul e Regi\u00e3o","url":"https:\/\/sindicatodosbancarios.org.br\/site2022\/","logo":{"@type":"ImageObject","inLanguage":"pt-BR","@id":"https:\/\/sindicatodosbancarios.org.br\/site2022\/#\/schema\/logo\/image\/","url":"https:\/\/sindicatodosbancarios.org.br\/site2022\/wp-content\/uploads\/2017\/06\/cropped-logo-2.png","contentUrl":"https:\/\/sindicatodosbancarios.org.br\/site2022\/wp-content\/uploads\/2017\/06\/cropped-logo-2.png","width":292,"height":292,"caption":"Sindicato dos Banc\u00e1rios de S\u00e3o Bento do Sul e Regi\u00e3o"},"image":{"@id":"https:\/\/sindicatodosbancarios.org.br\/site2022\/#\/schema\/logo\/image\/"}},{"@type":"Person","@id":"https:\/\/sindicatodosbancarios.org.br\/site2022\/#\/schema\/person\/a7d92da77d1084df4d28b57962f1e1bd","name":"Sindicato dos Banc\u00e1rios S\u00e3o Bento do Sul e Regi\u00e3o","image":{"@type":"ImageObject","inLanguage":"pt-BR","@id":"https:\/\/sindicatodosbancarios.org.br\/site2022\/#\/schema\/person\/image\/","url":"https:\/\/secure.gravatar.com\/avatar\/f1d1a06f698f2345352e539387180d42?s=96&d=mm&r=g","contentUrl":"https:\/\/secure.gravatar.com\/avatar\/f1d1a06f698f2345352e539387180d42?s=96&d=mm&r=g","caption":"Sindicato dos Banc\u00e1rios S\u00e3o Bento do Sul e Regi\u00e3o"},"sameAs":["http:\/\/sindicatodosbancarios.org.br\/site2022\/","https:\/\/www.facebook.com\/seeb.sbs.9"],"url":"https:\/\/sindicatodosbancarios.org.br\/site2022\/author\/sindicatodosbancarios\/"}]}},"jetpack_featured_media_url":"https:\/\/sindicatodosbancarios.org.br\/site2022\/wp-content\/uploads\/2020\/06\/STFEditadoo-4.jpg","jetpack_sharing_enabled":true,"jetpack_shortlink":"https:\/\/wp.me\/p8RSbI-133","jetpack-related-posts":[{"id":4655,"url":"https:\/\/sindicatodosbancarios.org.br\/site2022\/2020\/10\/16\/informe-bancario-394-2020-para-criar-renda-cidada-governo-estuda-desindexar-aposentadorias-e-pensoes-superiores-a-1-minimo\/","url_meta":{"origin":4033,"position":0},"title":"INFORME BANC\u00c1RIO \u2013 394\/2020 Para criar Renda Cidad\u00e3, governo estuda desindexar aposentadorias e pens\u00f5es superiores a 1 m\u00ednimo","date":"16 de outubro de 2020","format":false,"excerpt":"O debate sobre o Renda Cidad\u00e3 (ou Renda Brasil), novo\u00a0programa social\u00a0que o governo Jair Bolsonaro quer criar em substitui\u00e7\u00e3o ao\u00a0Bolsa Fam\u00edlia, s\u00f3 deve ser retomado\u00a0ap\u00f3s as elei\u00e7\u00f5es municipais. As discuss\u00f5es sobre a\u00a0fonte de financiamento\u00a0do novo programa, no entanto, n\u00e3o param. T\u00e9cnicos do governo trabalham com diversos cen\u00e1rios, dos quais o\u2026","rel":"","context":"Em &quot;Geral&quot;","img":{"alt_text":"","src":"https:\/\/i0.wp.com\/sindicatodosbancarios.org.br\/site2022\/wp-content\/uploads\/2020\/02\/paulo-guedes-ministro-da-economia-1581106883786_v2_450x600.jpg?resize=350%2C200&ssl=1","width":350,"height":200},"classes":[]},{"id":4673,"url":"https:\/\/sindicatodosbancarios.org.br\/site2022\/2020\/10\/23\/informe-bancario-400-2020-reforma-administrativa-proposta-que-preve-demissao-de-concursados-deve-ficar-para-2021\/","url_meta":{"origin":4033,"position":1},"title":"INFORME BANC\u00c1RIO \u2013 400\/2020 Reforma Administrativa: Proposta que prev\u00ea demiss\u00e3o de concursados deve ficar para 2021","date":"23 de outubro de 2020","format":false,"excerpt":"Por causa das elei\u00e7\u00f5es municipais, o legislativo n\u00e3o ter\u00e1 tempo de votar o projeto que prev\u00ea mudan\u00e7as significativas no funcionalismo p\u00fablico. A\u00a0Reforma Administrativa,\u00a0que prev\u00ea mudan\u00e7as significativas no funcionalismo p\u00fablico, s\u00f3 deve ser votada no in\u00edcio de 2021. A informa\u00e7\u00e3o foi confirmada pelo\u00a0presidente da C\u00e2mara dos Deputados, Rodrigo Maia (DEM-RJ), que\u2026","rel":"","context":"Em &quot;Geral&quot;","img":{"alt_text":"","src":"https:\/\/i0.wp.com\/sindicatodosbancarios.org.br\/site2022\/wp-content\/uploads\/2020\/10\/reforma_administrativa.jpg?resize=350%2C200&ssl=1","width":350,"height":200},"classes":[]},{"id":4811,"url":"https:\/\/sindicatodosbancarios.org.br\/site2022\/2020\/11\/23\/informe-bancario-441-2020-13o-salario-governo-define-pagamento-para-quem-teve-jornada-reduzida-ou-contrato-suspenso\/","url_meta":{"origin":4033,"position":2},"title":"INFORME BANC\u00c1RIO \u2013 441\/2020 13\u00ba sal\u00e1rio: Governo define pagamento para quem teve jornada reduzida ou contrato suspenso","date":"23 de novembro de 2020","format":false,"excerpt":"Regra deve ser observada principalmente nos casos em que os trabalhadores estiverem trabalhando em jornada reduzida no m\u00eas de dezembro. Nesta \u00faltima ter\u00e7a-feira, 17, a Secretaria Especial de Previd\u00eancia e Trabalho afirmou que o valor do\u00a013\u00ba sal\u00e1rio\u00a0e das f\u00e9rias de trabalhadores que tiveram jornadas e sal\u00e1rios parcialmente reduzidos ter\u00e3o parcelas\u2026","rel":"","context":"Em &quot;Geral&quot;","img":{"alt_text":"","src":"https:\/\/i0.wp.com\/sindicatodosbancarios.org.br\/site2022\/wp-content\/uploads\/2020\/11\/clt-carteira-de-trabalho-coronavirus-emprego-1593194855519_v2_900x506.jpg?resize=350%2C200&ssl=1","width":350,"height":200},"classes":[]},{"id":4950,"url":"https:\/\/sindicatodosbancarios.org.br\/site2022\/2021\/01\/04\/informe-bancario-481-2020-contrato-suspenso-e-o-trabalho-continua-funcionario-pode-processar-empresa\/","url_meta":{"origin":4033,"position":3},"title":"INFORME BANC\u00c1RIO \u2013 03\/2021 Contrato suspenso e o trabalho continua? Funcion\u00e1rio pode processar empresa","date":"4 de janeiro de 2021","format":false,"excerpt":"O prazo de suspens\u00e3o de contratos e redu\u00e7\u00e3o de jornada pode se estender? Como lidar com fraudes nos acordos? Advogados respondem Com o final do ano, o dia 31 de dezembro marca uma data diferente para milh\u00f5es de trabalhadores: o fim do estado de calamidade p\u00fablica por causa da\u00a0covid-19\u00a0e, junto\u2026","rel":"","context":"Em &quot;Geral&quot;","img":{"alt_text":"","src":"https:\/\/i0.wp.com\/sindicatodosbancarios.org.br\/site2022\/wp-content\/uploads\/2021\/01\/gettyimages-1164172295.jpg?resize=350%2C200&ssl=1","width":350,"height":200},"classes":[]},{"id":4264,"url":"https:\/\/sindicatodosbancarios.org.br\/site2022\/2020\/08\/13\/informe-bancario-292-2020-fui-demitido-durante-a-pandemia-quais-sao-os-meus-direitos\/","url_meta":{"origin":4033,"position":4},"title":"INFORME BANC\u00c1RIO \u2013 292\/2020 Fui demitido durante a pandemia, quais s\u00e3o os meus direitos?","date":"13 de agosto de 2020","format":false,"excerpt":"Empregado dispensado durante a pandemia do coronav\u00edrus tem algum direito especial ou estabilidade? Quais s\u00e3o os direitos do empregado que trabalha com carteira assinada e \u00e9 demitido durante a\u00a0pandemia do coronav\u00edrus? A dispensa durante o estado de calamidade p\u00fablica, que est\u00e1 em vigor desde 6 de mar\u00e7o, n\u00e3o d\u00e1 nenhum\u2026","rel":"","context":"Em &quot;Geral&quot;","img":{"alt_text":"","src":"https:\/\/i0.wp.com\/sindicatodosbancarios.org.br\/site2022\/wp-content\/uploads\/2020\/07\/n_43545_76e76568f7ca25d14fb010f4379aafa5.jpg?resize=350%2C200&ssl=1","width":350,"height":200},"classes":[]},{"id":4319,"url":"https:\/\/sindicatodosbancarios.org.br\/site2022\/2020\/08\/20\/informe-bancario-308-2020-veja-a-reducao-da-plr-do-bradesco-com-a-proposta-da-fenaban\/","url_meta":{"origin":4033,"position":5},"title":"INFORME BANC\u00c1RIO \u2013 308\/2020 VEJA A REDU\u00c7\u00c3O DA PLR DO BRADESCO COM A PROPOSTA DA FENABAN","date":"20 de agosto de 2020","format":false,"excerpt":"Federa\u00e7\u00e3o dos Bancos apresentou proposta que pode encolher em at\u00e9 48% a PLR dos Banc\u00e1rios; veja quadro comparativo com os percentuais de redu\u00e7\u00e3o por faixas salariais Na sexta rodada da Campanha Nacional dos Banc\u00e1rios 2020, nesta ter\u00e7a-feira 18, a FENABAN (Federa\u00e7\u00e3o dos Bancos), apresentou uma proposta que pode reduzir em\u2026","rel":"","context":"Em &quot;Bradesco\/HSBC&quot;","img":{"alt_text":"","src":"https:\/\/i0.wp.com\/sindicatodosbancarios.org.br\/site2022\/wp-content\/uploads\/2020\/08\/200820134502-BRADESCO.jpg?resize=350%2C200&ssl=1","width":350,"height":200},"classes":[]}],"_links":{"self":[{"href":"https:\/\/sindicatodosbancarios.org.br\/site2022\/wp-json\/wp\/v2\/posts\/4033"}],"collection":[{"href":"https:\/\/sindicatodosbancarios.org.br\/site2022\/wp-json\/wp\/v2\/posts"}],"about":[{"href":"https:\/\/sindicatodosbancarios.org.br\/site2022\/wp-json\/wp\/v2\/types\/post"}],"author":[{"embeddable":true,"href":"https:\/\/sindicatodosbancarios.org.br\/site2022\/wp-json\/wp\/v2\/users\/2"}],"replies":[{"embeddable":true,"href":"https:\/\/sindicatodosbancarios.org.br\/site2022\/wp-json\/wp\/v2\/comments?post=4033"}],"version-history":[{"count":1,"href":"https:\/\/sindicatodosbancarios.org.br\/site2022\/wp-json\/wp\/v2\/posts\/4033\/revisions"}],"predecessor-version":[{"id":4035,"href":"https:\/\/sindicatodosbancarios.org.br\/site2022\/wp-json\/wp\/v2\/posts\/4033\/revisions\/4035"}],"wp:featuredmedia":[{"embeddable":true,"href":"https:\/\/sindicatodosbancarios.org.br\/site2022\/wp-json\/wp\/v2\/media\/4034"}],"wp:attachment":[{"href":"https:\/\/sindicatodosbancarios.org.br\/site2022\/wp-json\/wp\/v2\/media?parent=4033"}],"wp:term":[{"taxonomy":"category","embeddable":true,"href":"https:\/\/sindicatodosbancarios.org.br\/site2022\/wp-json\/wp\/v2\/categories?post=4033"},{"taxonomy":"post_tag","embeddable":true,"href":"https:\/\/sindicatodosbancarios.org.br\/site2022\/wp-json\/wp\/v2\/tags?post=4033"}],"curies":[{"name":"wp","href":"https:\/\/api.w.org\/{rel}","templated":true}]}}