{"id":4040,"date":"2020-06-29T10:36:50","date_gmt":"2020-06-29T13:36:50","guid":{"rendered":"https:\/\/sindicatodosbancarios.org.br\/?p=4040"},"modified":"2020-06-29T10:36:50","modified_gmt":"2020-06-29T13:36:50","slug":"informe-bancario-228-2020-tem-havido-um-desmonte-da-legislacao-social-diz-vice-presidente-do-tst","status":"publish","type":"post","link":"https:\/\/sindicatodosbancarios.org.br\/site2022\/2020\/06\/29\/informe-bancario-228-2020-tem-havido-um-desmonte-da-legislacao-social-diz-vice-presidente-do-tst\/","title":{"rendered":"INFORME BANC\u00c1RIO \u2013 228\/2020 &#8216;Tem havido um desmonte da legisla\u00e7\u00e3o social&#8217;, diz vice-presidente do TST"},"content":{"rendered":"<p>O crescimento do teletrabalho no mundo p\u00f3s-pandemia deve demandar uma regulamenta\u00e7\u00e3o adicional da modalidade para garantir aos trabalhadores o &#8220;direito \u00e0 desconex\u00e3o&#8221;, afirma ao jornal O Estado de S. Paulo e ao Broadcast (sistema de not\u00edcias em tempo real do Grupo Estado) o vice-presidente do Tribunal Superior do Trabalho (TST), ministro Luiz Philippe Vieira de Mello.<\/p>\n<p>O ministro diz que a crise mostrou a necessidade de fortalecer a prote\u00e7\u00e3o social dos trabalhadores e questiona o mote do governo de que menos direitos trabalhistas v\u00e3o gerar mais empregos.<\/p>\n<p><strong>O governo permitiu suspens\u00e3o de contrato ou redu\u00e7\u00e3o de jornada e sal\u00e1rio por meio de acordos coletivos e individuais. Haver\u00e1 judicializa\u00e7\u00e3o?<\/strong><\/p>\n<p>Em quest\u00f5es de redu\u00e7\u00e3o de sal\u00e1rio, jornada ou qualquer outra discuss\u00e3o que envolvam perdas, \u00e9 imprescind\u00edvel a participa\u00e7\u00e3o do sindicato. \u00c9 ele que opera as compensa\u00e7\u00f5es e assegura a manuten\u00e7\u00e3o de patamares salariais para a categoria. Neste momento da pandemia, o Supremo entendeu ser constitucional a excepcionalidade de ajustes individuais. Mesmo assim, muitas categorias resolveram as quest\u00f5es pela via sindical, porque isso gera muito mais seguran\u00e7a e estabilidade para os empregados e para os empregadores. E milh\u00f5es de trabalhadores acabaram seguindo pela via individual, que pode levar a questionamentos futuros por for\u00e7a da inseguran\u00e7a. Determinar por WhatsApp a redu\u00e7\u00e3o de sal\u00e1rios\u00a0e jornada \u00e9 negocia\u00e7\u00e3o? Ou isso \u00e9 uma imposi\u00e7\u00e3o em raz\u00e3o das circunst\u00e2ncias? N\u00e3o quero aqui preconizar que o questionamento vai acontecer. Mas aqueles que optaram pela via coletiva com certeza est\u00e3o muito mais resguardados.<\/p>\n<p><strong>A informalidade \u00e9 elevada no Brasil. Qual \u00e9 a import\u00e2ncia de tentar reduzir isso no p\u00f3s-crise?<\/strong><\/p>\n<p>O Estado tem de ter pol\u00edticas inclusivas, para efeitos de prote\u00e7\u00e3o \u00e0 sa\u00fade e dos pr\u00f3prios direitos sociais como um todo. Sem prote\u00e7\u00e3o social, vou jogando as pessoas na informalidade. \u00c9 muito f\u00e1cil dizer que o trabalhador de uma plataforma, por exemplo, \u00e9 um empreendedor. Como ele \u00e9 um empreendedor se n\u00e3o precifica sua atividade? Al\u00e9m de n\u00e3o precificar, existe uma outra quest\u00e3o importante com rela\u00e7\u00e3o \u00e0 prote\u00e7\u00e3o social: f\u00e9rias, 13\u00ba sal\u00e1rio. A legisla\u00e7\u00e3o social surge para criar um patamar m\u00ednimo civilizat\u00f3rio. N\u00e3o podemos ter uma na\u00e7\u00e3o que quer 60 milh\u00f5es de pessoas exclu\u00eddas, sem a menor possibilidade de renda. Isso significa que n\u00f3s temos de olhar o futuro com novos olhos. Temos de\u00a0dizer que o Estado \u00e9 imprescind\u00edvel em algumas rela\u00e7\u00f5es, sim.<\/p>\n<p><strong>Mas fazer isso na pr\u00e1tica? <\/strong><\/p>\n<p>\u00c9 justamente a regula\u00e7\u00e3o social, a prote\u00e7\u00e3o do trabalho. Quando voc\u00ea protege o trabalho, come\u00e7a a criar uma teia m\u00ednima de sustenta\u00e7\u00e3o. N\u00f3s precisamos de um pacto de prote\u00e7\u00e3o social, e n\u00e3o desmontar a prote\u00e7\u00e3o social existente.<\/p>\n<p><strong>O sr. v\u00ea tentativa de desmonte? <\/strong><\/p>\n<p>Sim, ela tem ocorrido h\u00e1 uns tr\u00eas anos. Tem havido um desmonte da legisla\u00e7\u00e3o social a pretexto de que com menos direitos, ter\u00edamos mais empregos. Essa ideia de que vai reduzir direito e isso vai facilitar contrata\u00e7\u00e3o, n\u00e3o vai. Vai criar trabalhadores absolutamente precarizados e sem perspectiva. Para equilibrar as rela\u00e7\u00f5es, ningu\u00e9m pode ter poderes absolutos.<\/p>\n<p><strong>O governo discute uma pol\u00edtica de combate ao desemprego em massa, com retirada de encargos sobre a folha de pagamento. O sr. v\u00ea isso como uma quebra na prote\u00e7\u00e3o?<\/strong><\/p>\n<p>Depende de como esse di\u00e1logo \u00e9 conduzido. Algumas pessoas t\u00eam dito que f\u00e9rias e 13.\u00ba s\u00e3o encargos. Se chegar nesse patamar, acho que n\u00e3o h\u00e1 como prosseguir. Agora, se houver necessidade de discutir Sistema S, algumas outras circunst\u00e2ncias, talvez (possa avan\u00e7ar). Eu tenho medo \u00e9 da generaliza\u00e7\u00e3o. Quando o 13.\u00ba foi institu\u00eddo no Pa\u00eds, as not\u00edcias eram de que os empres\u00e1rios iriam quebrar. Hoje, o 13.\u00ba \u00e9 motivo de alegria dos empres\u00e1rios, o mercado muda. A renda do trabalhador volta para o mercado com o consumo.<\/p>\n<p><strong>A reforma trabalhista imp\u00f4s uma s\u00e9rie de requisitos para o ajuizamento de a\u00e7\u00f5es. Isso de alguma maneira est\u00e1 inibindo acesso dos trabalhadores \u00e0 Justi\u00e7a do Trabalho?<\/strong><\/p>\n<p>Temos dois pontos, os honor\u00e1rios advocat\u00edcios e a gratuidade de Justi\u00e7a. Quanto aos honor\u00e1rios, acho plenamente razo\u00e1vel, os profissionais v\u00e3o saber selecionar os pedidos (na a\u00e7\u00e3o). Agora, quando fala de gratuidade de Justi\u00e7a, a reforma colocou os trabalhadores em posi\u00e7\u00e3o pior do que o cidad\u00e3o comum. Se perder, tem de pagar todos os encargos decorrentes da a\u00e7\u00e3o, mesmo que seja pobre, e fica condicionado cinco anos com uma espada sobre a cabe\u00e7a. Acho que isso foi exacerbado.<\/p>\n<p><strong>Muitos empregados migraram para o teletrabalho na pandemia. Como o sr. v\u00ea esse instrumento?<\/strong><\/p>\n<p>O teletrabalho veio para ficar. Agora, a regula\u00e7\u00e3o do teletrabalho inexiste, ela precisa ser redimensionada, entendendo a profundidade da quest\u00e3o. O empregado est\u00e1 em casa, tem as atividades de casa, tem os filhos, tem uma s\u00e9rie de circunst\u00e2ncias. Tem quest\u00f5es de g\u00eanero muito graves que t\u00eam de ser observadas. Nossa lei hoje equivocadamente, de forma muito modesta, emite um ou dois artigos que n\u00e3o dizem nada relevante em rela\u00e7\u00e3o ao teletrabalho. Na Europa, j\u00e1 \u00e9 um consenso teletrabalho ter regulamenta\u00e7\u00e3o, com jornada limitada. Aqui se parte de uma premissa de que teletrabalho n\u00e3o \u00e9 afer\u00edvel. O tempo de utiliza\u00e7\u00e3o dos equipamentos \u00e9 plenamente afer\u00edvel. Tem de desmistificar algumas\u00a0coisas. O teletrabalho tem ganhos na mobilidade, tem ganhos que voltam para a pessoa, mas tem de ter um limite. N\u00e3o pode ficar conectado o dia inteiro, trabalhando o dia inteiro. \u00c9 o direito \u00e0 desconex\u00e3o. Tem de haver um debate s\u00e9rio, igualit\u00e1rio, n\u00e3o s\u00f3 observando os interesses de um dos lados, para a constru\u00e7\u00e3o de uma nova legisla\u00e7\u00e3o que abarque tudo isso.<\/p>\n<p><span style=\"font-size: 8pt;\">Fonte UOL, 29\/06\/2020<\/span><\/p>\n","protected":false},"excerpt":{"rendered":"<p>O crescimento do teletrabalho no mundo p\u00f3s-pandemia deve demandar uma regulamenta\u00e7\u00e3o adicional da modalidade para garantir aos trabalhadores [&hellip;]<\/p>\n","protected":false},"author":2,"featured_media":4041,"comment_status":"open","ping_status":"open","sticky":false,"template":"","format":"standard","meta":{"jetpack_post_was_ever_published":false,"jetpack_publicize_message":"","jetpack_is_tweetstorm":false,"jetpack_publicize_feature_enabled":true,"jetpack_social_post_already_shared":true,"jetpack_social_options":[]},"categories":[1],"tags":[81,68,73,87,63,107,88,46,47,53],"jetpack_publicize_connections":[],"acf":[],"yoast_head":"<!-- This site is optimized with the Yoast SEO plugin v19.14 - https:\/\/yoast.com\/wordpress\/plugins\/seo\/ -->\n<title>INFORME BANC\u00c1RIO \u2013 228\/2020 &#039;Tem havido um desmonte da legisla\u00e7\u00e3o social&#039;, diz vice-presidente do TST - Sindicato dos Banc\u00e1rios de S\u00e3o Bento do Sul e Regi\u00e3o<\/title>\n<meta name=\"robots\" content=\"index, follow, max-snippet:-1, max-image-preview:large, max-video-preview:-1\" \/>\n<link rel=\"canonical\" href=\"https:\/\/sindicatodosbancarios.org.br\/site2022\/2020\/06\/29\/informe-bancario-228-2020-tem-havido-um-desmonte-da-legislacao-social-diz-vice-presidente-do-tst\/\" \/>\n<meta property=\"og:locale\" content=\"pt_BR\" \/>\n<meta property=\"og:type\" content=\"article\" \/>\n<meta property=\"og:title\" content=\"INFORME BANC\u00c1RIO \u2013 228\/2020 &#039;Tem havido um desmonte da legisla\u00e7\u00e3o social&#039;, diz vice-presidente do TST - Sindicato dos Banc\u00e1rios de S\u00e3o Bento do Sul e Regi\u00e3o\" \/>\n<meta property=\"og:description\" content=\"O crescimento do teletrabalho no mundo p\u00f3s-pandemia deve demandar uma regulamenta\u00e7\u00e3o adicional da modalidade para garantir aos trabalhadores [&hellip;]\" \/>\n<meta property=\"og:url\" content=\"https:\/\/sindicatodosbancarios.org.br\/site2022\/2020\/06\/29\/informe-bancario-228-2020-tem-havido-um-desmonte-da-legislacao-social-diz-vice-presidente-do-tst\/\" \/>\n<meta property=\"og:site_name\" content=\"Sindicato dos Banc\u00e1rios de S\u00e3o Bento do Sul e Regi\u00e3o\" \/>\n<meta property=\"article:author\" content=\"https:\/\/www.facebook.com\/seeb.sbs.9\" \/>\n<meta property=\"article:published_time\" content=\"2020-06-29T13:36:50+00:00\" \/>\n<meta property=\"og:image\" content=\"https:\/\/sindicatodosbancarios.org.br\/site2022\/wp-content\/uploads\/2020\/06\/Fachada-com-placa.jpg\" \/>\n\t<meta property=\"og:image:width\" content=\"800\" \/>\n\t<meta property=\"og:image:height\" content=\"533\" \/>\n\t<meta property=\"og:image:type\" content=\"image\/jpeg\" \/>\n<meta name=\"author\" content=\"Sindicato dos Banc\u00e1rios S\u00e3o Bento do Sul e Regi\u00e3o\" \/>\n<meta name=\"twitter:card\" content=\"summary_large_image\" \/>\n<meta name=\"twitter:label1\" content=\"Escrito por\" \/>\n\t<meta name=\"twitter:data1\" content=\"Sindicato dos Banc\u00e1rios S\u00e3o Bento do Sul e Regi\u00e3o\" \/>\n\t<meta name=\"twitter:label2\" content=\"Est. tempo de leitura\" \/>\n\t<meta name=\"twitter:data2\" content=\"5 minutos\" \/>\n<script type=\"application\/ld+json\" class=\"yoast-schema-graph\">{\"@context\":\"https:\/\/schema.org\",\"@graph\":[{\"@type\":\"Article\",\"@id\":\"https:\/\/sindicatodosbancarios.org.br\/site2022\/2020\/06\/29\/informe-bancario-228-2020-tem-havido-um-desmonte-da-legislacao-social-diz-vice-presidente-do-tst\/#article\",\"isPartOf\":{\"@id\":\"https:\/\/sindicatodosbancarios.org.br\/site2022\/2020\/06\/29\/informe-bancario-228-2020-tem-havido-um-desmonte-da-legislacao-social-diz-vice-presidente-do-tst\/\"},\"author\":{\"name\":\"Sindicato dos Banc\u00e1rios S\u00e3o Bento do Sul e Regi\u00e3o\",\"@id\":\"https:\/\/sindicatodosbancarios.org.br\/site2022\/#\/schema\/person\/a7d92da77d1084df4d28b57962f1e1bd\"},\"headline\":\"INFORME BANC\u00c1RIO \u2013 228\/2020 &#8216;Tem havido um desmonte da legisla\u00e7\u00e3o social&#8217;, diz vice-presidente do TST\",\"datePublished\":\"2020-06-29T13:36:50+00:00\",\"dateModified\":\"2020-06-29T13:36:50+00:00\",\"mainEntityOfPage\":{\"@id\":\"https:\/\/sindicatodosbancarios.org.br\/site2022\/2020\/06\/29\/informe-bancario-228-2020-tem-havido-um-desmonte-da-legislacao-social-diz-vice-presidente-do-tst\/\"},\"wordCount\":1006,\"commentCount\":0,\"publisher\":{\"@id\":\"https:\/\/sindicatodosbancarios.org.br\/site2022\/#organization\"},\"keywords\":[\"ACORDO\",\"aumento\",\"CORONAV\u00cdRUS\",\"CRISE\",\"MERCADO DE TRABALHO\",\"PANDEMIA\",\"PLANO ECONOMICO\",\"sindicato\",\"sindicato dos bancarios\",\"sindicato dos banc\u00e1rios de s\u00e3o bento do sul\"],\"articleSection\":[\"Geral\"],\"inLanguage\":\"pt-BR\",\"potentialAction\":[{\"@type\":\"CommentAction\",\"name\":\"Comment\",\"target\":[\"https:\/\/sindicatodosbancarios.org.br\/site2022\/2020\/06\/29\/informe-bancario-228-2020-tem-havido-um-desmonte-da-legislacao-social-diz-vice-presidente-do-tst\/#respond\"]}]},{\"@type\":\"WebPage\",\"@id\":\"https:\/\/sindicatodosbancarios.org.br\/site2022\/2020\/06\/29\/informe-bancario-228-2020-tem-havido-um-desmonte-da-legislacao-social-diz-vice-presidente-do-tst\/\",\"url\":\"https:\/\/sindicatodosbancarios.org.br\/site2022\/2020\/06\/29\/informe-bancario-228-2020-tem-havido-um-desmonte-da-legislacao-social-diz-vice-presidente-do-tst\/\",\"name\":\"INFORME BANC\u00c1RIO \u2013 228\/2020 'Tem havido um desmonte da legisla\u00e7\u00e3o social', diz vice-presidente do TST - Sindicato dos Banc\u00e1rios de S\u00e3o Bento do Sul e Regi\u00e3o\",\"isPartOf\":{\"@id\":\"https:\/\/sindicatodosbancarios.org.br\/site2022\/#website\"},\"datePublished\":\"2020-06-29T13:36:50+00:00\",\"dateModified\":\"2020-06-29T13:36:50+00:00\",\"breadcrumb\":{\"@id\":\"https:\/\/sindicatodosbancarios.org.br\/site2022\/2020\/06\/29\/informe-bancario-228-2020-tem-havido-um-desmonte-da-legislacao-social-diz-vice-presidente-do-tst\/#breadcrumb\"},\"inLanguage\":\"pt-BR\",\"potentialAction\":[{\"@type\":\"ReadAction\",\"target\":[\"https:\/\/sindicatodosbancarios.org.br\/site2022\/2020\/06\/29\/informe-bancario-228-2020-tem-havido-um-desmonte-da-legislacao-social-diz-vice-presidente-do-tst\/\"]}]},{\"@type\":\"BreadcrumbList\",\"@id\":\"https:\/\/sindicatodosbancarios.org.br\/site2022\/2020\/06\/29\/informe-bancario-228-2020-tem-havido-um-desmonte-da-legislacao-social-diz-vice-presidente-do-tst\/#breadcrumb\",\"itemListElement\":[{\"@type\":\"ListItem\",\"position\":1,\"name\":\"In\u00edcio\",\"item\":\"https:\/\/sindicatodosbancarios.org.br\/site2022\/\"},{\"@type\":\"ListItem\",\"position\":2,\"name\":\"INFORME BANC\u00c1RIO \u2013 228\/2020 &#8216;Tem havido um desmonte da legisla\u00e7\u00e3o social&#8217;, diz vice-presidente do TST\"}]},{\"@type\":\"WebSite\",\"@id\":\"https:\/\/sindicatodosbancarios.org.br\/site2022\/#website\",\"url\":\"https:\/\/sindicatodosbancarios.org.br\/site2022\/\",\"name\":\"Sindicato dos Banc\u00e1rios de S\u00e3o Bento do Sul e Regi\u00e3o\",\"description\":\"Website institucional do Sindicato dos Banc\u00e1rios de S\u00e3o Bento do Sul e Regi\u00e3o\",\"publisher\":{\"@id\":\"https:\/\/sindicatodosbancarios.org.br\/site2022\/#organization\"},\"potentialAction\":[{\"@type\":\"SearchAction\",\"target\":{\"@type\":\"EntryPoint\",\"urlTemplate\":\"https:\/\/sindicatodosbancarios.org.br\/site2022\/?s={search_term_string}\"},\"query-input\":\"required name=search_term_string\"}],\"inLanguage\":\"pt-BR\"},{\"@type\":\"Organization\",\"@id\":\"https:\/\/sindicatodosbancarios.org.br\/site2022\/#organization\",\"name\":\"Sindicato dos Banc\u00e1rios de S\u00e3o Bento do Sul e Regi\u00e3o\",\"url\":\"https:\/\/sindicatodosbancarios.org.br\/site2022\/\",\"logo\":{\"@type\":\"ImageObject\",\"inLanguage\":\"pt-BR\",\"@id\":\"https:\/\/sindicatodosbancarios.org.br\/site2022\/#\/schema\/logo\/image\/\",\"url\":\"https:\/\/sindicatodosbancarios.org.br\/site2022\/wp-content\/uploads\/2017\/06\/cropped-logo-2.png\",\"contentUrl\":\"https:\/\/sindicatodosbancarios.org.br\/site2022\/wp-content\/uploads\/2017\/06\/cropped-logo-2.png\",\"width\":292,\"height\":292,\"caption\":\"Sindicato dos Banc\u00e1rios de S\u00e3o Bento do Sul e Regi\u00e3o\"},\"image\":{\"@id\":\"https:\/\/sindicatodosbancarios.org.br\/site2022\/#\/schema\/logo\/image\/\"}},{\"@type\":\"Person\",\"@id\":\"https:\/\/sindicatodosbancarios.org.br\/site2022\/#\/schema\/person\/a7d92da77d1084df4d28b57962f1e1bd\",\"name\":\"Sindicato dos Banc\u00e1rios S\u00e3o Bento do Sul e Regi\u00e3o\",\"image\":{\"@type\":\"ImageObject\",\"inLanguage\":\"pt-BR\",\"@id\":\"https:\/\/sindicatodosbancarios.org.br\/site2022\/#\/schema\/person\/image\/\",\"url\":\"https:\/\/secure.gravatar.com\/avatar\/f1d1a06f698f2345352e539387180d42?s=96&d=mm&r=g\",\"contentUrl\":\"https:\/\/secure.gravatar.com\/avatar\/f1d1a06f698f2345352e539387180d42?s=96&d=mm&r=g\",\"caption\":\"Sindicato dos Banc\u00e1rios S\u00e3o Bento do Sul e Regi\u00e3o\"},\"sameAs\":[\"http:\/\/sindicatodosbancarios.org.br\/site2022\/\",\"https:\/\/www.facebook.com\/seeb.sbs.9\"],\"url\":\"https:\/\/sindicatodosbancarios.org.br\/site2022\/author\/sindicatodosbancarios\/\"}]}<\/script>\n<!-- \/ Yoast SEO plugin. -->","yoast_head_json":{"title":"INFORME BANC\u00c1RIO \u2013 228\/2020 'Tem havido um desmonte da legisla\u00e7\u00e3o social', diz vice-presidente do TST - Sindicato dos Banc\u00e1rios de S\u00e3o Bento do Sul e Regi\u00e3o","robots":{"index":"index","follow":"follow","max-snippet":"max-snippet:-1","max-image-preview":"max-image-preview:large","max-video-preview":"max-video-preview:-1"},"canonical":"https:\/\/sindicatodosbancarios.org.br\/site2022\/2020\/06\/29\/informe-bancario-228-2020-tem-havido-um-desmonte-da-legislacao-social-diz-vice-presidente-do-tst\/","og_locale":"pt_BR","og_type":"article","og_title":"INFORME BANC\u00c1RIO \u2013 228\/2020 'Tem havido um desmonte da legisla\u00e7\u00e3o social', diz vice-presidente do TST - Sindicato dos Banc\u00e1rios de S\u00e3o Bento do Sul e Regi\u00e3o","og_description":"O crescimento do teletrabalho no mundo p\u00f3s-pandemia deve demandar uma regulamenta\u00e7\u00e3o adicional da modalidade para garantir aos trabalhadores [&hellip;]","og_url":"https:\/\/sindicatodosbancarios.org.br\/site2022\/2020\/06\/29\/informe-bancario-228-2020-tem-havido-um-desmonte-da-legislacao-social-diz-vice-presidente-do-tst\/","og_site_name":"Sindicato dos Banc\u00e1rios de S\u00e3o Bento do Sul e Regi\u00e3o","article_author":"https:\/\/www.facebook.com\/seeb.sbs.9","article_published_time":"2020-06-29T13:36:50+00:00","og_image":[{"width":800,"height":533,"url":"https:\/\/sindicatodosbancarios.org.br\/site2022\/wp-content\/uploads\/2020\/06\/Fachada-com-placa.jpg","type":"image\/jpeg"}],"author":"Sindicato dos Banc\u00e1rios S\u00e3o Bento do Sul e Regi\u00e3o","twitter_card":"summary_large_image","twitter_misc":{"Escrito por":"Sindicato dos Banc\u00e1rios S\u00e3o Bento do Sul e Regi\u00e3o","Est. tempo de leitura":"5 minutos"},"schema":{"@context":"https:\/\/schema.org","@graph":[{"@type":"Article","@id":"https:\/\/sindicatodosbancarios.org.br\/site2022\/2020\/06\/29\/informe-bancario-228-2020-tem-havido-um-desmonte-da-legislacao-social-diz-vice-presidente-do-tst\/#article","isPartOf":{"@id":"https:\/\/sindicatodosbancarios.org.br\/site2022\/2020\/06\/29\/informe-bancario-228-2020-tem-havido-um-desmonte-da-legislacao-social-diz-vice-presidente-do-tst\/"},"author":{"name":"Sindicato dos Banc\u00e1rios S\u00e3o Bento do Sul e Regi\u00e3o","@id":"https:\/\/sindicatodosbancarios.org.br\/site2022\/#\/schema\/person\/a7d92da77d1084df4d28b57962f1e1bd"},"headline":"INFORME BANC\u00c1RIO \u2013 228\/2020 &#8216;Tem havido um desmonte da legisla\u00e7\u00e3o social&#8217;, diz vice-presidente do TST","datePublished":"2020-06-29T13:36:50+00:00","dateModified":"2020-06-29T13:36:50+00:00","mainEntityOfPage":{"@id":"https:\/\/sindicatodosbancarios.org.br\/site2022\/2020\/06\/29\/informe-bancario-228-2020-tem-havido-um-desmonte-da-legislacao-social-diz-vice-presidente-do-tst\/"},"wordCount":1006,"commentCount":0,"publisher":{"@id":"https:\/\/sindicatodosbancarios.org.br\/site2022\/#organization"},"keywords":["ACORDO","aumento","CORONAV\u00cdRUS","CRISE","MERCADO DE TRABALHO","PANDEMIA","PLANO ECONOMICO","sindicato","sindicato dos bancarios","sindicato dos banc\u00e1rios de s\u00e3o bento do sul"],"articleSection":["Geral"],"inLanguage":"pt-BR","potentialAction":[{"@type":"CommentAction","name":"Comment","target":["https:\/\/sindicatodosbancarios.org.br\/site2022\/2020\/06\/29\/informe-bancario-228-2020-tem-havido-um-desmonte-da-legislacao-social-diz-vice-presidente-do-tst\/#respond"]}]},{"@type":"WebPage","@id":"https:\/\/sindicatodosbancarios.org.br\/site2022\/2020\/06\/29\/informe-bancario-228-2020-tem-havido-um-desmonte-da-legislacao-social-diz-vice-presidente-do-tst\/","url":"https:\/\/sindicatodosbancarios.org.br\/site2022\/2020\/06\/29\/informe-bancario-228-2020-tem-havido-um-desmonte-da-legislacao-social-diz-vice-presidente-do-tst\/","name":"INFORME BANC\u00c1RIO \u2013 228\/2020 'Tem havido um desmonte da legisla\u00e7\u00e3o social', diz vice-presidente do TST - Sindicato dos Banc\u00e1rios de S\u00e3o Bento do Sul e Regi\u00e3o","isPartOf":{"@id":"https:\/\/sindicatodosbancarios.org.br\/site2022\/#website"},"datePublished":"2020-06-29T13:36:50+00:00","dateModified":"2020-06-29T13:36:50+00:00","breadcrumb":{"@id":"https:\/\/sindicatodosbancarios.org.br\/site2022\/2020\/06\/29\/informe-bancario-228-2020-tem-havido-um-desmonte-da-legislacao-social-diz-vice-presidente-do-tst\/#breadcrumb"},"inLanguage":"pt-BR","potentialAction":[{"@type":"ReadAction","target":["https:\/\/sindicatodosbancarios.org.br\/site2022\/2020\/06\/29\/informe-bancario-228-2020-tem-havido-um-desmonte-da-legislacao-social-diz-vice-presidente-do-tst\/"]}]},{"@type":"BreadcrumbList","@id":"https:\/\/sindicatodosbancarios.org.br\/site2022\/2020\/06\/29\/informe-bancario-228-2020-tem-havido-um-desmonte-da-legislacao-social-diz-vice-presidente-do-tst\/#breadcrumb","itemListElement":[{"@type":"ListItem","position":1,"name":"In\u00edcio","item":"https:\/\/sindicatodosbancarios.org.br\/site2022\/"},{"@type":"ListItem","position":2,"name":"INFORME BANC\u00c1RIO \u2013 228\/2020 &#8216;Tem havido um desmonte da legisla\u00e7\u00e3o social&#8217;, diz vice-presidente do TST"}]},{"@type":"WebSite","@id":"https:\/\/sindicatodosbancarios.org.br\/site2022\/#website","url":"https:\/\/sindicatodosbancarios.org.br\/site2022\/","name":"Sindicato dos Banc\u00e1rios de S\u00e3o Bento do Sul e Regi\u00e3o","description":"Website institucional do Sindicato dos Banc\u00e1rios de S\u00e3o Bento do Sul e Regi\u00e3o","publisher":{"@id":"https:\/\/sindicatodosbancarios.org.br\/site2022\/#organization"},"potentialAction":[{"@type":"SearchAction","target":{"@type":"EntryPoint","urlTemplate":"https:\/\/sindicatodosbancarios.org.br\/site2022\/?s={search_term_string}"},"query-input":"required name=search_term_string"}],"inLanguage":"pt-BR"},{"@type":"Organization","@id":"https:\/\/sindicatodosbancarios.org.br\/site2022\/#organization","name":"Sindicato dos Banc\u00e1rios de S\u00e3o Bento do Sul e Regi\u00e3o","url":"https:\/\/sindicatodosbancarios.org.br\/site2022\/","logo":{"@type":"ImageObject","inLanguage":"pt-BR","@id":"https:\/\/sindicatodosbancarios.org.br\/site2022\/#\/schema\/logo\/image\/","url":"https:\/\/sindicatodosbancarios.org.br\/site2022\/wp-content\/uploads\/2017\/06\/cropped-logo-2.png","contentUrl":"https:\/\/sindicatodosbancarios.org.br\/site2022\/wp-content\/uploads\/2017\/06\/cropped-logo-2.png","width":292,"height":292,"caption":"Sindicato dos Banc\u00e1rios de S\u00e3o Bento do Sul e Regi\u00e3o"},"image":{"@id":"https:\/\/sindicatodosbancarios.org.br\/site2022\/#\/schema\/logo\/image\/"}},{"@type":"Person","@id":"https:\/\/sindicatodosbancarios.org.br\/site2022\/#\/schema\/person\/a7d92da77d1084df4d28b57962f1e1bd","name":"Sindicato dos Banc\u00e1rios S\u00e3o Bento do Sul e Regi\u00e3o","image":{"@type":"ImageObject","inLanguage":"pt-BR","@id":"https:\/\/sindicatodosbancarios.org.br\/site2022\/#\/schema\/person\/image\/","url":"https:\/\/secure.gravatar.com\/avatar\/f1d1a06f698f2345352e539387180d42?s=96&d=mm&r=g","contentUrl":"https:\/\/secure.gravatar.com\/avatar\/f1d1a06f698f2345352e539387180d42?s=96&d=mm&r=g","caption":"Sindicato dos Banc\u00e1rios S\u00e3o Bento do Sul e Regi\u00e3o"},"sameAs":["http:\/\/sindicatodosbancarios.org.br\/site2022\/","https:\/\/www.facebook.com\/seeb.sbs.9"],"url":"https:\/\/sindicatodosbancarios.org.br\/site2022\/author\/sindicatodosbancarios\/"}]}},"jetpack_featured_media_url":"https:\/\/sindicatodosbancarios.org.br\/site2022\/wp-content\/uploads\/2020\/06\/Fachada-com-placa.jpg","jetpack_sharing_enabled":true,"jetpack_shortlink":"https:\/\/wp.me\/p8RSbI-13a","jetpack-related-posts":[{"id":5480,"url":"https:\/\/sindicatodosbancarios.org.br\/site2022\/2021\/06\/18\/informe-bancario-151-2021-contec-reforca-pedido-ao-governo-para-vacinar-trabalhadores-em-bancos\/","url_meta":{"origin":4040,"position":0},"title":"INFORME BANC\u00c1RIO \u2013 151\/2021 CONTEC refor\u00e7a pedido ao Governo para vacinar trabalhadores em bancos","date":"18 de junho de 2021","format":false,"excerpt":"A CONTEC encaminhou novo of\u00edcio, ontem (16), ao ministro da Sa\u00fade, Marcelo Queiroga. No documento, a entidade reitera a reivindica\u00e7\u00e3o pela inclus\u00e3o priorit\u00e1ria dos banc\u00e1rios no Plano Nacional de Imuniza\u00e7\u00e3o (PNI) para vacina\u00e7\u00e3o contra a covid-19. \u00a0 O of\u00edcio foi assinado pelo presidente Louren\u00e7o Ferreira do Prado. Nele, a CONTEC\u2026","rel":"","context":"Em &quot;Banco do Brasil&quot;","img":{"alt_text":"","src":"https:\/\/i0.wp.com\/sindicatodosbancarios.org.br\/site2022\/wp-content\/uploads\/2021\/06\/vacina-para-banca\u0301rios.jpg?resize=350%2C200&ssl=1","width":350,"height":200},"classes":[]},{"id":4573,"url":"https:\/\/sindicatodosbancarios.org.br\/site2022\/2020\/10\/01\/informe-bancario-371-2020-tst-atropela-principios-constitucionais-escrevem-sindicalistas\/","url_meta":{"origin":4040,"position":1},"title":"INFORME BANC\u00c1RIO \u2013 371\/2020 TST atropela princ\u00edpios constitucionais, escrevem sindicalistas","date":"1 de outubro de 2020","format":false,"excerpt":"Consideramos que a\u00a0decis\u00e3o do TST\u00a0(Tribunal Superior do Trabalho) no julgamento do diss\u00eddio de greve da categoria dos trabalhadores dos Correios desrespeitou a entidade sindical e desconsiderou os princ\u00edpios constitucionais do n\u00e3o retrocesso, da prote\u00e7\u00e3o social do trabalho e da preserva\u00e7\u00e3o dos direitos conquistados por meio das negocia\u00e7\u00f5es coletivas. Fonte Poder\u2026","rel":"","context":"Em &quot;Geral&quot;","img":{"alt_text":"","src":"https:\/\/i0.wp.com\/sindicatodosbancarios.org.br\/site2022\/wp-content\/uploads\/2020\/10\/Sedex-868x644.jpg?resize=350%2C200&ssl=1","width":350,"height":200},"classes":[]},{"id":5274,"url":"https:\/\/sindicatodosbancarios.org.br\/site2022\/2021\/03\/29\/informe-bancarios-90-2021-piora-da-pandemia-forca-santander-brasil-a-voltar-atras-em-trabalho-presencial\/","url_meta":{"origin":4040,"position":2},"title":"INFORME BANC\u00c1RIOS \u2013 90\/2021 Piora da pandemia for\u00e7a Santander Brasil a voltar atr\u00e1s em trabalho presencial","date":"29 de mar\u00e7o de 2021","format":false,"excerpt":"H\u00e1 menos de um m\u00eas, o Santander Brasil tinha cerca de 65% de seus trabalhadores administrativos de volta aos escrit\u00f3rios, contrastando com seus dois maiores rivais, Bradesco e Ita\u00fa Unibanco, que continuavam com quase todo o pessoal administrativo trabalhando em casa. Agora, sob press\u00e3o dos funcion\u00e1rios e das autoridades de\u2026","rel":"","context":"Em &quot;Geral&quot;","img":{"alt_text":"","src":"https:\/\/i0.wp.com\/sindicatodosbancarios.org.br\/site2022\/wp-content\/uploads\/2021\/02\/tim.jpg?resize=350%2C200&ssl=1","width":350,"height":200},"classes":[]},{"id":5329,"url":"https:\/\/sindicatodosbancarios.org.br\/site2022\/2021\/04\/22\/informe-bancarios-104-2021-sem-programa-do-governo-empresas-e-sindicatos-negociam-e-evitam-demissoes\/","url_meta":{"origin":4040,"position":3},"title":"INFORME BANC\u00c1RIOS \u2013 104\/2021 Sem programa do governo, empresas e sindicatos negociam e evitam demiss\u00f5es","date":"22 de abril de 2021","format":false,"excerpt":"O governo federal ainda n\u00e3o retomou o programa que permite redu\u00e7\u00e3o de jornada ou suspens\u00e3o do contrato de trabalho, para evitar demiss\u00f5es. Por causa disso, empresas e sindicatos est\u00e3o fazendo acordos coletivos para adotar uma das duas medidas e evitar corte de pessoal. Segundo levantamento do Salari\u00f4metro, da Fipe (Funda\u00e7\u00e3o\u2026","rel":"","context":"Em &quot;Geral&quot;","img":{"alt_text":"","src":"https:\/\/i0.wp.com\/sindicatodosbancarios.org.br\/site2022\/wp-content\/uploads\/2021\/02\/ecv8by7wzopiiudr6exo2c0gh.jpg?resize=350%2C200&ssl=1","width":350,"height":200},"classes":[]},{"id":4302,"url":"https:\/\/sindicatodosbancarios.org.br\/site2022\/2020\/08\/20\/informe-bancario-303-2020-processos-no-tribunal-superior-do-trabalho-tem-maior-alta-em-10-anos\/","url_meta":{"origin":4040,"position":4},"title":"INFORME BANC\u00c1RIO \u2013 303\/2020 Processos no Tribunal Superior do Trabalho t\u00eam maior alta em 10 anos","date":"20 de agosto de 2020","format":false,"excerpt":"O n\u00famero de processos no Tribunal Superior do Trabalho aumentou 56% entre 2018 e 2019, passando de 253 mil para 396 mil. Foi o maior salto dos \u00faltimos dez anos. A reforma trabalhista, a alta taxa de\u00a0desemprego e a implanta\u00e7\u00e3o do processo eletr\u00f4nico, que facilitou novas a\u00e7\u00f5es, s\u00e3o os tr\u00eas\u2026","rel":"","context":"Em &quot;Geral&quot;","img":{"alt_text":"","src":"https:\/\/i0.wp.com\/sindicatodosbancarios.org.br\/site2022\/wp-content\/uploads\/2020\/08\/tribunal-superior-do-trabalho.jpg?resize=350%2C200&ssl=1","width":350,"height":200},"classes":[]},{"id":5432,"url":"https:\/\/sindicatodosbancarios.org.br\/site2022\/2021\/06\/02\/informe-bancario-136-2021-suspenso-julgamento-sobre-negociacao-previa-com-sindicatos-para-dispensa-em-massa\/","url_meta":{"origin":4040,"position":5},"title":"INFORME BANC\u00c1RIO \u2013 136\/2021 Suspenso julgamento sobre negocia\u00e7\u00e3o pr\u00e9via com sindicatos para dispensa em massa","date":"2 de junho de 2021","format":false,"excerpt":"O Supremo Tribunal Federal (STF) come\u00e7ou a julgar nesta quarta-feira, 19, se h\u00e1 necessidade de negocia\u00e7\u00e3o coletiva pr\u00e9via com sindicatos de trabalhadores para dispensa em massa de funcion\u00e1rios pelas empresas. At\u00e9 o momento, quatro ministros votaram. A sess\u00e3o deve ser retomada amanh\u00e3. Em fevereiro, o julgamento chegou a ser iniciado\u2026","rel":"","context":"Em &quot;Geral&quot;","img":{"alt_text":"","src":"https:\/\/i0.wp.com\/sindicatodosbancarios.org.br\/site2022\/wp-content\/uploads\/2021\/06\/predio_stf_-_valter_campanto_-_agencia_brasil_1.jpg?resize=350%2C200&ssl=1","width":350,"height":200},"classes":[]}],"_links":{"self":[{"href":"https:\/\/sindicatodosbancarios.org.br\/site2022\/wp-json\/wp\/v2\/posts\/4040"}],"collection":[{"href":"https:\/\/sindicatodosbancarios.org.br\/site2022\/wp-json\/wp\/v2\/posts"}],"about":[{"href":"https:\/\/sindicatodosbancarios.org.br\/site2022\/wp-json\/wp\/v2\/types\/post"}],"author":[{"embeddable":true,"href":"https:\/\/sindicatodosbancarios.org.br\/site2022\/wp-json\/wp\/v2\/users\/2"}],"replies":[{"embeddable":true,"href":"https:\/\/sindicatodosbancarios.org.br\/site2022\/wp-json\/wp\/v2\/comments?post=4040"}],"version-history":[{"count":1,"href":"https:\/\/sindicatodosbancarios.org.br\/site2022\/wp-json\/wp\/v2\/posts\/4040\/revisions"}],"predecessor-version":[{"id":4042,"href":"https:\/\/sindicatodosbancarios.org.br\/site2022\/wp-json\/wp\/v2\/posts\/4040\/revisions\/4042"}],"wp:featuredmedia":[{"embeddable":true,"href":"https:\/\/sindicatodosbancarios.org.br\/site2022\/wp-json\/wp\/v2\/media\/4041"}],"wp:attachment":[{"href":"https:\/\/sindicatodosbancarios.org.br\/site2022\/wp-json\/wp\/v2\/media?parent=4040"}],"wp:term":[{"taxonomy":"category","embeddable":true,"href":"https:\/\/sindicatodosbancarios.org.br\/site2022\/wp-json\/wp\/v2\/categories?post=4040"},{"taxonomy":"post_tag","embeddable":true,"href":"https:\/\/sindicatodosbancarios.org.br\/site2022\/wp-json\/wp\/v2\/tags?post=4040"}],"curies":[{"name":"wp","href":"https:\/\/api.w.org\/{rel}","templated":true}]}}