{"id":4079,"date":"2020-07-13T08:41:02","date_gmt":"2020-07-13T11:41:02","guid":{"rendered":"https:\/\/sindicatodosbancarios.org.br\/?p=4079"},"modified":"2020-07-13T08:41:02","modified_gmt":"2020-07-13T11:41:02","slug":"informe-bancario-238-2020-bolsonaro-veta-ampliacao-da-desoneracao-da-folha-em-sancao-da-mp-do-emprego","status":"publish","type":"post","link":"https:\/\/sindicatodosbancarios.org.br\/site2022\/2020\/07\/13\/informe-bancario-238-2020-bolsonaro-veta-ampliacao-da-desoneracao-da-folha-em-sancao-da-mp-do-emprego\/","title":{"rendered":"INFORME BANC\u00c1RIO \u2013 238\/2020 Bolsonaro veta amplia\u00e7\u00e3o da desonera\u00e7\u00e3o da folha em san\u00e7\u00e3o da MP do emprego"},"content":{"rendered":"<p>O presidente Jair Bolsonaro (sem partido) vetou 13 pontos da lei que cria o Programa Emergencial de Manuten\u00e7\u00e3o do Emprego e Renda. Dentre eles, aqueles que foram introduzidos pelo Congresso para aliviar as empresas durante a pandemia do novo coronav\u00edrus. Foram rejeitadas a prorroga\u00e7\u00e3o, por um ano, da desonera\u00e7\u00e3o da folha de pagamentos de empresas, a permiss\u00e3o ao empregador para negociar metas e valores de participa\u00e7\u00e3o em lucros com cada empregado, a corre\u00e7\u00e3o de d\u00e9bitos trabalhistas pelo \u00cdndice de Pre\u00e7os ao Consumidor Amplo Especial (IPCA-E) mais a varia\u00e7\u00e3o da poupan\u00e7a e a dispensa do cumprimento em 2020 dos n\u00edveis m\u00ednimos de produ\u00e7\u00e3o exigidos para obter benef\u00edcios fiscais.<\/p>\n<p>Pelo texto que saiu do Congresso, a desonera\u00e7\u00e3o da folha de pagamento iria atender setores que mais geram empregos, como t\u00eaxtil, cal\u00e7ados, constru\u00e7\u00e3o civil, transportes rodovi\u00e1rio e ferrovi\u00e1rio e call center. A redu\u00e7\u00e3o tribut\u00e1ria nesse caso termina em dezembro deste ano, mas o projeto previa a extens\u00e3o da desonera\u00e7\u00e3o at\u00e9 dezembro de 2021.<\/p>\n<p>Para vetar a proposta, a presid\u00eancia alegou que &#8220;as medidas acarretam ren\u00fancia de receita, sem o cancelamento equivalente de outra despesa obrigat\u00f3ria e sem que esteja acompanhada de estimativa do seu impacto or\u00e7ament\u00e1rio e financeiro&#8221;.<\/p>\n<p>Para al\u00e9m das empresas, o presidente tamb\u00e9m deixou fora do texto a previs\u00e3o de pagamento, por tr\u00eas meses, do aux\u00edlio emergencial de R$ 600 aos empregados demitidos sem justa causa durante o estado de calamidade p\u00fablica que n\u00e3o tenham direito ao seguro-desemprego e aos empregados que tenham direito \u00e0 \u00faltima parcela do seguro-desemprego em mar\u00e7o ou abril deste ano.<\/p>\n<p>A nova lei foi assinada ontem pelo presidente Bolsonaro, como ele mesmo informou nas redes sociais, mas s\u00f3 foi publicada na edi\u00e7\u00e3o de hoje do Di\u00e1rio Oficial da Uni\u00e3o. Na mensagem postada por Bolsonaro, ele n\u00e3o entrou em detalhes da san\u00e7\u00e3o, sem avisar que o texto viria com vetos.<\/p>\n<p>A lei tem origem na Medida Provis\u00f3ria 936, editada em abril, com o objetivo principal de criar condi\u00e7\u00f5es para que empresas e empregados possam garantir a manuten\u00e7\u00e3o dos empregos durante a crise econ\u00f4mica gerada pela pandemia. A lei autoriza a suspens\u00e3o de contratos de trabalho e a redu\u00e7\u00e3o de jornadas e sal\u00e1rios at\u00e9 o fim do ano. A suspens\u00e3o pode ser feita por at\u00e9 dois meses e a redu\u00e7\u00e3o, por at\u00e9 tr\u00eas.<\/p>\n<p>Com modifica\u00e7\u00f5es feitas no Congresso, a lei passa a permitir a prorroga\u00e7\u00e3o desses prazos. Por\u00e9m, os termos dessa prorroga\u00e7\u00e3o ainda ser\u00e3o editados em um decreto presidencial.<\/p>\n<p>Segundo o Broadcast (sistema de not\u00edcias em tempo real do Grupo Estado) apurou, o decreto n\u00e3o deve ser publicado nesta ter\u00e7a-feira, porque a equipe t\u00e9cnica ainda precisa de mais tempo para avaliar o texto sancionado.<\/p>\n<p>O governo j\u00e1 disse que dever\u00e1 permitir, por mais dois meses, a suspens\u00e3o de contratos e, por mais um m\u00eas, a redu\u00e7\u00e3o de jornada. Na semana passada, o secret\u00e1rio Especial de Previd\u00eancia e Trabalho do Minist\u00e9rio da Economia, Bruno Bianco, disse que, logo depois da san\u00e7\u00e3o da lei, o presidente editar\u00e1 um decreto prevendo a prorroga\u00e7\u00e3o do programa.<\/p>\n<p>Lan\u00e7ado em abril, o programa chamado de Benef\u00edcio Emergencial de Preserva\u00e7\u00e3o do Emprego (BEm) prev\u00ea que o governo pague parte do sal\u00e1rio suspenso ou reduzido, at\u00e9 o limite do seguro-desemprego (R$ 1.813). De acordo com o Minist\u00e9rio da Economia, mais de 12,1 milh\u00f5es de acordos foram celebrados dentro do programa.<\/p>\n<p>Segundo Bianco, a prorroga\u00e7\u00e3o manter\u00e1 a exig\u00eancia de que os empregos sejam preservados pelo dobro do prazo do acordo. Quem suspender por mais dois meses o contrato, por exemplo, ter\u00e1 de garantir estabilidade por quatro meses.<\/p>\n<p>Os empregadores que j\u00e1 suspenderam os contratos por dois meses, que era o prazo m\u00e1ximo, t\u00eam que esperar a publica\u00e7\u00e3o do decreto para nova prorroga\u00e7\u00e3o. Outra alternativa \u00e9 reduzir a jornada e o sal\u00e1rio em at\u00e9 70% por um m\u00eas, o que \u00e9 permitido pela lei em vigor.<\/p>\n<p>A MP 936 foi aprovada pelo Senado no dia 17 de junho e seguiu para san\u00e7\u00e3o presidencial. O texto foi enviado em abril e permitia a redu\u00e7\u00e3o de jornada em 25%, 50% ou 70%, com um corte proporcional no sal\u00e1rio, por at\u00e9 tr\u00eas meses, o que deve ser prorrogado agora por mais um m\u00eas. Tamb\u00e9m era poss\u00edvel suspender o contrato por at\u00e9 dois meses, o que deve ser autorizado no decreto por mais um m\u00eas.<\/p>\n<p><span style=\"font-size: 8pt;\">Fonte UOL, 07\/07\/2020<\/span><\/p>\n","protected":false},"excerpt":{"rendered":"<p>O presidente Jair Bolsonaro (sem partido) vetou 13 pontos da lei que cria o Programa Emergencial de Manuten\u00e7\u00e3o [&hellip;]<\/p>\n","protected":false},"author":2,"featured_media":4080,"comment_status":"open","ping_status":"open","sticky":false,"template":"","format":"standard","meta":{"jetpack_post_was_ever_published":false,"jetpack_publicize_message":"","jetpack_is_tweetstorm":false,"jetpack_publicize_feature_enabled":true,"jetpack_social_post_already_shared":true,"jetpack_social_options":[]},"categories":[1],"tags":[81,73,87,84,63,107,88,47,53],"jetpack_publicize_connections":[],"acf":[],"yoast_head":"<!-- This site is optimized with the Yoast SEO plugin v19.14 - https:\/\/yoast.com\/wordpress\/plugins\/seo\/ -->\n<title>INFORME BANC\u00c1RIO \u2013 238\/2020 Bolsonaro veta amplia\u00e7\u00e3o da desonera\u00e7\u00e3o da folha em san\u00e7\u00e3o da MP do emprego - Sindicato dos Banc\u00e1rios de S\u00e3o Bento do Sul e Regi\u00e3o<\/title>\n<meta name=\"robots\" content=\"index, follow, max-snippet:-1, max-image-preview:large, max-video-preview:-1\" \/>\n<link rel=\"canonical\" href=\"https:\/\/sindicatodosbancarios.org.br\/site2022\/2020\/07\/13\/informe-bancario-238-2020-bolsonaro-veta-ampliacao-da-desoneracao-da-folha-em-sancao-da-mp-do-emprego\/\" \/>\n<meta property=\"og:locale\" content=\"pt_BR\" \/>\n<meta property=\"og:type\" content=\"article\" \/>\n<meta property=\"og:title\" content=\"INFORME BANC\u00c1RIO \u2013 238\/2020 Bolsonaro veta amplia\u00e7\u00e3o da desonera\u00e7\u00e3o da folha em san\u00e7\u00e3o da MP do emprego - Sindicato dos Banc\u00e1rios de S\u00e3o Bento do Sul e Regi\u00e3o\" \/>\n<meta property=\"og:description\" content=\"O presidente Jair Bolsonaro (sem partido) vetou 13 pontos da lei que cria o Programa Emergencial de Manuten\u00e7\u00e3o [&hellip;]\" \/>\n<meta property=\"og:url\" content=\"https:\/\/sindicatodosbancarios.org.br\/site2022\/2020\/07\/13\/informe-bancario-238-2020-bolsonaro-veta-ampliacao-da-desoneracao-da-folha-em-sancao-da-mp-do-emprego\/\" \/>\n<meta property=\"og:site_name\" content=\"Sindicato dos Banc\u00e1rios de S\u00e3o Bento do Sul e Regi\u00e3o\" \/>\n<meta property=\"article:author\" content=\"https:\/\/www.facebook.com\/seeb.sbs.9\" \/>\n<meta property=\"article:published_time\" content=\"2020-07-13T11:41:02+00:00\" \/>\n<meta property=\"og:image\" content=\"https:\/\/sindicatodosbancarios.org.br\/site2022\/wp-content\/uploads\/2020\/07\/bolsonaro-e-guedes-de-mascara-1589543667128_v2_900x506.jpg\" \/>\n\t<meta property=\"og:image:width\" content=\"900\" \/>\n\t<meta property=\"og:image:height\" content=\"506\" \/>\n\t<meta property=\"og:image:type\" content=\"image\/jpeg\" \/>\n<meta name=\"author\" content=\"Sindicato dos Banc\u00e1rios S\u00e3o Bento do Sul e Regi\u00e3o\" \/>\n<meta name=\"twitter:card\" content=\"summary_large_image\" \/>\n<meta name=\"twitter:label1\" content=\"Escrito por\" \/>\n\t<meta name=\"twitter:data1\" content=\"Sindicato dos Banc\u00e1rios S\u00e3o Bento do Sul e Regi\u00e3o\" \/>\n\t<meta name=\"twitter:label2\" content=\"Est. tempo de leitura\" \/>\n\t<meta name=\"twitter:data2\" content=\"4 minutos\" \/>\n<script type=\"application\/ld+json\" class=\"yoast-schema-graph\">{\"@context\":\"https:\/\/schema.org\",\"@graph\":[{\"@type\":\"Article\",\"@id\":\"https:\/\/sindicatodosbancarios.org.br\/site2022\/2020\/07\/13\/informe-bancario-238-2020-bolsonaro-veta-ampliacao-da-desoneracao-da-folha-em-sancao-da-mp-do-emprego\/#article\",\"isPartOf\":{\"@id\":\"https:\/\/sindicatodosbancarios.org.br\/site2022\/2020\/07\/13\/informe-bancario-238-2020-bolsonaro-veta-ampliacao-da-desoneracao-da-folha-em-sancao-da-mp-do-emprego\/\"},\"author\":{\"name\":\"Sindicato dos Banc\u00e1rios S\u00e3o Bento do Sul e Regi\u00e3o\",\"@id\":\"https:\/\/sindicatodosbancarios.org.br\/site2022\/#\/schema\/person\/a7d92da77d1084df4d28b57962f1e1bd\"},\"headline\":\"INFORME BANC\u00c1RIO \u2013 238\/2020 Bolsonaro veta amplia\u00e7\u00e3o da desonera\u00e7\u00e3o da folha em san\u00e7\u00e3o da MP do emprego\",\"datePublished\":\"2020-07-13T11:41:02+00:00\",\"dateModified\":\"2020-07-13T11:41:02+00:00\",\"mainEntityOfPage\":{\"@id\":\"https:\/\/sindicatodosbancarios.org.br\/site2022\/2020\/07\/13\/informe-bancario-238-2020-bolsonaro-veta-ampliacao-da-desoneracao-da-folha-em-sancao-da-mp-do-emprego\/\"},\"wordCount\":800,\"commentCount\":0,\"publisher\":{\"@id\":\"https:\/\/sindicatodosbancarios.org.br\/site2022\/#organization\"},\"keywords\":[\"ACORDO\",\"CORONAV\u00cdRUS\",\"CRISE\",\"ESTRAT\u00c9GIA\",\"MERCADO DE TRABALHO\",\"PANDEMIA\",\"PLANO ECONOMICO\",\"sindicato dos bancarios\",\"sindicato dos banc\u00e1rios de s\u00e3o bento do sul\"],\"articleSection\":[\"Geral\"],\"inLanguage\":\"pt-BR\",\"potentialAction\":[{\"@type\":\"CommentAction\",\"name\":\"Comment\",\"target\":[\"https:\/\/sindicatodosbancarios.org.br\/site2022\/2020\/07\/13\/informe-bancario-238-2020-bolsonaro-veta-ampliacao-da-desoneracao-da-folha-em-sancao-da-mp-do-emprego\/#respond\"]}]},{\"@type\":\"WebPage\",\"@id\":\"https:\/\/sindicatodosbancarios.org.br\/site2022\/2020\/07\/13\/informe-bancario-238-2020-bolsonaro-veta-ampliacao-da-desoneracao-da-folha-em-sancao-da-mp-do-emprego\/\",\"url\":\"https:\/\/sindicatodosbancarios.org.br\/site2022\/2020\/07\/13\/informe-bancario-238-2020-bolsonaro-veta-ampliacao-da-desoneracao-da-folha-em-sancao-da-mp-do-emprego\/\",\"name\":\"INFORME BANC\u00c1RIO \u2013 238\/2020 Bolsonaro veta amplia\u00e7\u00e3o da desonera\u00e7\u00e3o da folha em san\u00e7\u00e3o da MP do emprego - Sindicato dos Banc\u00e1rios de S\u00e3o Bento do Sul e Regi\u00e3o\",\"isPartOf\":{\"@id\":\"https:\/\/sindicatodosbancarios.org.br\/site2022\/#website\"},\"datePublished\":\"2020-07-13T11:41:02+00:00\",\"dateModified\":\"2020-07-13T11:41:02+00:00\",\"breadcrumb\":{\"@id\":\"https:\/\/sindicatodosbancarios.org.br\/site2022\/2020\/07\/13\/informe-bancario-238-2020-bolsonaro-veta-ampliacao-da-desoneracao-da-folha-em-sancao-da-mp-do-emprego\/#breadcrumb\"},\"inLanguage\":\"pt-BR\",\"potentialAction\":[{\"@type\":\"ReadAction\",\"target\":[\"https:\/\/sindicatodosbancarios.org.br\/site2022\/2020\/07\/13\/informe-bancario-238-2020-bolsonaro-veta-ampliacao-da-desoneracao-da-folha-em-sancao-da-mp-do-emprego\/\"]}]},{\"@type\":\"BreadcrumbList\",\"@id\":\"https:\/\/sindicatodosbancarios.org.br\/site2022\/2020\/07\/13\/informe-bancario-238-2020-bolsonaro-veta-ampliacao-da-desoneracao-da-folha-em-sancao-da-mp-do-emprego\/#breadcrumb\",\"itemListElement\":[{\"@type\":\"ListItem\",\"position\":1,\"name\":\"In\u00edcio\",\"item\":\"https:\/\/sindicatodosbancarios.org.br\/site2022\/\"},{\"@type\":\"ListItem\",\"position\":2,\"name\":\"INFORME BANC\u00c1RIO \u2013 238\/2020 Bolsonaro veta amplia\u00e7\u00e3o da desonera\u00e7\u00e3o da folha em san\u00e7\u00e3o da MP do emprego\"}]},{\"@type\":\"WebSite\",\"@id\":\"https:\/\/sindicatodosbancarios.org.br\/site2022\/#website\",\"url\":\"https:\/\/sindicatodosbancarios.org.br\/site2022\/\",\"name\":\"Sindicato dos Banc\u00e1rios de S\u00e3o Bento do Sul e Regi\u00e3o\",\"description\":\"Website institucional do Sindicato dos Banc\u00e1rios de S\u00e3o Bento do Sul e Regi\u00e3o\",\"publisher\":{\"@id\":\"https:\/\/sindicatodosbancarios.org.br\/site2022\/#organization\"},\"potentialAction\":[{\"@type\":\"SearchAction\",\"target\":{\"@type\":\"EntryPoint\",\"urlTemplate\":\"https:\/\/sindicatodosbancarios.org.br\/site2022\/?s={search_term_string}\"},\"query-input\":\"required name=search_term_string\"}],\"inLanguage\":\"pt-BR\"},{\"@type\":\"Organization\",\"@id\":\"https:\/\/sindicatodosbancarios.org.br\/site2022\/#organization\",\"name\":\"Sindicato dos Banc\u00e1rios de S\u00e3o Bento do Sul e Regi\u00e3o\",\"url\":\"https:\/\/sindicatodosbancarios.org.br\/site2022\/\",\"logo\":{\"@type\":\"ImageObject\",\"inLanguage\":\"pt-BR\",\"@id\":\"https:\/\/sindicatodosbancarios.org.br\/site2022\/#\/schema\/logo\/image\/\",\"url\":\"https:\/\/sindicatodosbancarios.org.br\/site2022\/wp-content\/uploads\/2017\/06\/cropped-logo-2.png\",\"contentUrl\":\"https:\/\/sindicatodosbancarios.org.br\/site2022\/wp-content\/uploads\/2017\/06\/cropped-logo-2.png\",\"width\":292,\"height\":292,\"caption\":\"Sindicato dos Banc\u00e1rios de S\u00e3o Bento do Sul e Regi\u00e3o\"},\"image\":{\"@id\":\"https:\/\/sindicatodosbancarios.org.br\/site2022\/#\/schema\/logo\/image\/\"}},{\"@type\":\"Person\",\"@id\":\"https:\/\/sindicatodosbancarios.org.br\/site2022\/#\/schema\/person\/a7d92da77d1084df4d28b57962f1e1bd\",\"name\":\"Sindicato dos Banc\u00e1rios S\u00e3o Bento do Sul e Regi\u00e3o\",\"image\":{\"@type\":\"ImageObject\",\"inLanguage\":\"pt-BR\",\"@id\":\"https:\/\/sindicatodosbancarios.org.br\/site2022\/#\/schema\/person\/image\/\",\"url\":\"https:\/\/secure.gravatar.com\/avatar\/f1d1a06f698f2345352e539387180d42?s=96&d=mm&r=g\",\"contentUrl\":\"https:\/\/secure.gravatar.com\/avatar\/f1d1a06f698f2345352e539387180d42?s=96&d=mm&r=g\",\"caption\":\"Sindicato dos Banc\u00e1rios S\u00e3o Bento do Sul e Regi\u00e3o\"},\"sameAs\":[\"http:\/\/sindicatodosbancarios.org.br\/site2022\/\",\"https:\/\/www.facebook.com\/seeb.sbs.9\"],\"url\":\"https:\/\/sindicatodosbancarios.org.br\/site2022\/author\/sindicatodosbancarios\/\"}]}<\/script>\n<!-- \/ Yoast SEO plugin. -->","yoast_head_json":{"title":"INFORME BANC\u00c1RIO \u2013 238\/2020 Bolsonaro veta amplia\u00e7\u00e3o da desonera\u00e7\u00e3o da folha em san\u00e7\u00e3o da MP do emprego - Sindicato dos Banc\u00e1rios de S\u00e3o Bento do Sul e Regi\u00e3o","robots":{"index":"index","follow":"follow","max-snippet":"max-snippet:-1","max-image-preview":"max-image-preview:large","max-video-preview":"max-video-preview:-1"},"canonical":"https:\/\/sindicatodosbancarios.org.br\/site2022\/2020\/07\/13\/informe-bancario-238-2020-bolsonaro-veta-ampliacao-da-desoneracao-da-folha-em-sancao-da-mp-do-emprego\/","og_locale":"pt_BR","og_type":"article","og_title":"INFORME BANC\u00c1RIO \u2013 238\/2020 Bolsonaro veta amplia\u00e7\u00e3o da desonera\u00e7\u00e3o da folha em san\u00e7\u00e3o da MP do emprego - Sindicato dos Banc\u00e1rios de S\u00e3o Bento do Sul e Regi\u00e3o","og_description":"O presidente Jair Bolsonaro (sem partido) vetou 13 pontos da lei que cria o Programa Emergencial de Manuten\u00e7\u00e3o [&hellip;]","og_url":"https:\/\/sindicatodosbancarios.org.br\/site2022\/2020\/07\/13\/informe-bancario-238-2020-bolsonaro-veta-ampliacao-da-desoneracao-da-folha-em-sancao-da-mp-do-emprego\/","og_site_name":"Sindicato dos Banc\u00e1rios de S\u00e3o Bento do Sul e Regi\u00e3o","article_author":"https:\/\/www.facebook.com\/seeb.sbs.9","article_published_time":"2020-07-13T11:41:02+00:00","og_image":[{"width":900,"height":506,"url":"https:\/\/sindicatodosbancarios.org.br\/site2022\/wp-content\/uploads\/2020\/07\/bolsonaro-e-guedes-de-mascara-1589543667128_v2_900x506.jpg","type":"image\/jpeg"}],"author":"Sindicato dos Banc\u00e1rios S\u00e3o Bento do Sul e Regi\u00e3o","twitter_card":"summary_large_image","twitter_misc":{"Escrito por":"Sindicato dos Banc\u00e1rios S\u00e3o Bento do Sul e Regi\u00e3o","Est. tempo de leitura":"4 minutos"},"schema":{"@context":"https:\/\/schema.org","@graph":[{"@type":"Article","@id":"https:\/\/sindicatodosbancarios.org.br\/site2022\/2020\/07\/13\/informe-bancario-238-2020-bolsonaro-veta-ampliacao-da-desoneracao-da-folha-em-sancao-da-mp-do-emprego\/#article","isPartOf":{"@id":"https:\/\/sindicatodosbancarios.org.br\/site2022\/2020\/07\/13\/informe-bancario-238-2020-bolsonaro-veta-ampliacao-da-desoneracao-da-folha-em-sancao-da-mp-do-emprego\/"},"author":{"name":"Sindicato dos Banc\u00e1rios S\u00e3o Bento do Sul e Regi\u00e3o","@id":"https:\/\/sindicatodosbancarios.org.br\/site2022\/#\/schema\/person\/a7d92da77d1084df4d28b57962f1e1bd"},"headline":"INFORME BANC\u00c1RIO \u2013 238\/2020 Bolsonaro veta amplia\u00e7\u00e3o da desonera\u00e7\u00e3o da folha em san\u00e7\u00e3o da MP do emprego","datePublished":"2020-07-13T11:41:02+00:00","dateModified":"2020-07-13T11:41:02+00:00","mainEntityOfPage":{"@id":"https:\/\/sindicatodosbancarios.org.br\/site2022\/2020\/07\/13\/informe-bancario-238-2020-bolsonaro-veta-ampliacao-da-desoneracao-da-folha-em-sancao-da-mp-do-emprego\/"},"wordCount":800,"commentCount":0,"publisher":{"@id":"https:\/\/sindicatodosbancarios.org.br\/site2022\/#organization"},"keywords":["ACORDO","CORONAV\u00cdRUS","CRISE","ESTRAT\u00c9GIA","MERCADO DE TRABALHO","PANDEMIA","PLANO ECONOMICO","sindicato dos bancarios","sindicato dos banc\u00e1rios de s\u00e3o bento do sul"],"articleSection":["Geral"],"inLanguage":"pt-BR","potentialAction":[{"@type":"CommentAction","name":"Comment","target":["https:\/\/sindicatodosbancarios.org.br\/site2022\/2020\/07\/13\/informe-bancario-238-2020-bolsonaro-veta-ampliacao-da-desoneracao-da-folha-em-sancao-da-mp-do-emprego\/#respond"]}]},{"@type":"WebPage","@id":"https:\/\/sindicatodosbancarios.org.br\/site2022\/2020\/07\/13\/informe-bancario-238-2020-bolsonaro-veta-ampliacao-da-desoneracao-da-folha-em-sancao-da-mp-do-emprego\/","url":"https:\/\/sindicatodosbancarios.org.br\/site2022\/2020\/07\/13\/informe-bancario-238-2020-bolsonaro-veta-ampliacao-da-desoneracao-da-folha-em-sancao-da-mp-do-emprego\/","name":"INFORME BANC\u00c1RIO \u2013 238\/2020 Bolsonaro veta amplia\u00e7\u00e3o da desonera\u00e7\u00e3o da folha em san\u00e7\u00e3o da MP do emprego - Sindicato dos Banc\u00e1rios de S\u00e3o Bento do Sul e Regi\u00e3o","isPartOf":{"@id":"https:\/\/sindicatodosbancarios.org.br\/site2022\/#website"},"datePublished":"2020-07-13T11:41:02+00:00","dateModified":"2020-07-13T11:41:02+00:00","breadcrumb":{"@id":"https:\/\/sindicatodosbancarios.org.br\/site2022\/2020\/07\/13\/informe-bancario-238-2020-bolsonaro-veta-ampliacao-da-desoneracao-da-folha-em-sancao-da-mp-do-emprego\/#breadcrumb"},"inLanguage":"pt-BR","potentialAction":[{"@type":"ReadAction","target":["https:\/\/sindicatodosbancarios.org.br\/site2022\/2020\/07\/13\/informe-bancario-238-2020-bolsonaro-veta-ampliacao-da-desoneracao-da-folha-em-sancao-da-mp-do-emprego\/"]}]},{"@type":"BreadcrumbList","@id":"https:\/\/sindicatodosbancarios.org.br\/site2022\/2020\/07\/13\/informe-bancario-238-2020-bolsonaro-veta-ampliacao-da-desoneracao-da-folha-em-sancao-da-mp-do-emprego\/#breadcrumb","itemListElement":[{"@type":"ListItem","position":1,"name":"In\u00edcio","item":"https:\/\/sindicatodosbancarios.org.br\/site2022\/"},{"@type":"ListItem","position":2,"name":"INFORME BANC\u00c1RIO \u2013 238\/2020 Bolsonaro veta amplia\u00e7\u00e3o da desonera\u00e7\u00e3o da folha em san\u00e7\u00e3o da MP do emprego"}]},{"@type":"WebSite","@id":"https:\/\/sindicatodosbancarios.org.br\/site2022\/#website","url":"https:\/\/sindicatodosbancarios.org.br\/site2022\/","name":"Sindicato dos Banc\u00e1rios de S\u00e3o Bento do Sul e Regi\u00e3o","description":"Website institucional do Sindicato dos Banc\u00e1rios de S\u00e3o Bento do Sul e Regi\u00e3o","publisher":{"@id":"https:\/\/sindicatodosbancarios.org.br\/site2022\/#organization"},"potentialAction":[{"@type":"SearchAction","target":{"@type":"EntryPoint","urlTemplate":"https:\/\/sindicatodosbancarios.org.br\/site2022\/?s={search_term_string}"},"query-input":"required name=search_term_string"}],"inLanguage":"pt-BR"},{"@type":"Organization","@id":"https:\/\/sindicatodosbancarios.org.br\/site2022\/#organization","name":"Sindicato dos Banc\u00e1rios de S\u00e3o Bento do Sul e Regi\u00e3o","url":"https:\/\/sindicatodosbancarios.org.br\/site2022\/","logo":{"@type":"ImageObject","inLanguage":"pt-BR","@id":"https:\/\/sindicatodosbancarios.org.br\/site2022\/#\/schema\/logo\/image\/","url":"https:\/\/sindicatodosbancarios.org.br\/site2022\/wp-content\/uploads\/2017\/06\/cropped-logo-2.png","contentUrl":"https:\/\/sindicatodosbancarios.org.br\/site2022\/wp-content\/uploads\/2017\/06\/cropped-logo-2.png","width":292,"height":292,"caption":"Sindicato dos Banc\u00e1rios de S\u00e3o Bento do Sul e Regi\u00e3o"},"image":{"@id":"https:\/\/sindicatodosbancarios.org.br\/site2022\/#\/schema\/logo\/image\/"}},{"@type":"Person","@id":"https:\/\/sindicatodosbancarios.org.br\/site2022\/#\/schema\/person\/a7d92da77d1084df4d28b57962f1e1bd","name":"Sindicato dos Banc\u00e1rios S\u00e3o Bento do Sul e Regi\u00e3o","image":{"@type":"ImageObject","inLanguage":"pt-BR","@id":"https:\/\/sindicatodosbancarios.org.br\/site2022\/#\/schema\/person\/image\/","url":"https:\/\/secure.gravatar.com\/avatar\/f1d1a06f698f2345352e539387180d42?s=96&d=mm&r=g","contentUrl":"https:\/\/secure.gravatar.com\/avatar\/f1d1a06f698f2345352e539387180d42?s=96&d=mm&r=g","caption":"Sindicato dos Banc\u00e1rios S\u00e3o Bento do Sul e Regi\u00e3o"},"sameAs":["http:\/\/sindicatodosbancarios.org.br\/site2022\/","https:\/\/www.facebook.com\/seeb.sbs.9"],"url":"https:\/\/sindicatodosbancarios.org.br\/site2022\/author\/sindicatodosbancarios\/"}]}},"jetpack_featured_media_url":"https:\/\/sindicatodosbancarios.org.br\/site2022\/wp-content\/uploads\/2020\/07\/bolsonaro-e-guedes-de-mascara-1589543667128_v2_900x506.jpg","jetpack_sharing_enabled":true,"jetpack_shortlink":"https:\/\/wp.me\/p8RSbI-13N","jetpack-related-posts":[{"id":4305,"url":"https:\/\/sindicatodosbancarios.org.br\/site2022\/2020\/08\/20\/informe-bancario-304-2020-pandemia-reduziu-reajustes-salariais-no-1o-semestre-em-28-diz-pesquisa\/","url_meta":{"origin":4079,"position":0},"title":"INFORME BANC\u00c1RIO \u2013 304\/2020 Pandemia reduziu reajustes salariais no 1\u00ba semestre em 28%, diz pesquisa","date":"20 de agosto de 2020","format":false,"excerpt":"Boletim produzido pelo Dieese (Departamento Intersindical de Estat\u00edstica e Estudos Socioecon\u00f4micos) e divulgado hoje apontou algumas das principais mudan\u00e7as nas negocia\u00e7\u00f5es trabalhistas coletivas ao longo do primeiro semestre, afetado pela pandemia do novo coronav\u00edrus. Segundo o documento, o n\u00famero de cl\u00e1usulas relativas a reajuste salarial foi 28% menor ao registrado\u2026","rel":"","context":"Em &quot;Geral&quot;","img":{"alt_text":"","src":"https:\/\/i0.wp.com\/sindicatodosbancarios.org.br\/site2022\/wp-content\/uploads\/2020\/08\/carteira-de-trabalho-1579890725178_v2_900x506.jpg?resize=350%2C200&ssl=1","width":350,"height":200},"classes":[]},{"id":4914,"url":"https:\/\/sindicatodosbancarios.org.br\/site2022\/2020\/12\/18\/informe-bancario-469-2020-governo-inclui-coronavac-em-plano-de-imunizacao-contra-covid-19\/","url_meta":{"origin":4079,"position":1},"title":"INFORME BANC\u00c1RIO \u2013 469\/2020 Governo inclui Coronavac em plano de imuniza\u00e7\u00e3o contra Covid-19","date":"18 de dezembro de 2020","format":false,"excerpt":"Em meio \u00e0 politiza\u00e7\u00e3o da vacina\u00e7\u00e3o contra a Covid-19 e com o presidente Jair Bolsonaro (sem partido) capitaneando discurso antivacina, o Minist\u00e9rio da Sa\u00fade anunciou nesta quarta-feira (16) a inclus\u00e3o da Coronavac, do Butantan, em uma lista chamada de \"ades\u00e3o do Brasil \u00e0s vacinas\". A lista cita a vacina de\u2026","rel":"","context":"Em &quot;Geral&quot;","img":{"alt_text":"","src":"https:\/\/i0.wp.com\/sindicatodosbancarios.org.br\/site2022\/wp-content\/uploads\/2020\/12\/o-governador-de-sao-paulo-joao-doria-psdb-o-secretario-estadual-de-saude-jean-gorinchteyn-e-o-diretor-do-instituto-butantan-dimas-covas-recebem-doses-da-coronavac-no-aeroporto-internaci.jpg?resize=350%2C200&ssl=1","width":350,"height":200},"classes":[]},{"id":4583,"url":"https:\/\/sindicatodosbancarios.org.br\/site2022\/2020\/10\/02\/informe-bancario-374-2020-caged-saldo-liquido-de-emprego-formal-foi-positivo-em-249-388-vagas-em-agosto\/","url_meta":{"origin":4079,"position":2},"title":"INFORME BANC\u00c1RIO \u2013 374\/2020 Caged: Saldo l\u00edquido de emprego formal foi positivo em 249.388 vagas em agosto","date":"2 de outubro de 2020","format":false,"excerpt":"Depois de ser fortemente atingido pela pandemia do coronav\u00edrus, o mercado de trabalho formal registrou mais contrata\u00e7\u00f5es do que demiss\u00f5es pelo segundo m\u00eas consecutivo. Em agosto, houve a abertura l\u00edquida de 249.388 empregos com carteira assinada em agosto, de acordo com os dados do Cadastro Geral de Empregados e Desempregados\u2026","rel":"","context":"Em &quot;Geral&quot;","img":{"alt_text":"","src":"https:\/\/i0.wp.com\/sindicatodosbancarios.org.br\/site2022\/wp-content\/uploads\/2020\/10\/o-que-e-emprego-formal-e-como-conseguir-o-seu-este-ano_Prancheta-1.jpg?resize=350%2C200&ssl=1","width":350,"height":200},"classes":[]},{"id":4921,"url":"https:\/\/sindicatodosbancarios.org.br\/site2022\/2020\/12\/22\/informe-bancario-471-2020-bolsonaro-da-cavalo-de-pau-na-coronavac-movido-pelo-medo-da-concorrencia\/","url_meta":{"origin":4079,"position":3},"title":"INFORME BANC\u00c1RIO \u2013 471\/2020 Bolsonaro d\u00e1 cavalo-de-pau na Coronavac movido pelo medo da concorr\u00eancia","date":"22 de dezembro de 2020","format":false,"excerpt":"Parecia outro presidente. No discurso de hoje de manh\u00e3 em que anunciou o que o governo chamou de \"plano de vacina\u00e7\u00e3o contra a covid-19\", Jair Bolsonaro usou belas palavras e magn\u00e2nimas express\u00f5es, todas ausentes de seu repert\u00f3rio tradicional. Defendeu a \"a uni\u00e3o\" para combater \"algo que nos aflige h\u00e1 meses\"\u2026","rel":"","context":"Em &quot;Geral&quot;","img":{"alt_text":"","src":"https:\/\/i0.wp.com\/sindicatodosbancarios.org.br\/site2022\/wp-content\/uploads\/2020\/10\/49782687922_8d1aaf7e1a_k-1.jpg?resize=350%2C200&ssl=1","width":350,"height":200},"classes":[]},{"id":5093,"url":"https:\/\/sindicatodosbancarios.org.br\/site2022\/2021\/02\/03\/informe-bancario-39-2021-ao-lado-de-bolsonaro-fux-desmente-de-novo-que-stf-proibiu-governo-federal-de-agir-em-pandemia\/","url_meta":{"origin":4079,"position":4},"title":"INFORME BANC\u00c1RIO \u2013 39\/2021 Ao lado de Bolsonaro, Fux desmente de novo que STF proibiu governo federal de agir em pandemia","date":"3 de fevereiro de 2021","format":false,"excerpt":"Fux disse ainda que n\u00e3o se deve \"ouvir as vozes isoladas, pessoas que abusam da liberdade de express\u00e3o\" e que a ci\u00eancia ir\u00e1 vencer a Covid-19 BRAS\u00cdLIA \u2013 Ao lado do presidente Jair Bolsonaro, o presidente do Supremo Tribunal Federal (STF), Luiz Fux, aproveitou a abertura do ano do Judici\u00e1rio\u2026","rel":"","context":"Em &quot;Geral&quot;","img":{"alt_text":"","src":"https:\/\/i0.wp.com\/sindicatodosbancarios.org.br\/site2022\/wp-content\/uploads\/2021\/02\/luiz-fux.jpg?resize=350%2C200&ssl=1","width":350,"height":200},"classes":[]},{"id":5331,"url":"https:\/\/sindicatodosbancarios.org.br\/site2022\/2021\/04\/22\/informe-bancarios-105-2021-com-pandemia-49-milhoes-saem-da-classe-media-para-a-baixa-diz-estudo\/","url_meta":{"origin":4079,"position":5},"title":"INFORME BANC\u00c1RIOS \u2013 105\/2021 Com pandemia, 4,9 milh\u00f5es saem da classe m\u00e9dia para a baixa, diz estudo","date":"22 de abril de 2021","format":false,"excerpt":"A pandemia do novo coronav\u00edrus fez com que 4,9 milh\u00f5es de brasileiros sa\u00edssem da chamada classe m\u00e9dia, migrando para a classe baixa. Com 100,1 milh\u00f5es de pessoas com renda familiar de R$ 2.971,37 a R$ 7.202,57, \u00e9 a primeira vez em 10 anos que o grupo se iguala aos que\u2026","rel":"","context":"Em &quot;Geral&quot;","img":{"alt_text":"","src":"https:\/\/i0.wp.com\/sindicatodosbancarios.org.br\/site2022\/wp-content\/uploads\/2021\/04\/classe_media.jpg?resize=350%2C200&ssl=1","width":350,"height":200},"classes":[]}],"_links":{"self":[{"href":"https:\/\/sindicatodosbancarios.org.br\/site2022\/wp-json\/wp\/v2\/posts\/4079"}],"collection":[{"href":"https:\/\/sindicatodosbancarios.org.br\/site2022\/wp-json\/wp\/v2\/posts"}],"about":[{"href":"https:\/\/sindicatodosbancarios.org.br\/site2022\/wp-json\/wp\/v2\/types\/post"}],"author":[{"embeddable":true,"href":"https:\/\/sindicatodosbancarios.org.br\/site2022\/wp-json\/wp\/v2\/users\/2"}],"replies":[{"embeddable":true,"href":"https:\/\/sindicatodosbancarios.org.br\/site2022\/wp-json\/wp\/v2\/comments?post=4079"}],"version-history":[{"count":1,"href":"https:\/\/sindicatodosbancarios.org.br\/site2022\/wp-json\/wp\/v2\/posts\/4079\/revisions"}],"predecessor-version":[{"id":4081,"href":"https:\/\/sindicatodosbancarios.org.br\/site2022\/wp-json\/wp\/v2\/posts\/4079\/revisions\/4081"}],"wp:featuredmedia":[{"embeddable":true,"href":"https:\/\/sindicatodosbancarios.org.br\/site2022\/wp-json\/wp\/v2\/media\/4080"}],"wp:attachment":[{"href":"https:\/\/sindicatodosbancarios.org.br\/site2022\/wp-json\/wp\/v2\/media?parent=4079"}],"wp:term":[{"taxonomy":"category","embeddable":true,"href":"https:\/\/sindicatodosbancarios.org.br\/site2022\/wp-json\/wp\/v2\/categories?post=4079"},{"taxonomy":"post_tag","embeddable":true,"href":"https:\/\/sindicatodosbancarios.org.br\/site2022\/wp-json\/wp\/v2\/tags?post=4079"}],"curies":[{"name":"wp","href":"https:\/\/api.w.org\/{rel}","templated":true}]}}