{"id":4087,"date":"2020-07-14T09:58:08","date_gmt":"2020-07-14T12:58:08","guid":{"rendered":"https:\/\/sindicatodosbancarios.org.br\/?p=4087"},"modified":"2020-07-14T09:58:08","modified_gmt":"2020-07-14T12:58:08","slug":"informe-bancario-240-2020-como-esperado-la-vem-a-demanda-por-mais-impostos","status":"publish","type":"post","link":"https:\/\/sindicatodosbancarios.org.br\/site2022\/2020\/07\/14\/informe-bancario-240-2020-como-esperado-la-vem-a-demanda-por-mais-impostos\/","title":{"rendered":"INFORME BANC\u00c1RIO \u2013 240\/2020 Como Esperado: l\u00e1 vem a demanda por mais impostos"},"content":{"rendered":"<div class=\"title\"><strong>Arilton Teixeira<\/strong><\/div>\n<div class=\"desc\"><strong>PhD em Economia e especialista em Crescimento e Desenvolvimento Econ\u00f4mico.<\/strong><\/div>\n<div><\/div>\n<div><span style=\"font-size: 14pt;\"><strong>O setor p\u00fablico n\u00e3o corta sal\u00e1rios, n\u00e3o diminui gastos, mas quer bitributar o setor privado<\/strong><\/span><\/div>\n<div><\/div>\n<div><span style=\"font-size: 14pt; font-family: georgia, palatino, serif;\">A pandemia do Covid-19 e o fechamento das cidades agravaram o d\u00e9ficit p\u00fablico no Brasil, nos tr\u00eas n\u00edveis de governo. Por um lado, a recess\u00e3o reduziu a receita tribut\u00e1ria. Por outro, a falta de medidas para ajuste dos gastos correntes, manteve os gastos nos n\u00edveis pr\u00e9-pandemia.<\/span><\/div>\n<div><\/div>\n<div><span style=\"font-size: 14pt; font-family: georgia, palatino, serif;\">Em particular, enquanto o setor privado interrompeu a produ\u00e7\u00e3o, demitiu, suspendeu ou ajustou sal\u00e1rio e carga de trabalho, o setor p\u00fablico nada fez. O funcionalismo est\u00e1 em casa recebendo sal\u00e1rio integral (exceto, por exemplo, m\u00e9dicos e funcion\u00e1rios da sa\u00fade que est\u00e3o na linha de frente no combate a doen\u00e7a).<\/span><\/div>\n<div>\n<p><span style=\"font-family: georgia, palatino, serif; font-size: 14pt;\">Nenhuma iniciativa foi tomada na tentativa de aprovar no Congresso medidas que permitissem usar no setor p\u00fablico, o mesmo ajuste implantado no setor privado.<\/span><\/p>\n<p><span style=\"font-family: georgia, palatino, serif; font-size: 14pt;\">Mas, depois de tr\u00eas meses de fechamento da economia e vendo a queda das receitas, come\u00e7am a surgir no Congresso medidas para aumentar a taxa\u00e7\u00e3o das empresas. Uma das favoritas, a volta da bitributa\u00e7\u00e3o dos dividendos.<\/span><\/p>\n<p><span style=\"font-family: georgia, palatino, serif; font-size: 14pt;\">Vejamos, as empresas pagam imposto de renda e CSLL sobre o lucro. Feito isto, distribuem o lucro restante na forma de dividendos. \u00c9 exatamente aqui que os projetos querem atuar. Alguns congressistas dizem que distribuindo os dividendos aos investidores\/donos das empresas, este dividendo deveria ser novamente taxado.<\/span><\/p>\n<p><span style=\"font-family: georgia, palatino, serif; font-size: 14pt;\">Entre os argumentos a favor desta bitributa\u00e7\u00e3o tem alguns muito utilizados. Um dos argumentos diz que o Brasil \u00e9 o \u00fanico pais que n\u00e3o tributa os dividendos. Como o paragrafo anterior discute, isto \u00e9 incorreto. O Brasil n\u00e3o faz bitributa\u00e7\u00e3o dos dividendos. Passemos, ent\u00e3o, a analisar a bitributa\u00e7\u00e3o dos dividendos.<\/span><\/p>\n<p><span style=\"font-family: georgia, palatino, serif; font-size: 14pt;\">Primeiro, ainda que fosse o \u00fanico a n\u00e3o bitributar, taxar duas vezes os ganhos daqueles que tomam risco investindo \u00e9 uma forma a mais de desincentivar o investimento, que gera aumento da produ\u00e7\u00e3o e empregos.<\/span><\/p>\n<p><span style=\"font-family: georgia, palatino, serif; font-size: 14pt;\">Segundo, se o objetivo \u00e9 comparar o Brasil com o resto do mundo, temos que ir um pouco mais longe. Temos que saber quais pa\u00edses do mundo tem a CSLL (outro impostos sobre o lucro) ou PIS\/COFINS (impostos sobre a receita das empresas). Veremos que estes impostos s\u00e3o restritos ao Brasil.<\/span><\/p>\n<p><span style=\"font-family: georgia, palatino, serif; font-size: 14pt;\">Assim, o Brasil tem dois impostos que taxam os lucros das empresas: IRPJ e CSLL. Mas, alem destes, tem impostos que incidem sobre a receita: PIS\/COFINS. Fora outras jabuticabas, como IPI (bitributa\u00e7\u00e3o dos bens manufaturados) e CIDE (britributa\u00e7\u00e3o dos combust\u00edveis).<\/span><\/p>\n<p><span style=\"font-family: georgia, palatino, serif; font-size: 14pt;\">Em s\u00edntese, o Brasil tributa e muito a renda das empresas. Pior ainda, estes impostos n\u00e3o s\u00e3o revertidos em melhorias para a popula\u00e7\u00e3o. Ao inv\u00e9s de querer punir ainda mais o setor privado, o governo deveria fazer seu dever de casa.<\/span><\/p>\n<p><span style=\"font-family: georgia, palatino, serif; font-size: 14pt;\">Cortar os enormes sal\u00e1rios, demitir e se ajustar a m\u00e1quina p\u00fablica. Sem isto, aumentar os impostos ir\u00e1 reduzir ainda mais o j\u00e1 mediocre crescimento do Brasil das \u00faltimas d\u00e9cadas.<\/span><\/p>\n<p><span style=\"font-size: 8pt;\">Fonte MBL News, 06\/07\/2020<\/span><\/p>\n<p>&nbsp;<\/p>\n<\/div>\n","protected":false},"excerpt":{"rendered":"<p>Arilton Teixeira PhD em Economia e especialista em Crescimento e Desenvolvimento Econ\u00f4mico. O setor p\u00fablico n\u00e3o corta sal\u00e1rios, [&hellip;]<\/p>\n","protected":false},"author":2,"featured_media":4088,"comment_status":"open","ping_status":"open","sticky":false,"template":"","format":"standard","meta":{"jetpack_post_was_ever_published":false,"jetpack_publicize_message":"","jetpack_is_tweetstorm":false,"jetpack_publicize_feature_enabled":true,"jetpack_social_post_already_shared":true,"jetpack_social_options":[]},"categories":[1],"tags":[81,68,98,73,86,87,84,60,88,47,53],"jetpack_publicize_connections":[],"acf":[],"yoast_head":"<!-- This site is optimized with the Yoast SEO plugin v19.14 - https:\/\/yoast.com\/wordpress\/plugins\/seo\/ -->\n<title>INFORME BANC\u00c1RIO \u2013 240\/2020 Como Esperado: l\u00e1 vem a demanda por mais impostos - Sindicato dos Banc\u00e1rios de S\u00e3o Bento do Sul e Regi\u00e3o<\/title>\n<meta name=\"robots\" content=\"index, follow, max-snippet:-1, max-image-preview:large, max-video-preview:-1\" \/>\n<link rel=\"canonical\" href=\"https:\/\/sindicatodosbancarios.org.br\/site2022\/2020\/07\/14\/informe-bancario-240-2020-como-esperado-la-vem-a-demanda-por-mais-impostos\/\" \/>\n<meta property=\"og:locale\" content=\"pt_BR\" \/>\n<meta property=\"og:type\" content=\"article\" \/>\n<meta property=\"og:title\" content=\"INFORME BANC\u00c1RIO \u2013 240\/2020 Como Esperado: l\u00e1 vem a demanda por mais impostos - Sindicato dos Banc\u00e1rios de S\u00e3o Bento do Sul e Regi\u00e3o\" \/>\n<meta property=\"og:description\" content=\"Arilton Teixeira PhD em Economia e especialista em Crescimento e Desenvolvimento Econ\u00f4mico. O setor p\u00fablico n\u00e3o corta sal\u00e1rios, [&hellip;]\" \/>\n<meta property=\"og:url\" content=\"https:\/\/sindicatodosbancarios.org.br\/site2022\/2020\/07\/14\/informe-bancario-240-2020-como-esperado-la-vem-a-demanda-por-mais-impostos\/\" \/>\n<meta property=\"og:site_name\" content=\"Sindicato dos Banc\u00e1rios de S\u00e3o Bento do Sul e Regi\u00e3o\" \/>\n<meta property=\"article:author\" content=\"https:\/\/www.facebook.com\/seeb.sbs.9\" \/>\n<meta property=\"article:published_time\" content=\"2020-07-14T12:58:08+00:00\" \/>\n<meta property=\"og:image\" content=\"https:\/\/sindicatodosbancarios.org.br\/site2022\/wp-content\/uploads\/2020\/07\/paulo-guedes-rodrigo-maia.jpg\" \/>\n\t<meta property=\"og:image:width\" content=\"1500\" \/>\n\t<meta property=\"og:image:height\" content=\"1000\" \/>\n\t<meta property=\"og:image:type\" content=\"image\/jpeg\" \/>\n<meta name=\"author\" content=\"Sindicato dos Banc\u00e1rios S\u00e3o Bento do Sul e Regi\u00e3o\" \/>\n<meta name=\"twitter:card\" content=\"summary_large_image\" \/>\n<meta name=\"twitter:label1\" content=\"Escrito por\" \/>\n\t<meta name=\"twitter:data1\" content=\"Sindicato dos Banc\u00e1rios S\u00e3o Bento do Sul e Regi\u00e3o\" \/>\n\t<meta name=\"twitter:label2\" content=\"Est. tempo de leitura\" \/>\n\t<meta name=\"twitter:data2\" content=\"3 minutos\" \/>\n<script type=\"application\/ld+json\" class=\"yoast-schema-graph\">{\"@context\":\"https:\/\/schema.org\",\"@graph\":[{\"@type\":\"Article\",\"@id\":\"https:\/\/sindicatodosbancarios.org.br\/site2022\/2020\/07\/14\/informe-bancario-240-2020-como-esperado-la-vem-a-demanda-por-mais-impostos\/#article\",\"isPartOf\":{\"@id\":\"https:\/\/sindicatodosbancarios.org.br\/site2022\/2020\/07\/14\/informe-bancario-240-2020-como-esperado-la-vem-a-demanda-por-mais-impostos\/\"},\"author\":{\"name\":\"Sindicato dos Banc\u00e1rios S\u00e3o Bento do Sul e Regi\u00e3o\",\"@id\":\"https:\/\/sindicatodosbancarios.org.br\/site2022\/#\/schema\/person\/a7d92da77d1084df4d28b57962f1e1bd\"},\"headline\":\"INFORME BANC\u00c1RIO \u2013 240\/2020 Como Esperado: l\u00e1 vem a demanda por mais impostos\",\"datePublished\":\"2020-07-14T12:58:08+00:00\",\"dateModified\":\"2020-07-14T12:58:08+00:00\",\"mainEntityOfPage\":{\"@id\":\"https:\/\/sindicatodosbancarios.org.br\/site2022\/2020\/07\/14\/informe-bancario-240-2020-como-esperado-la-vem-a-demanda-por-mais-impostos\/\"},\"wordCount\":538,\"commentCount\":0,\"publisher\":{\"@id\":\"https:\/\/sindicatodosbancarios.org.br\/site2022\/#organization\"},\"keywords\":[\"ACORDO\",\"aumento\",\"BOLSONARO\",\"CORONAV\u00cdRUS\",\"CRESCIMENTO\",\"CRISE\",\"ESTRAT\u00c9GIA\",\"PAULO GUEDES\",\"PLANO ECONOMICO\",\"sindicato dos bancarios\",\"sindicato dos banc\u00e1rios de s\u00e3o bento do sul\"],\"articleSection\":[\"Geral\"],\"inLanguage\":\"pt-BR\",\"potentialAction\":[{\"@type\":\"CommentAction\",\"name\":\"Comment\",\"target\":[\"https:\/\/sindicatodosbancarios.org.br\/site2022\/2020\/07\/14\/informe-bancario-240-2020-como-esperado-la-vem-a-demanda-por-mais-impostos\/#respond\"]}]},{\"@type\":\"WebPage\",\"@id\":\"https:\/\/sindicatodosbancarios.org.br\/site2022\/2020\/07\/14\/informe-bancario-240-2020-como-esperado-la-vem-a-demanda-por-mais-impostos\/\",\"url\":\"https:\/\/sindicatodosbancarios.org.br\/site2022\/2020\/07\/14\/informe-bancario-240-2020-como-esperado-la-vem-a-demanda-por-mais-impostos\/\",\"name\":\"INFORME BANC\u00c1RIO \u2013 240\/2020 Como Esperado: l\u00e1 vem a demanda por mais impostos - Sindicato dos Banc\u00e1rios de S\u00e3o Bento do Sul e Regi\u00e3o\",\"isPartOf\":{\"@id\":\"https:\/\/sindicatodosbancarios.org.br\/site2022\/#website\"},\"datePublished\":\"2020-07-14T12:58:08+00:00\",\"dateModified\":\"2020-07-14T12:58:08+00:00\",\"breadcrumb\":{\"@id\":\"https:\/\/sindicatodosbancarios.org.br\/site2022\/2020\/07\/14\/informe-bancario-240-2020-como-esperado-la-vem-a-demanda-por-mais-impostos\/#breadcrumb\"},\"inLanguage\":\"pt-BR\",\"potentialAction\":[{\"@type\":\"ReadAction\",\"target\":[\"https:\/\/sindicatodosbancarios.org.br\/site2022\/2020\/07\/14\/informe-bancario-240-2020-como-esperado-la-vem-a-demanda-por-mais-impostos\/\"]}]},{\"@type\":\"BreadcrumbList\",\"@id\":\"https:\/\/sindicatodosbancarios.org.br\/site2022\/2020\/07\/14\/informe-bancario-240-2020-como-esperado-la-vem-a-demanda-por-mais-impostos\/#breadcrumb\",\"itemListElement\":[{\"@type\":\"ListItem\",\"position\":1,\"name\":\"In\u00edcio\",\"item\":\"https:\/\/sindicatodosbancarios.org.br\/site2022\/\"},{\"@type\":\"ListItem\",\"position\":2,\"name\":\"INFORME BANC\u00c1RIO \u2013 240\/2020 Como Esperado: l\u00e1 vem a demanda por mais impostos\"}]},{\"@type\":\"WebSite\",\"@id\":\"https:\/\/sindicatodosbancarios.org.br\/site2022\/#website\",\"url\":\"https:\/\/sindicatodosbancarios.org.br\/site2022\/\",\"name\":\"Sindicato dos Banc\u00e1rios de S\u00e3o Bento do Sul e Regi\u00e3o\",\"description\":\"Website institucional do Sindicato dos Banc\u00e1rios de S\u00e3o Bento do Sul e Regi\u00e3o\",\"publisher\":{\"@id\":\"https:\/\/sindicatodosbancarios.org.br\/site2022\/#organization\"},\"potentialAction\":[{\"@type\":\"SearchAction\",\"target\":{\"@type\":\"EntryPoint\",\"urlTemplate\":\"https:\/\/sindicatodosbancarios.org.br\/site2022\/?s={search_term_string}\"},\"query-input\":\"required name=search_term_string\"}],\"inLanguage\":\"pt-BR\"},{\"@type\":\"Organization\",\"@id\":\"https:\/\/sindicatodosbancarios.org.br\/site2022\/#organization\",\"name\":\"Sindicato dos Banc\u00e1rios de S\u00e3o Bento do Sul e Regi\u00e3o\",\"url\":\"https:\/\/sindicatodosbancarios.org.br\/site2022\/\",\"logo\":{\"@type\":\"ImageObject\",\"inLanguage\":\"pt-BR\",\"@id\":\"https:\/\/sindicatodosbancarios.org.br\/site2022\/#\/schema\/logo\/image\/\",\"url\":\"https:\/\/sindicatodosbancarios.org.br\/site2022\/wp-content\/uploads\/2017\/06\/cropped-logo-2.png\",\"contentUrl\":\"https:\/\/sindicatodosbancarios.org.br\/site2022\/wp-content\/uploads\/2017\/06\/cropped-logo-2.png\",\"width\":292,\"height\":292,\"caption\":\"Sindicato dos Banc\u00e1rios de S\u00e3o Bento do Sul e Regi\u00e3o\"},\"image\":{\"@id\":\"https:\/\/sindicatodosbancarios.org.br\/site2022\/#\/schema\/logo\/image\/\"}},{\"@type\":\"Person\",\"@id\":\"https:\/\/sindicatodosbancarios.org.br\/site2022\/#\/schema\/person\/a7d92da77d1084df4d28b57962f1e1bd\",\"name\":\"Sindicato dos Banc\u00e1rios S\u00e3o Bento do Sul e Regi\u00e3o\",\"image\":{\"@type\":\"ImageObject\",\"inLanguage\":\"pt-BR\",\"@id\":\"https:\/\/sindicatodosbancarios.org.br\/site2022\/#\/schema\/person\/image\/\",\"url\":\"https:\/\/secure.gravatar.com\/avatar\/f1d1a06f698f2345352e539387180d42?s=96&d=mm&r=g\",\"contentUrl\":\"https:\/\/secure.gravatar.com\/avatar\/f1d1a06f698f2345352e539387180d42?s=96&d=mm&r=g\",\"caption\":\"Sindicato dos Banc\u00e1rios S\u00e3o Bento do Sul e Regi\u00e3o\"},\"sameAs\":[\"http:\/\/sindicatodosbancarios.org.br\/site2022\/\",\"https:\/\/www.facebook.com\/seeb.sbs.9\"],\"url\":\"https:\/\/sindicatodosbancarios.org.br\/site2022\/author\/sindicatodosbancarios\/\"}]}<\/script>\n<!-- \/ Yoast SEO plugin. -->","yoast_head_json":{"title":"INFORME BANC\u00c1RIO \u2013 240\/2020 Como Esperado: l\u00e1 vem a demanda por mais impostos - Sindicato dos Banc\u00e1rios de S\u00e3o Bento do Sul e Regi\u00e3o","robots":{"index":"index","follow":"follow","max-snippet":"max-snippet:-1","max-image-preview":"max-image-preview:large","max-video-preview":"max-video-preview:-1"},"canonical":"https:\/\/sindicatodosbancarios.org.br\/site2022\/2020\/07\/14\/informe-bancario-240-2020-como-esperado-la-vem-a-demanda-por-mais-impostos\/","og_locale":"pt_BR","og_type":"article","og_title":"INFORME BANC\u00c1RIO \u2013 240\/2020 Como Esperado: l\u00e1 vem a demanda por mais impostos - Sindicato dos Banc\u00e1rios de S\u00e3o Bento do Sul e Regi\u00e3o","og_description":"Arilton Teixeira PhD em Economia e especialista em Crescimento e Desenvolvimento Econ\u00f4mico. O setor p\u00fablico n\u00e3o corta sal\u00e1rios, [&hellip;]","og_url":"https:\/\/sindicatodosbancarios.org.br\/site2022\/2020\/07\/14\/informe-bancario-240-2020-como-esperado-la-vem-a-demanda-por-mais-impostos\/","og_site_name":"Sindicato dos Banc\u00e1rios de S\u00e3o Bento do Sul e Regi\u00e3o","article_author":"https:\/\/www.facebook.com\/seeb.sbs.9","article_published_time":"2020-07-14T12:58:08+00:00","og_image":[{"width":1500,"height":1000,"url":"https:\/\/sindicatodosbancarios.org.br\/site2022\/wp-content\/uploads\/2020\/07\/paulo-guedes-rodrigo-maia.jpg","type":"image\/jpeg"}],"author":"Sindicato dos Banc\u00e1rios S\u00e3o Bento do Sul e Regi\u00e3o","twitter_card":"summary_large_image","twitter_misc":{"Escrito por":"Sindicato dos Banc\u00e1rios S\u00e3o Bento do Sul e Regi\u00e3o","Est. tempo de leitura":"3 minutos"},"schema":{"@context":"https:\/\/schema.org","@graph":[{"@type":"Article","@id":"https:\/\/sindicatodosbancarios.org.br\/site2022\/2020\/07\/14\/informe-bancario-240-2020-como-esperado-la-vem-a-demanda-por-mais-impostos\/#article","isPartOf":{"@id":"https:\/\/sindicatodosbancarios.org.br\/site2022\/2020\/07\/14\/informe-bancario-240-2020-como-esperado-la-vem-a-demanda-por-mais-impostos\/"},"author":{"name":"Sindicato dos Banc\u00e1rios S\u00e3o Bento do Sul e Regi\u00e3o","@id":"https:\/\/sindicatodosbancarios.org.br\/site2022\/#\/schema\/person\/a7d92da77d1084df4d28b57962f1e1bd"},"headline":"INFORME BANC\u00c1RIO \u2013 240\/2020 Como Esperado: l\u00e1 vem a demanda por mais impostos","datePublished":"2020-07-14T12:58:08+00:00","dateModified":"2020-07-14T12:58:08+00:00","mainEntityOfPage":{"@id":"https:\/\/sindicatodosbancarios.org.br\/site2022\/2020\/07\/14\/informe-bancario-240-2020-como-esperado-la-vem-a-demanda-por-mais-impostos\/"},"wordCount":538,"commentCount":0,"publisher":{"@id":"https:\/\/sindicatodosbancarios.org.br\/site2022\/#organization"},"keywords":["ACORDO","aumento","BOLSONARO","CORONAV\u00cdRUS","CRESCIMENTO","CRISE","ESTRAT\u00c9GIA","PAULO GUEDES","PLANO ECONOMICO","sindicato dos bancarios","sindicato dos banc\u00e1rios de s\u00e3o bento do sul"],"articleSection":["Geral"],"inLanguage":"pt-BR","potentialAction":[{"@type":"CommentAction","name":"Comment","target":["https:\/\/sindicatodosbancarios.org.br\/site2022\/2020\/07\/14\/informe-bancario-240-2020-como-esperado-la-vem-a-demanda-por-mais-impostos\/#respond"]}]},{"@type":"WebPage","@id":"https:\/\/sindicatodosbancarios.org.br\/site2022\/2020\/07\/14\/informe-bancario-240-2020-como-esperado-la-vem-a-demanda-por-mais-impostos\/","url":"https:\/\/sindicatodosbancarios.org.br\/site2022\/2020\/07\/14\/informe-bancario-240-2020-como-esperado-la-vem-a-demanda-por-mais-impostos\/","name":"INFORME BANC\u00c1RIO \u2013 240\/2020 Como Esperado: l\u00e1 vem a demanda por mais impostos - Sindicato dos Banc\u00e1rios de S\u00e3o Bento do Sul e Regi\u00e3o","isPartOf":{"@id":"https:\/\/sindicatodosbancarios.org.br\/site2022\/#website"},"datePublished":"2020-07-14T12:58:08+00:00","dateModified":"2020-07-14T12:58:08+00:00","breadcrumb":{"@id":"https:\/\/sindicatodosbancarios.org.br\/site2022\/2020\/07\/14\/informe-bancario-240-2020-como-esperado-la-vem-a-demanda-por-mais-impostos\/#breadcrumb"},"inLanguage":"pt-BR","potentialAction":[{"@type":"ReadAction","target":["https:\/\/sindicatodosbancarios.org.br\/site2022\/2020\/07\/14\/informe-bancario-240-2020-como-esperado-la-vem-a-demanda-por-mais-impostos\/"]}]},{"@type":"BreadcrumbList","@id":"https:\/\/sindicatodosbancarios.org.br\/site2022\/2020\/07\/14\/informe-bancario-240-2020-como-esperado-la-vem-a-demanda-por-mais-impostos\/#breadcrumb","itemListElement":[{"@type":"ListItem","position":1,"name":"In\u00edcio","item":"https:\/\/sindicatodosbancarios.org.br\/site2022\/"},{"@type":"ListItem","position":2,"name":"INFORME BANC\u00c1RIO \u2013 240\/2020 Como Esperado: l\u00e1 vem a demanda por mais impostos"}]},{"@type":"WebSite","@id":"https:\/\/sindicatodosbancarios.org.br\/site2022\/#website","url":"https:\/\/sindicatodosbancarios.org.br\/site2022\/","name":"Sindicato dos Banc\u00e1rios de S\u00e3o Bento do Sul e Regi\u00e3o","description":"Website institucional do Sindicato dos Banc\u00e1rios de S\u00e3o Bento do Sul e Regi\u00e3o","publisher":{"@id":"https:\/\/sindicatodosbancarios.org.br\/site2022\/#organization"},"potentialAction":[{"@type":"SearchAction","target":{"@type":"EntryPoint","urlTemplate":"https:\/\/sindicatodosbancarios.org.br\/site2022\/?s={search_term_string}"},"query-input":"required name=search_term_string"}],"inLanguage":"pt-BR"},{"@type":"Organization","@id":"https:\/\/sindicatodosbancarios.org.br\/site2022\/#organization","name":"Sindicato dos Banc\u00e1rios de S\u00e3o Bento do Sul e Regi\u00e3o","url":"https:\/\/sindicatodosbancarios.org.br\/site2022\/","logo":{"@type":"ImageObject","inLanguage":"pt-BR","@id":"https:\/\/sindicatodosbancarios.org.br\/site2022\/#\/schema\/logo\/image\/","url":"https:\/\/sindicatodosbancarios.org.br\/site2022\/wp-content\/uploads\/2017\/06\/cropped-logo-2.png","contentUrl":"https:\/\/sindicatodosbancarios.org.br\/site2022\/wp-content\/uploads\/2017\/06\/cropped-logo-2.png","width":292,"height":292,"caption":"Sindicato dos Banc\u00e1rios de S\u00e3o Bento do Sul e Regi\u00e3o"},"image":{"@id":"https:\/\/sindicatodosbancarios.org.br\/site2022\/#\/schema\/logo\/image\/"}},{"@type":"Person","@id":"https:\/\/sindicatodosbancarios.org.br\/site2022\/#\/schema\/person\/a7d92da77d1084df4d28b57962f1e1bd","name":"Sindicato dos Banc\u00e1rios S\u00e3o Bento do Sul e Regi\u00e3o","image":{"@type":"ImageObject","inLanguage":"pt-BR","@id":"https:\/\/sindicatodosbancarios.org.br\/site2022\/#\/schema\/person\/image\/","url":"https:\/\/secure.gravatar.com\/avatar\/f1d1a06f698f2345352e539387180d42?s=96&d=mm&r=g","contentUrl":"https:\/\/secure.gravatar.com\/avatar\/f1d1a06f698f2345352e539387180d42?s=96&d=mm&r=g","caption":"Sindicato dos Banc\u00e1rios S\u00e3o Bento do Sul e Regi\u00e3o"},"sameAs":["http:\/\/sindicatodosbancarios.org.br\/site2022\/","https:\/\/www.facebook.com\/seeb.sbs.9"],"url":"https:\/\/sindicatodosbancarios.org.br\/site2022\/author\/sindicatodosbancarios\/"}]}},"jetpack_featured_media_url":"https:\/\/sindicatodosbancarios.org.br\/site2022\/wp-content\/uploads\/2020\/07\/paulo-guedes-rodrigo-maia.jpg","jetpack_sharing_enabled":true,"jetpack_shortlink":"https:\/\/wp.me\/p8RSbI-13V","jetpack-related-posts":[{"id":5373,"url":"https:\/\/sindicatodosbancarios.org.br\/site2022\/2021\/05\/05\/informe-bancarios-117-2021-bradesco-volta-a-superar-itau-e-tem-lucro-de-r-65-bilhoes-no-1o-trimestre\/","url_meta":{"origin":4087,"position":0},"title":"INFORME BANC\u00c1RIOS \u2013 117\/2021 Bradesco volta a superar Ita\u00fa e tem lucro de R$ 6,5 bilh\u00f5es no 1\u00ba trimestre","date":"5 de maio de 2021","format":false,"excerpt":"O lucro do Bradesco avan\u00e7ou 73,6% em rela\u00e7\u00e3o ao mesmo per\u00edodo de 2020 e tamb\u00e9m superou as proje\u00e7\u00f5es dos analistas. O Bradesco\u00a0confirmou a tend\u00eancia de recupera\u00e7\u00e3o do resultado dos grandes bancos brasileiros e registrou um\u00a0lucro recorrente de R$ 6,515 bilh\u00f5es no primeiro trimestre\u00a0deste ano, um avan\u00e7o de 73,6% em rela\u00e7\u00e3o\u2026","rel":"","context":"Em &quot;Bradesco\/HSBC&quot;","img":{"alt_text":"","src":"https:\/\/i0.wp.com\/sindicatodosbancarios.org.br\/site2022\/wp-content\/uploads\/2020\/11\/bradesco.jpg?resize=350%2C200&ssl=1","width":350,"height":200},"classes":[]},{"id":4939,"url":"https:\/\/sindicatodosbancarios.org.br\/site2022\/2020\/12\/29\/informe-bancario-477-2020-entenda-o-que-a-pandemia-mudou-para-sempre-no-setor-financeiro-segundo-executivos\/","url_meta":{"origin":4087,"position":1},"title":"INFORME BANC\u00c1RIO \u2013 477\/2020 Entenda o que a pandemia mudou para sempre no setor financeiro, segundo executivos","date":"29 de dezembro de 2020","format":false,"excerpt":"Veja a vis\u00e3o de 5 executivos sobre quais aspectos do setor financeiro nunca mais ser\u00e3o os mesmos A pandemia do coronav\u00edrus e os sem precedentes lockdowns econ\u00f4micos mudaram muitas coisas, incluindo a forma como as pessoas lidam com dinheiro e\u00a0investimentos. Mas quais mudan\u00e7as ser\u00e3o duradouras? Pedimos a alguns\u00a0executivos\u00a0suas opini\u00f5es sobre\u2026","rel":"","context":"Em &quot;Geral&quot;","img":{"alt_text":"","src":"https:\/\/i0.wp.com\/sindicatodosbancarios.org.br\/site2022\/wp-content\/uploads\/2020\/12\/unnamed-1.jpg?resize=350%2C200&ssl=1","width":350,"height":200},"classes":[]},{"id":4326,"url":"https:\/\/sindicatodosbancarios.org.br\/site2022\/2020\/08\/21\/informe-bancario-310-2020-campanha-salarial-2020-fenaban\/","url_meta":{"origin":4087,"position":2},"title":"INFORME BANC\u00c1RIO \u2013 310\/2020 Campanha salarial 2020 \u2013 FENABAN","date":"21 de agosto de 2020","format":false,"excerpt":"A partir das 17h40 desta quinta-feira (20\/8), a Comiss\u00e3o Executiva Banc\u00e1ria Nacional de Negocia\u00e7\u00e3o da CONTEC realizou \u2013 via remota\/virtual \u2013, a oitava reuni\u00e3o com a Comiss\u00e3o de Negocia\u00e7\u00e3o da FENABAN, para dar continuidade aos debates das reivindica\u00e7\u00f5es dos banc\u00e1rios para a presente data-base, com vistas \u00e0 manuten\u00e7\u00e3o dos direitos\u2026","rel":"","context":"Em &quot;Banco do Brasil&quot;","img":{"alt_text":"","src":"https:\/\/i0.wp.com\/sindicatodosbancarios.org.br\/site2022\/wp-content\/uploads\/2020\/08\/BEDD0270-C889-4668-91EC-9BA7152B423F-2.jpeg?resize=350%2C200&ssl=1","width":350,"height":200},"classes":[]},{"id":4213,"url":"https:\/\/sindicatodosbancarios.org.br\/site2022\/2020\/08\/05\/informe-bancario-278-2020-executivo-escolhido-para-presidencia-do-banco-do-brasil-andre-brandao-deve-acelerar-venda-de-ativos\/","url_meta":{"origin":4087,"position":3},"title":"INFORME BANC\u00c1RIO \u2013 278\/2020 Executivo escolhido para presid\u00eancia do Banco do Brasil, Andr\u00e9 Brand\u00e3o deve acelerar venda de ativos","date":"5 de agosto de 2020","format":false,"excerpt":"Essa \u00e9 uma das agendas priorit\u00e1rias para equipe econ\u00f4mica; gest\u00e3o atual teria deixado a desejar nesse quesito, al\u00e9m de ter sido prejudicada pela pandemia. Embora seja mais conhecido pelo trabalho em banco de investimento do que no segmento de varejo, o escolhido para presidir o Banco do Brasil, Andr\u00e9 Brand\u00e3o,\u2026","rel":"","context":"Em &quot;Banco do Brasil&quot;","img":{"alt_text":"","src":"https:\/\/i0.wp.com\/sindicatodosbancarios.org.br\/site2022\/wp-content\/uploads\/2020\/08\/banco-do-brasil-1.jpg?resize=350%2C200&ssl=1","width":350,"height":200},"classes":[]},{"id":4930,"url":"https:\/\/sindicatodosbancarios.org.br\/site2022\/2020\/12\/28\/informe-bancario-474-2020-trabalhadores-remotos-sao-96-dos-ocupados-e-concentram-185-da-massa-salarial\/","url_meta":{"origin":4087,"position":4},"title":"INFORME BANC\u00c1RIO \u2013 474\/2020 Trabalhadores remotos s\u00e3o 9,6% dos ocupados e concentram 18,5% da massa salarial","date":"28 de dezembro de 2020","format":false,"excerpt":"No m\u00eas de outubro, os brasileiros que trabalhavam remotamente receberam 18,5% de toda a massa de sal\u00e1rios efetivamente paga aos trabalhadores do Pa\u00eds embora correspondessem a menos de 10% do contingente de ocupados, segundo o Instituto de Pesquisa Econ\u00f4mica Aplicada (Ipea). Em outubro, havia 7,6 milh\u00f5es de pessoas em trabalho\u2026","rel":"","context":"Em &quot;Geral&quot;","img":{"alt_text":"","src":"https:\/\/i0.wp.com\/sindicatodosbancarios.org.br\/site2022\/wp-content\/uploads\/2020\/12\/Esp\u00e9cies-de-Trabalhadores.jpg?resize=350%2C200&ssl=1","width":350,"height":200},"classes":[]},{"id":5898,"url":"https:\/\/sindicatodosbancarios.org.br\/site2022\/2022\/02\/07\/informe-bancario-14-2022-mais-de-60-dos-reajustes-salariais-dos-trabalhadores-ficaram-abaixo-da-inflacao-em-2021\/","url_meta":{"origin":4087,"position":5},"title":"INFORME BANC\u00c1RIO \u2013 14\/2022 Mais de 60% dos reajustes salariais dos trabalhadores ficaram abaixo da infla\u00e7\u00e3o em 2021","date":"7 de fevereiro de 2022","format":false,"excerpt":"Embora o \u00cdndice Nacional de Pre\u00e7os ao Consumidor (INPC) tenha acumulado mais de 10%, em 2021, o\u00a0reajuste m\u00e9dio obtido pelos trabalhadores por meio de negocia\u00e7\u00f5es coletivas foi de 9,5%, segundo o \"Salari\u00f4metro\" da Funda\u00e7\u00e3o Instituto de Pesquisas Econ\u00f4micas (Fipe). Ou seja, a maior parte dos reajustes n\u00e3o foi suficiente para\u2026","rel":"","context":"Em &quot;Geral&quot;","img":{"alt_text":"","src":"https:\/\/i0.wp.com\/sindicatodosbancarios.org.br\/site2022\/wp-content\/uploads\/2022\/02\/th.jpg?resize=350%2C200&ssl=1","width":350,"height":200},"classes":[]}],"_links":{"self":[{"href":"https:\/\/sindicatodosbancarios.org.br\/site2022\/wp-json\/wp\/v2\/posts\/4087"}],"collection":[{"href":"https:\/\/sindicatodosbancarios.org.br\/site2022\/wp-json\/wp\/v2\/posts"}],"about":[{"href":"https:\/\/sindicatodosbancarios.org.br\/site2022\/wp-json\/wp\/v2\/types\/post"}],"author":[{"embeddable":true,"href":"https:\/\/sindicatodosbancarios.org.br\/site2022\/wp-json\/wp\/v2\/users\/2"}],"replies":[{"embeddable":true,"href":"https:\/\/sindicatodosbancarios.org.br\/site2022\/wp-json\/wp\/v2\/comments?post=4087"}],"version-history":[{"count":4,"href":"https:\/\/sindicatodosbancarios.org.br\/site2022\/wp-json\/wp\/v2\/posts\/4087\/revisions"}],"predecessor-version":[{"id":4092,"href":"https:\/\/sindicatodosbancarios.org.br\/site2022\/wp-json\/wp\/v2\/posts\/4087\/revisions\/4092"}],"wp:featuredmedia":[{"embeddable":true,"href":"https:\/\/sindicatodosbancarios.org.br\/site2022\/wp-json\/wp\/v2\/media\/4088"}],"wp:attachment":[{"href":"https:\/\/sindicatodosbancarios.org.br\/site2022\/wp-json\/wp\/v2\/media?parent=4087"}],"wp:term":[{"taxonomy":"category","embeddable":true,"href":"https:\/\/sindicatodosbancarios.org.br\/site2022\/wp-json\/wp\/v2\/categories?post=4087"},{"taxonomy":"post_tag","embeddable":true,"href":"https:\/\/sindicatodosbancarios.org.br\/site2022\/wp-json\/wp\/v2\/tags?post=4087"}],"curies":[{"name":"wp","href":"https:\/\/api.w.org\/{rel}","templated":true}]}}