{"id":4106,"date":"2020-07-16T14:06:25","date_gmt":"2020-07-16T17:06:25","guid":{"rendered":"https:\/\/sindicatodosbancarios.org.br\/?p=4106"},"modified":"2020-07-16T14:06:25","modified_gmt":"2020-07-16T17:06:25","slug":"informe-bancario-245-2020-veja-como-funciona-o-decreto-de-ampliacao-da-suspensao-de-contrato-e-reducao-de-jornada","status":"publish","type":"post","link":"https:\/\/sindicatodosbancarios.org.br\/site2022\/2020\/07\/16\/informe-bancario-245-2020-veja-como-funciona-o-decreto-de-ampliacao-da-suspensao-de-contrato-e-reducao-de-jornada\/","title":{"rendered":"INFORME BANC\u00c1RIO \u2013 245\/2020  VEJA COMO FUNCIONA O DECRETO DE AMPLIA\u00c7\u00c3O DA SUSPENS\u00c3O DE CONTRATO E REDU\u00c7\u00c3O DE JORNADA"},"content":{"rendered":"<p>Reforma trabalhista completa um ano, mas gera\u00e7\u00e3o de empregos \u00e9 baixa. A reforma trabalhista passou pelo Congresso Nacional com a garantia que a moderniza\u00e7\u00e3o das leis que regem o mercado de trabalho era necess\u00e1ria para que o pa\u00eds voltasse a gerar empregos e reduzir a informalidade. Foi aprovada em julho do ano passado e passou a valer em novembro. Segundo o Cadastro Geral de Empregados e Desempregados, o CAGED, do Minist\u00e9rio do Trabalho, com as novas regras foi criado 372,7 mil postos de empregos formais em todo pa\u00eds.<\/p>\n<p>Agora \u00e9 poss\u00edvel prorrogar a suspens\u00e3o de contrato por mais 60 dias e a redu\u00e7\u00e3o de jornada por mais 30 dias.<\/p>\n<p>Medida teve origem na Medida Provis\u00f3ria 936 e visar aliviar o caixa das empresas em meio \u00e0 pandemia do coronav\u00edrus.<\/p>\n<p>O governo confirmou na \u00faltima ter\u00e7a-feira, 14 a amplia\u00e7\u00e3o dos prazos para que empresas e empregados firmem contratos de redu\u00e7\u00e3o proporcional de jornada e de sal\u00e1rio e de suspens\u00e3o tempor\u00e1ria do contrato de trabalho, para fazer frente ao impacto econ\u00f4mico gerado pela pandemia de covid-19.<\/p>\n<p>De acordo com decreto assinado pelo Presidente Jair Bolsonaro e publicado no Di\u00e1rio Oficial da Uni\u00e3o, a redu\u00e7\u00e3o de jornada e sal\u00e1rio poder\u00e1 ser estendida por mais um m\u00eas e a suspens\u00e3o, por outros dois meses. O aval para a prorroga\u00e7\u00e3o das medidas j\u00e1 estava previsto em lei sancionada na semana passada, mas faltava ainda a regulamenta\u00e7\u00e3o para come\u00e7ar a valer.<\/p>\n<p>A lei teve origem na Medida Provis\u00f3ria 936, editada em abril, com o objetivo principal de criar condi\u00e7\u00f5es para a manuten\u00e7\u00e3o dos empregos durante a crise econ\u00f4mica gerada pela pandemia do novo coronav\u00edrus. O texto original da MP autorizou a suspens\u00e3o e a redu\u00e7\u00e3o de contratos at\u00e9 o fim do ano. A suspens\u00e3o poderia ser feita por at\u00e9 dois meses e a redu\u00e7\u00e3o, por at\u00e9 tr\u00eas, em porcentuais de 25%, 50% ou 70%.<\/p>\n<p><strong>VEJA COMO ELE FUNCIONA:<\/strong><\/p>\n<p><strong>1. Quais s\u00e3o os novos prazos para acordos de suspens\u00e3o de contrato de trabalho e redu\u00e7\u00e3o salarial ap\u00f3s o decreto?\u00a0<\/strong>\u00c9 poss\u00edvel prorrogar a suspens\u00e3o de contrato por mais 60 dias e a redu\u00e7\u00e3o de jornada por mais 30 dias. Ou seja, os dois tipos de acordo podem ter dura\u00e7\u00e3o de at\u00e9 120 dias. Os novos prazos passam a valer a partir de ontem.<\/p>\n<p><strong>2. \u00c9 necess\u00e1ria uma nova negocia\u00e7\u00e3o entre empregador e empregado para ampliar o prazo?\u00a0<\/strong>O empregador precisa fazer um novo acordo para suspender o contrato ou reduzir a jornada, seja com o empregado, seja com o sindicato. A empresa tamb\u00e9m precisa informar novamente o Minist\u00e9rio da Economia sobre as caracter\u00edsticas da negocia\u00e7\u00e3o.<\/p>\n<p><strong>3. No caso da redu\u00e7\u00e3o de jornada e de sal\u00e1rio, o porcentual de redu\u00e7\u00e3o salarial tem de ser o mesmo do per\u00edodo anterior ou tamb\u00e9m pode ser negociado?\u00a0<\/strong>Por ser um novo acordo, pode haver nova negocia\u00e7\u00e3o no porcentual acertado de redu\u00e7\u00e3o, desde que ela respeite o prazo m\u00e1ximo de 120 dias (que j\u00e1 contam o per\u00edodo anterior de redu\u00e7\u00e3o).<\/p>\n<p><strong>4. Empregadores que ainda n\u00e3o tinham aderido ao programa poder\u00e3o aderir agora? E que prazo valer\u00e1 para eles, se for poss\u00edvel?\u00a0<\/strong>Empregadores que ainda n\u00e3o tinham aderido ao Benef\u00edcio Emergencial de Preserva\u00e7\u00e3o do Emprego (BEM) podem realizar acordos agora, desde que respeitem o prazo m\u00e1ximo de 120 dias e n\u00e3o ultrapassem o dia 31 de dezembro de 2020, data em que se encerra o estado de calamidade p\u00fablica.<\/p>\n<p><strong>5. A amplia\u00e7\u00e3o do prazo vale a partir do novo acordo ou vale a partir do vencimento do antigo?<\/strong>\u00a0<strong>Por exemplo, se o acordo entre o empregador e o empregado venceu em 30 de junho, a amplia\u00e7\u00e3o valer\u00e1 a partir de 1\u00ba de julho ou a partir da data em que o novo acordo for feito?<\/strong>\u00a0A amplia\u00e7\u00e3o vale a partir da data em que o novo acordo for feito. O decreto n\u00e3o \u00e9 retroativo, portanto, se o acordo venceu em 30 de junho, n\u00e3o \u00e9 poss\u00edvel fazer um novo com a data de 1\u00ba de julho.<\/p>\n<p><strong>6. E, neste caso espec\u00edfico, como seria o pagamento do per\u00edodo entre o vencimento do acordo antigo e o in\u00edcio do novo?\u00a0<\/strong>Caso o acordo tenha se encerrado, o empregador deve pagar o valor total do sal\u00e1rio referente aos dias trabalhados. A redu\u00e7\u00e3o salarial s\u00f3 pode ser aplicada a partir da data do novo acordo.<\/p>\n<p><strong>7. O empregador e o empregado podem combinar diferentes per\u00edodos de suspens\u00e3o de contrato e redu\u00e7\u00e3o de jornada?\u00a0<\/strong>Pode haver essa combina\u00e7\u00e3o, que j\u00e1 era poss\u00edvel antes do decreto. O que muda agora \u00e9 que a combina\u00e7\u00e3o desses dois tipos de acordo n\u00e3o podia ultrapassar 90 dias e, agora, passa a ter limite de 120 dias.<\/p>\n<p><strong>8. Caso haja acordo para combinar suspens\u00e3o de contrato e redu\u00e7\u00e3o de jornada, os per\u00edodos dos acordos devem ser consecutivos?\u00a0<\/strong>Os acordos podem ser realizados de forma sucessiva ou com em intervalos de 10 dias ou mais. Por\u00e9m, durante esse tempo (que fica a crit\u00e9rio das partes), o trabalhador deve receber o valor integral do sal\u00e1rio, pago de acordo com o per\u00edodo de intervalo.<\/p>\n<p><strong>9. Como fica a estabilidade do empregado com a prorroga\u00e7\u00e3o dos prazos? Houve mudan\u00e7a?\u00a0<\/strong>A empresa precisa garantir estabilidade ao empregado durante o cumprimento do acordo e, pelo mesmo per\u00edodo, ap\u00f3s a sua conclus\u00e3o. Por exemplo, se o empregado tiver tr\u00eas meses de sal\u00e1rio reduzido, a empresa ter\u00e1 de pagar multas maiores em caso de demiss\u00e3o sem justa causa durante um per\u00edodo de seis meses (dobro do tempo que a redu\u00e7\u00e3o na jornada durou).<\/p>\n<p><strong>10. Como ficam os contratos com trabalhadores intermitentes?\u00a0<\/strong>O decreto tamb\u00e9m prorrogou o pagamento do aux\u00edlio emergencial mensal de R$ 600 ao empregado com contrato de trabalho intermitente por mais um m\u00eas, contado da data de encerramento do per\u00edodo de tr\u00eas meses.<\/p>\n<p><span style=\"font-size: 8pt;\">Fonte SEEB JGS, 14\/07\/2020<\/span><\/p>\n","protected":false},"excerpt":{"rendered":"<p>Reforma trabalhista completa um ano, mas gera\u00e7\u00e3o de empregos \u00e9 baixa. A reforma trabalhista passou pelo Congresso Nacional [&hellip;]<\/p>\n","protected":false},"author":2,"featured_media":4107,"comment_status":"open","ping_status":"open","sticky":false,"template":"","format":"standard","meta":{"jetpack_post_was_ever_published":false,"jetpack_publicize_message":"","jetpack_is_tweetstorm":false,"jetpack_publicize_feature_enabled":true,"jetpack_social_post_already_shared":true,"jetpack_social_options":[]},"categories":[1],"tags":[73,86,87,84,63,107,60,88,47,53],"jetpack_publicize_connections":[],"acf":[],"yoast_head":"<!-- This site is optimized with the Yoast SEO plugin v19.14 - https:\/\/yoast.com\/wordpress\/plugins\/seo\/ -->\n<title>INFORME BANC\u00c1RIO \u2013 245\/2020 VEJA COMO FUNCIONA O DECRETO DE AMPLIA\u00c7\u00c3O DA SUSPENS\u00c3O DE CONTRATO E REDU\u00c7\u00c3O DE JORNADA - Sindicato dos Banc\u00e1rios de S\u00e3o Bento do Sul e Regi\u00e3o<\/title>\n<meta name=\"robots\" content=\"index, follow, max-snippet:-1, max-image-preview:large, max-video-preview:-1\" \/>\n<link rel=\"canonical\" href=\"https:\/\/sindicatodosbancarios.org.br\/site2022\/2020\/07\/16\/informe-bancario-245-2020-veja-como-funciona-o-decreto-de-ampliacao-da-suspensao-de-contrato-e-reducao-de-jornada\/\" \/>\n<meta property=\"og:locale\" content=\"pt_BR\" \/>\n<meta property=\"og:type\" content=\"article\" \/>\n<meta property=\"og:title\" content=\"INFORME BANC\u00c1RIO \u2013 245\/2020 VEJA COMO FUNCIONA O DECRETO DE AMPLIA\u00c7\u00c3O DA SUSPENS\u00c3O DE CONTRATO E REDU\u00c7\u00c3O DE JORNADA - Sindicato dos Banc\u00e1rios de S\u00e3o Bento do Sul e Regi\u00e3o\" \/>\n<meta property=\"og:description\" content=\"Reforma trabalhista completa um ano, mas gera\u00e7\u00e3o de empregos \u00e9 baixa. A reforma trabalhista passou pelo Congresso Nacional [&hellip;]\" \/>\n<meta property=\"og:url\" content=\"https:\/\/sindicatodosbancarios.org.br\/site2022\/2020\/07\/16\/informe-bancario-245-2020-veja-como-funciona-o-decreto-de-ampliacao-da-suspensao-de-contrato-e-reducao-de-jornada\/\" \/>\n<meta property=\"og:site_name\" content=\"Sindicato dos Banc\u00e1rios de S\u00e3o Bento do Sul e Regi\u00e3o\" \/>\n<meta property=\"article:author\" content=\"https:\/\/www.facebook.com\/seeb.sbs.9\" \/>\n<meta property=\"article:published_time\" content=\"2020-07-16T17:06:25+00:00\" \/>\n<meta property=\"og:image\" content=\"https:\/\/sindicatodosbancarios.org.br\/site2022\/wp-content\/uploads\/2020\/07\/n_43545_76e76568f7ca25d14fb010f4379aafa5.jpg\" \/>\n\t<meta property=\"og:image:width\" content=\"870\" \/>\n\t<meta property=\"og:image:height\" content=\"450\" \/>\n\t<meta property=\"og:image:type\" content=\"image\/jpeg\" \/>\n<meta name=\"author\" content=\"Sindicato dos Banc\u00e1rios S\u00e3o Bento do Sul e Regi\u00e3o\" \/>\n<meta name=\"twitter:card\" content=\"summary_large_image\" \/>\n<meta name=\"twitter:label1\" content=\"Escrito por\" \/>\n\t<meta name=\"twitter:data1\" content=\"Sindicato dos Banc\u00e1rios S\u00e3o Bento do Sul e Regi\u00e3o\" \/>\n\t<meta name=\"twitter:label2\" content=\"Est. tempo de leitura\" \/>\n\t<meta name=\"twitter:data2\" content=\"5 minutos\" \/>\n<script type=\"application\/ld+json\" class=\"yoast-schema-graph\">{\"@context\":\"https:\/\/schema.org\",\"@graph\":[{\"@type\":\"Article\",\"@id\":\"https:\/\/sindicatodosbancarios.org.br\/site2022\/2020\/07\/16\/informe-bancario-245-2020-veja-como-funciona-o-decreto-de-ampliacao-da-suspensao-de-contrato-e-reducao-de-jornada\/#article\",\"isPartOf\":{\"@id\":\"https:\/\/sindicatodosbancarios.org.br\/site2022\/2020\/07\/16\/informe-bancario-245-2020-veja-como-funciona-o-decreto-de-ampliacao-da-suspensao-de-contrato-e-reducao-de-jornada\/\"},\"author\":{\"name\":\"Sindicato dos Banc\u00e1rios S\u00e3o Bento do Sul e Regi\u00e3o\",\"@id\":\"https:\/\/sindicatodosbancarios.org.br\/site2022\/#\/schema\/person\/a7d92da77d1084df4d28b57962f1e1bd\"},\"headline\":\"INFORME BANC\u00c1RIO \u2013 245\/2020 VEJA COMO FUNCIONA O DECRETO DE AMPLIA\u00c7\u00c3O DA SUSPENS\u00c3O DE CONTRATO E REDU\u00c7\u00c3O DE JORNADA\",\"datePublished\":\"2020-07-16T17:06:25+00:00\",\"dateModified\":\"2020-07-16T17:06:25+00:00\",\"mainEntityOfPage\":{\"@id\":\"https:\/\/sindicatodosbancarios.org.br\/site2022\/2020\/07\/16\/informe-bancario-245-2020-veja-como-funciona-o-decreto-de-ampliacao-da-suspensao-de-contrato-e-reducao-de-jornada\/\"},\"wordCount\":1036,\"commentCount\":0,\"publisher\":{\"@id\":\"https:\/\/sindicatodosbancarios.org.br\/site2022\/#organization\"},\"keywords\":[\"CORONAV\u00cdRUS\",\"CRESCIMENTO\",\"CRISE\",\"ESTRAT\u00c9GIA\",\"MERCADO DE TRABALHO\",\"PANDEMIA\",\"PAULO GUEDES\",\"PLANO ECONOMICO\",\"sindicato dos bancarios\",\"sindicato dos banc\u00e1rios de s\u00e3o bento do sul\"],\"articleSection\":[\"Geral\"],\"inLanguage\":\"pt-BR\",\"potentialAction\":[{\"@type\":\"CommentAction\",\"name\":\"Comment\",\"target\":[\"https:\/\/sindicatodosbancarios.org.br\/site2022\/2020\/07\/16\/informe-bancario-245-2020-veja-como-funciona-o-decreto-de-ampliacao-da-suspensao-de-contrato-e-reducao-de-jornada\/#respond\"]}]},{\"@type\":\"WebPage\",\"@id\":\"https:\/\/sindicatodosbancarios.org.br\/site2022\/2020\/07\/16\/informe-bancario-245-2020-veja-como-funciona-o-decreto-de-ampliacao-da-suspensao-de-contrato-e-reducao-de-jornada\/\",\"url\":\"https:\/\/sindicatodosbancarios.org.br\/site2022\/2020\/07\/16\/informe-bancario-245-2020-veja-como-funciona-o-decreto-de-ampliacao-da-suspensao-de-contrato-e-reducao-de-jornada\/\",\"name\":\"INFORME BANC\u00c1RIO \u2013 245\/2020 VEJA COMO FUNCIONA O DECRETO DE AMPLIA\u00c7\u00c3O DA SUSPENS\u00c3O DE CONTRATO E REDU\u00c7\u00c3O DE JORNADA - Sindicato dos Banc\u00e1rios de S\u00e3o Bento do Sul e Regi\u00e3o\",\"isPartOf\":{\"@id\":\"https:\/\/sindicatodosbancarios.org.br\/site2022\/#website\"},\"datePublished\":\"2020-07-16T17:06:25+00:00\",\"dateModified\":\"2020-07-16T17:06:25+00:00\",\"breadcrumb\":{\"@id\":\"https:\/\/sindicatodosbancarios.org.br\/site2022\/2020\/07\/16\/informe-bancario-245-2020-veja-como-funciona-o-decreto-de-ampliacao-da-suspensao-de-contrato-e-reducao-de-jornada\/#breadcrumb\"},\"inLanguage\":\"pt-BR\",\"potentialAction\":[{\"@type\":\"ReadAction\",\"target\":[\"https:\/\/sindicatodosbancarios.org.br\/site2022\/2020\/07\/16\/informe-bancario-245-2020-veja-como-funciona-o-decreto-de-ampliacao-da-suspensao-de-contrato-e-reducao-de-jornada\/\"]}]},{\"@type\":\"BreadcrumbList\",\"@id\":\"https:\/\/sindicatodosbancarios.org.br\/site2022\/2020\/07\/16\/informe-bancario-245-2020-veja-como-funciona-o-decreto-de-ampliacao-da-suspensao-de-contrato-e-reducao-de-jornada\/#breadcrumb\",\"itemListElement\":[{\"@type\":\"ListItem\",\"position\":1,\"name\":\"In\u00edcio\",\"item\":\"https:\/\/sindicatodosbancarios.org.br\/site2022\/\"},{\"@type\":\"ListItem\",\"position\":2,\"name\":\"INFORME BANC\u00c1RIO \u2013 245\/2020 VEJA COMO FUNCIONA O DECRETO DE AMPLIA\u00c7\u00c3O DA SUSPENS\u00c3O DE CONTRATO E REDU\u00c7\u00c3O DE JORNADA\"}]},{\"@type\":\"WebSite\",\"@id\":\"https:\/\/sindicatodosbancarios.org.br\/site2022\/#website\",\"url\":\"https:\/\/sindicatodosbancarios.org.br\/site2022\/\",\"name\":\"Sindicato dos Banc\u00e1rios de S\u00e3o Bento do Sul e Regi\u00e3o\",\"description\":\"Website institucional do Sindicato dos Banc\u00e1rios de S\u00e3o Bento do Sul e Regi\u00e3o\",\"publisher\":{\"@id\":\"https:\/\/sindicatodosbancarios.org.br\/site2022\/#organization\"},\"potentialAction\":[{\"@type\":\"SearchAction\",\"target\":{\"@type\":\"EntryPoint\",\"urlTemplate\":\"https:\/\/sindicatodosbancarios.org.br\/site2022\/?s={search_term_string}\"},\"query-input\":\"required name=search_term_string\"}],\"inLanguage\":\"pt-BR\"},{\"@type\":\"Organization\",\"@id\":\"https:\/\/sindicatodosbancarios.org.br\/site2022\/#organization\",\"name\":\"Sindicato dos Banc\u00e1rios de S\u00e3o Bento do Sul e Regi\u00e3o\",\"url\":\"https:\/\/sindicatodosbancarios.org.br\/site2022\/\",\"logo\":{\"@type\":\"ImageObject\",\"inLanguage\":\"pt-BR\",\"@id\":\"https:\/\/sindicatodosbancarios.org.br\/site2022\/#\/schema\/logo\/image\/\",\"url\":\"https:\/\/sindicatodosbancarios.org.br\/site2022\/wp-content\/uploads\/2017\/06\/cropped-logo-2.png\",\"contentUrl\":\"https:\/\/sindicatodosbancarios.org.br\/site2022\/wp-content\/uploads\/2017\/06\/cropped-logo-2.png\",\"width\":292,\"height\":292,\"caption\":\"Sindicato dos Banc\u00e1rios de S\u00e3o Bento do Sul e Regi\u00e3o\"},\"image\":{\"@id\":\"https:\/\/sindicatodosbancarios.org.br\/site2022\/#\/schema\/logo\/image\/\"}},{\"@type\":\"Person\",\"@id\":\"https:\/\/sindicatodosbancarios.org.br\/site2022\/#\/schema\/person\/a7d92da77d1084df4d28b57962f1e1bd\",\"name\":\"Sindicato dos Banc\u00e1rios S\u00e3o Bento do Sul e Regi\u00e3o\",\"image\":{\"@type\":\"ImageObject\",\"inLanguage\":\"pt-BR\",\"@id\":\"https:\/\/sindicatodosbancarios.org.br\/site2022\/#\/schema\/person\/image\/\",\"url\":\"https:\/\/secure.gravatar.com\/avatar\/f1d1a06f698f2345352e539387180d42?s=96&d=mm&r=g\",\"contentUrl\":\"https:\/\/secure.gravatar.com\/avatar\/f1d1a06f698f2345352e539387180d42?s=96&d=mm&r=g\",\"caption\":\"Sindicato dos Banc\u00e1rios S\u00e3o Bento do Sul e Regi\u00e3o\"},\"sameAs\":[\"http:\/\/sindicatodosbancarios.org.br\/site2022\/\",\"https:\/\/www.facebook.com\/seeb.sbs.9\"],\"url\":\"https:\/\/sindicatodosbancarios.org.br\/site2022\/author\/sindicatodosbancarios\/\"}]}<\/script>\n<!-- \/ Yoast SEO plugin. -->","yoast_head_json":{"title":"INFORME BANC\u00c1RIO \u2013 245\/2020 VEJA COMO FUNCIONA O DECRETO DE AMPLIA\u00c7\u00c3O DA SUSPENS\u00c3O DE CONTRATO E REDU\u00c7\u00c3O DE JORNADA - Sindicato dos Banc\u00e1rios de S\u00e3o Bento do Sul e Regi\u00e3o","robots":{"index":"index","follow":"follow","max-snippet":"max-snippet:-1","max-image-preview":"max-image-preview:large","max-video-preview":"max-video-preview:-1"},"canonical":"https:\/\/sindicatodosbancarios.org.br\/site2022\/2020\/07\/16\/informe-bancario-245-2020-veja-como-funciona-o-decreto-de-ampliacao-da-suspensao-de-contrato-e-reducao-de-jornada\/","og_locale":"pt_BR","og_type":"article","og_title":"INFORME BANC\u00c1RIO \u2013 245\/2020 VEJA COMO FUNCIONA O DECRETO DE AMPLIA\u00c7\u00c3O DA SUSPENS\u00c3O DE CONTRATO E REDU\u00c7\u00c3O DE JORNADA - Sindicato dos Banc\u00e1rios de S\u00e3o Bento do Sul e Regi\u00e3o","og_description":"Reforma trabalhista completa um ano, mas gera\u00e7\u00e3o de empregos \u00e9 baixa. A reforma trabalhista passou pelo Congresso Nacional [&hellip;]","og_url":"https:\/\/sindicatodosbancarios.org.br\/site2022\/2020\/07\/16\/informe-bancario-245-2020-veja-como-funciona-o-decreto-de-ampliacao-da-suspensao-de-contrato-e-reducao-de-jornada\/","og_site_name":"Sindicato dos Banc\u00e1rios de S\u00e3o Bento do Sul e Regi\u00e3o","article_author":"https:\/\/www.facebook.com\/seeb.sbs.9","article_published_time":"2020-07-16T17:06:25+00:00","og_image":[{"width":870,"height":450,"url":"https:\/\/sindicatodosbancarios.org.br\/site2022\/wp-content\/uploads\/2020\/07\/n_43545_76e76568f7ca25d14fb010f4379aafa5.jpg","type":"image\/jpeg"}],"author":"Sindicato dos Banc\u00e1rios S\u00e3o Bento do Sul e Regi\u00e3o","twitter_card":"summary_large_image","twitter_misc":{"Escrito por":"Sindicato dos Banc\u00e1rios S\u00e3o Bento do Sul e Regi\u00e3o","Est. tempo de leitura":"5 minutos"},"schema":{"@context":"https:\/\/schema.org","@graph":[{"@type":"Article","@id":"https:\/\/sindicatodosbancarios.org.br\/site2022\/2020\/07\/16\/informe-bancario-245-2020-veja-como-funciona-o-decreto-de-ampliacao-da-suspensao-de-contrato-e-reducao-de-jornada\/#article","isPartOf":{"@id":"https:\/\/sindicatodosbancarios.org.br\/site2022\/2020\/07\/16\/informe-bancario-245-2020-veja-como-funciona-o-decreto-de-ampliacao-da-suspensao-de-contrato-e-reducao-de-jornada\/"},"author":{"name":"Sindicato dos Banc\u00e1rios S\u00e3o Bento do Sul e Regi\u00e3o","@id":"https:\/\/sindicatodosbancarios.org.br\/site2022\/#\/schema\/person\/a7d92da77d1084df4d28b57962f1e1bd"},"headline":"INFORME BANC\u00c1RIO \u2013 245\/2020 VEJA COMO FUNCIONA O DECRETO DE AMPLIA\u00c7\u00c3O DA SUSPENS\u00c3O DE CONTRATO E REDU\u00c7\u00c3O DE JORNADA","datePublished":"2020-07-16T17:06:25+00:00","dateModified":"2020-07-16T17:06:25+00:00","mainEntityOfPage":{"@id":"https:\/\/sindicatodosbancarios.org.br\/site2022\/2020\/07\/16\/informe-bancario-245-2020-veja-como-funciona-o-decreto-de-ampliacao-da-suspensao-de-contrato-e-reducao-de-jornada\/"},"wordCount":1036,"commentCount":0,"publisher":{"@id":"https:\/\/sindicatodosbancarios.org.br\/site2022\/#organization"},"keywords":["CORONAV\u00cdRUS","CRESCIMENTO","CRISE","ESTRAT\u00c9GIA","MERCADO DE TRABALHO","PANDEMIA","PAULO GUEDES","PLANO ECONOMICO","sindicato dos bancarios","sindicato dos banc\u00e1rios de s\u00e3o bento do sul"],"articleSection":["Geral"],"inLanguage":"pt-BR","potentialAction":[{"@type":"CommentAction","name":"Comment","target":["https:\/\/sindicatodosbancarios.org.br\/site2022\/2020\/07\/16\/informe-bancario-245-2020-veja-como-funciona-o-decreto-de-ampliacao-da-suspensao-de-contrato-e-reducao-de-jornada\/#respond"]}]},{"@type":"WebPage","@id":"https:\/\/sindicatodosbancarios.org.br\/site2022\/2020\/07\/16\/informe-bancario-245-2020-veja-como-funciona-o-decreto-de-ampliacao-da-suspensao-de-contrato-e-reducao-de-jornada\/","url":"https:\/\/sindicatodosbancarios.org.br\/site2022\/2020\/07\/16\/informe-bancario-245-2020-veja-como-funciona-o-decreto-de-ampliacao-da-suspensao-de-contrato-e-reducao-de-jornada\/","name":"INFORME BANC\u00c1RIO \u2013 245\/2020 VEJA COMO FUNCIONA O DECRETO DE AMPLIA\u00c7\u00c3O DA SUSPENS\u00c3O DE CONTRATO E REDU\u00c7\u00c3O DE JORNADA - Sindicato dos Banc\u00e1rios de S\u00e3o Bento do Sul e Regi\u00e3o","isPartOf":{"@id":"https:\/\/sindicatodosbancarios.org.br\/site2022\/#website"},"datePublished":"2020-07-16T17:06:25+00:00","dateModified":"2020-07-16T17:06:25+00:00","breadcrumb":{"@id":"https:\/\/sindicatodosbancarios.org.br\/site2022\/2020\/07\/16\/informe-bancario-245-2020-veja-como-funciona-o-decreto-de-ampliacao-da-suspensao-de-contrato-e-reducao-de-jornada\/#breadcrumb"},"inLanguage":"pt-BR","potentialAction":[{"@type":"ReadAction","target":["https:\/\/sindicatodosbancarios.org.br\/site2022\/2020\/07\/16\/informe-bancario-245-2020-veja-como-funciona-o-decreto-de-ampliacao-da-suspensao-de-contrato-e-reducao-de-jornada\/"]}]},{"@type":"BreadcrumbList","@id":"https:\/\/sindicatodosbancarios.org.br\/site2022\/2020\/07\/16\/informe-bancario-245-2020-veja-como-funciona-o-decreto-de-ampliacao-da-suspensao-de-contrato-e-reducao-de-jornada\/#breadcrumb","itemListElement":[{"@type":"ListItem","position":1,"name":"In\u00edcio","item":"https:\/\/sindicatodosbancarios.org.br\/site2022\/"},{"@type":"ListItem","position":2,"name":"INFORME BANC\u00c1RIO \u2013 245\/2020 VEJA COMO FUNCIONA O DECRETO DE AMPLIA\u00c7\u00c3O DA SUSPENS\u00c3O DE CONTRATO E REDU\u00c7\u00c3O DE JORNADA"}]},{"@type":"WebSite","@id":"https:\/\/sindicatodosbancarios.org.br\/site2022\/#website","url":"https:\/\/sindicatodosbancarios.org.br\/site2022\/","name":"Sindicato dos Banc\u00e1rios de S\u00e3o Bento do Sul e Regi\u00e3o","description":"Website institucional do Sindicato dos Banc\u00e1rios de S\u00e3o Bento do Sul e Regi\u00e3o","publisher":{"@id":"https:\/\/sindicatodosbancarios.org.br\/site2022\/#organization"},"potentialAction":[{"@type":"SearchAction","target":{"@type":"EntryPoint","urlTemplate":"https:\/\/sindicatodosbancarios.org.br\/site2022\/?s={search_term_string}"},"query-input":"required name=search_term_string"}],"inLanguage":"pt-BR"},{"@type":"Organization","@id":"https:\/\/sindicatodosbancarios.org.br\/site2022\/#organization","name":"Sindicato dos Banc\u00e1rios de S\u00e3o Bento do Sul e Regi\u00e3o","url":"https:\/\/sindicatodosbancarios.org.br\/site2022\/","logo":{"@type":"ImageObject","inLanguage":"pt-BR","@id":"https:\/\/sindicatodosbancarios.org.br\/site2022\/#\/schema\/logo\/image\/","url":"https:\/\/sindicatodosbancarios.org.br\/site2022\/wp-content\/uploads\/2017\/06\/cropped-logo-2.png","contentUrl":"https:\/\/sindicatodosbancarios.org.br\/site2022\/wp-content\/uploads\/2017\/06\/cropped-logo-2.png","width":292,"height":292,"caption":"Sindicato dos Banc\u00e1rios de S\u00e3o Bento do Sul e Regi\u00e3o"},"image":{"@id":"https:\/\/sindicatodosbancarios.org.br\/site2022\/#\/schema\/logo\/image\/"}},{"@type":"Person","@id":"https:\/\/sindicatodosbancarios.org.br\/site2022\/#\/schema\/person\/a7d92da77d1084df4d28b57962f1e1bd","name":"Sindicato dos Banc\u00e1rios S\u00e3o Bento do Sul e Regi\u00e3o","image":{"@type":"ImageObject","inLanguage":"pt-BR","@id":"https:\/\/sindicatodosbancarios.org.br\/site2022\/#\/schema\/person\/image\/","url":"https:\/\/secure.gravatar.com\/avatar\/f1d1a06f698f2345352e539387180d42?s=96&d=mm&r=g","contentUrl":"https:\/\/secure.gravatar.com\/avatar\/f1d1a06f698f2345352e539387180d42?s=96&d=mm&r=g","caption":"Sindicato dos Banc\u00e1rios S\u00e3o Bento do Sul e Regi\u00e3o"},"sameAs":["http:\/\/sindicatodosbancarios.org.br\/site2022\/","https:\/\/www.facebook.com\/seeb.sbs.9"],"url":"https:\/\/sindicatodosbancarios.org.br\/site2022\/author\/sindicatodosbancarios\/"}]}},"jetpack_featured_media_url":"https:\/\/sindicatodosbancarios.org.br\/site2022\/wp-content\/uploads\/2020\/07\/n_43545_76e76568f7ca25d14fb010f4379aafa5.jpg","jetpack_sharing_enabled":true,"jetpack_shortlink":"https:\/\/wp.me\/p8RSbI-14e","jetpack-related-posts":[{"id":4950,"url":"https:\/\/sindicatodosbancarios.org.br\/site2022\/2021\/01\/04\/informe-bancario-481-2020-contrato-suspenso-e-o-trabalho-continua-funcionario-pode-processar-empresa\/","url_meta":{"origin":4106,"position":0},"title":"INFORME BANC\u00c1RIO \u2013 03\/2021 Contrato suspenso e o trabalho continua? Funcion\u00e1rio pode processar empresa","date":"4 de janeiro de 2021","format":false,"excerpt":"O prazo de suspens\u00e3o de contratos e redu\u00e7\u00e3o de jornada pode se estender? Como lidar com fraudes nos acordos? Advogados respondem Com o final do ano, o dia 31 de dezembro marca uma data diferente para milh\u00f5es de trabalhadores: o fim do estado de calamidade p\u00fablica por causa da\u00a0covid-19\u00a0e, junto\u2026","rel":"","context":"Em &quot;Geral&quot;","img":{"alt_text":"","src":"https:\/\/i0.wp.com\/sindicatodosbancarios.org.br\/site2022\/wp-content\/uploads\/2021\/01\/gettyimages-1164172295.jpg?resize=350%2C200&ssl=1","width":350,"height":200},"classes":[]},{"id":5728,"url":"https:\/\/sindicatodosbancarios.org.br\/site2022\/2021\/10\/07\/informe-bancario-228-2021-4-anos-depois-reforma-trabalhista-nao-gerou-boom-de-empregos-prometido\/","url_meta":{"origin":4106,"position":1},"title":"INFORME BANC\u00c1RIO \u2013 228\/2021 4 anos depois, reforma trabalhista n\u00e3o gerou &#8216;boom&#8217; de empregos prometido","date":"7 de outubro de 2021","format":false,"excerpt":"Quase quatro anos \u2014e uma pandemia\u2014 depois de a reforma trabalhista do governo Michel Temer entrar em vigor, o \"boom\" de empregos prometido n\u00e3o se concretizou. Na \u00e9poca, o governo chegou a falar em dois milh\u00f5es de vagas em dois anos, e seis milh\u00f5es em dez anos. Dados do IBGE\u2026","rel":"","context":"Em &quot;Geral&quot;","img":{"alt_text":"","src":"https:\/\/i0.wp.com\/sindicatodosbancarios.org.br\/site2022\/wp-content\/uploads\/2021\/10\/reforma-e1543516064120.jpg?resize=350%2C200&ssl=1","width":350,"height":200},"classes":[]},{"id":5824,"url":"https:\/\/sindicatodosbancarios.org.br\/site2022\/2021\/11\/18\/informe-bancario-250-2021-reforma-trabalhista-completa-4-anos-sem-conseguir-estimular-a-criacao-de-empregos\/","url_meta":{"origin":4106,"position":2},"title":"INFORME BANC\u00c1RIO \u2013 250\/2021 Reforma trabalhista completa 4 anos sem conseguir estimular a cria\u00e7\u00e3o de empregos","date":"18 de novembro de 2021","format":false,"excerpt":"A\u00a0reforma trabalhista, que completou seu quarto ano no \u00faltimo dia 11 de novembro, trouxe modifica\u00e7\u00f5es nas rela\u00e7\u00f5es de trabalho, mas n\u00e3o confirmou o prop\u00f3sito de gera\u00e7\u00e3o de\u00a0empregos\u00a0e, na vis\u00e3o de especialistas, potencializou a informalidade e a precariza\u00e7\u00e3o dos direitos trabalhistas. Para a advogada especialista em Direito do Trabalho e s\u00f3cia\u2026","rel":"","context":"Em &quot;Geral&quot;","img":{"alt_text":"","src":"https:\/\/i0.wp.com\/sindicatodosbancarios.org.br\/site2022\/wp-content\/uploads\/2021\/11\/reforma-e1543516064120.jpg?resize=350%2C200&ssl=1","width":350,"height":200},"classes":[]},{"id":5420,"url":"https:\/\/sindicatodosbancarios.org.br\/site2022\/2021\/06\/01\/informe-bancario-131-2021-fgts-inss-ferias-e-13o-o-que-muda-com-a-reducao-de-jornada-e-suspensao-dos-contratos-de-trabalho\/","url_meta":{"origin":4106,"position":3},"title":"INFORME BANC\u00c1RIO \u2013 131\/2021 FGTS, INSS, f\u00e9rias e 13\u00ba: o que muda com a redu\u00e7\u00e3o de jornada e suspens\u00e3o dos contratos de trabalho","date":"1 de junho de 2021","format":false,"excerpt":"Recolhimento do FGTS, por exemplo, passa a ser calculado sobre o sal\u00e1rio reduzido em casos de diminui\u00e7\u00e3o de jornada. O governo relan\u00e7ou, no final de abril, duas Medidas Provis\u00f3rias (MPs) que permitem a\u00a0redu\u00e7\u00e3o da jornada e a suspens\u00e3o dos contratos de trabalho\u00a0e trazem medidas que\u00a0flexibilizam regras trabalhistas referentes a direitos\u2026","rel":"","context":"Em &quot;Geral&quot;","img":{"alt_text":"","src":"https:\/\/i0.wp.com\/sindicatodosbancarios.org.br\/site2022\/wp-content\/uploads\/2020\/11\/Justificando-Ventura-Pedroza-Carteira-de-trabalho-coronavirus.png?resize=350%2C200&ssl=1","width":350,"height":200},"classes":[]},{"id":5671,"url":"https:\/\/sindicatodosbancarios.org.br\/site2022\/2021\/09\/02\/informe-bancario-209-2021-reforma-trabalhista-rejeitada-veja-pontos-positivos-e-negativos\/","url_meta":{"origin":4106,"position":4},"title":"INFORME BANC\u00c1RIO \u2013 209\/2021 Reforma trabalhista rejeitada: veja pontos positivos e negativos","date":"2 de setembro de 2021","format":false,"excerpt":"O Senado rejeitou na noite desta quarta-feira (01), medida provis\u00f3ria que mudava uma s\u00e9rie de regras para os trabalhadores. A proposta havia sido aprovada pela C\u00e2mara dos Deputados, mas foi rejeitada pelo Senado, em uma derrota ao governo. Oposi\u00e7\u00e3o e sindicatos fizeram cr\u00edticas \u00e0s mudan\u00e7as que a MP trazia, dizendo\u2026","rel":"","context":"Em &quot;Geral&quot;","img":{"alt_text":"","src":"https:\/\/i0.wp.com\/sindicatodosbancarios.org.br\/site2022\/wp-content\/uploads\/2021\/09\/unnamed.jpg?resize=350%2C200&ssl=1","width":350,"height":200},"classes":[]},{"id":5329,"url":"https:\/\/sindicatodosbancarios.org.br\/site2022\/2021\/04\/22\/informe-bancarios-104-2021-sem-programa-do-governo-empresas-e-sindicatos-negociam-e-evitam-demissoes\/","url_meta":{"origin":4106,"position":5},"title":"INFORME BANC\u00c1RIOS \u2013 104\/2021 Sem programa do governo, empresas e sindicatos negociam e evitam demiss\u00f5es","date":"22 de abril de 2021","format":false,"excerpt":"O governo federal ainda n\u00e3o retomou o programa que permite redu\u00e7\u00e3o de jornada ou suspens\u00e3o do contrato de trabalho, para evitar demiss\u00f5es. Por causa disso, empresas e sindicatos est\u00e3o fazendo acordos coletivos para adotar uma das duas medidas e evitar corte de pessoal. Segundo levantamento do Salari\u00f4metro, da Fipe (Funda\u00e7\u00e3o\u2026","rel":"","context":"Em &quot;Geral&quot;","img":{"alt_text":"","src":"https:\/\/i0.wp.com\/sindicatodosbancarios.org.br\/site2022\/wp-content\/uploads\/2021\/02\/ecv8by7wzopiiudr6exo2c0gh.jpg?resize=350%2C200&ssl=1","width":350,"height":200},"classes":[]}],"_links":{"self":[{"href":"https:\/\/sindicatodosbancarios.org.br\/site2022\/wp-json\/wp\/v2\/posts\/4106"}],"collection":[{"href":"https:\/\/sindicatodosbancarios.org.br\/site2022\/wp-json\/wp\/v2\/posts"}],"about":[{"href":"https:\/\/sindicatodosbancarios.org.br\/site2022\/wp-json\/wp\/v2\/types\/post"}],"author":[{"embeddable":true,"href":"https:\/\/sindicatodosbancarios.org.br\/site2022\/wp-json\/wp\/v2\/users\/2"}],"replies":[{"embeddable":true,"href":"https:\/\/sindicatodosbancarios.org.br\/site2022\/wp-json\/wp\/v2\/comments?post=4106"}],"version-history":[{"count":1,"href":"https:\/\/sindicatodosbancarios.org.br\/site2022\/wp-json\/wp\/v2\/posts\/4106\/revisions"}],"predecessor-version":[{"id":4108,"href":"https:\/\/sindicatodosbancarios.org.br\/site2022\/wp-json\/wp\/v2\/posts\/4106\/revisions\/4108"}],"wp:featuredmedia":[{"embeddable":true,"href":"https:\/\/sindicatodosbancarios.org.br\/site2022\/wp-json\/wp\/v2\/media\/4107"}],"wp:attachment":[{"href":"https:\/\/sindicatodosbancarios.org.br\/site2022\/wp-json\/wp\/v2\/media?parent=4106"}],"wp:term":[{"taxonomy":"category","embeddable":true,"href":"https:\/\/sindicatodosbancarios.org.br\/site2022\/wp-json\/wp\/v2\/categories?post=4106"},{"taxonomy":"post_tag","embeddable":true,"href":"https:\/\/sindicatodosbancarios.org.br\/site2022\/wp-json\/wp\/v2\/tags?post=4106"}],"curies":[{"name":"wp","href":"https:\/\/api.w.org\/{rel}","templated":true}]}}