{"id":761,"date":"2017-01-16T15:44:34","date_gmt":"2017-01-16T17:44:34","guid":{"rendered":"http:\/\/sindicatodosbancarios.org.br\/?p=761"},"modified":"2017-08-24T13:21:00","modified_gmt":"2017-08-24T16:21:00","slug":"informe-0012017-congresso-nacional-aprova-prorrogacao-do-vale-cultura","status":"publish","type":"post","link":"https:\/\/sindicatodosbancarios.org.br\/site2022\/2017\/01\/16\/informe-0012017-congresso-nacional-aprova-prorrogacao-do-vale-cultura\/","title":{"rendered":"INFORME 001\/2017 &#8211; CONGRESSO NACIONAL APROVA A PRORROGA\u00c7\u00c3O DO VALE-CULTURA"},"content":{"rendered":"<p>O programa Vale-Cultura ter\u00e1 recursos suficientes para sua execu\u00e7\u00e3o em 2017. A aprova\u00e7\u00e3o da Lei Or\u00e7ament\u00e1ria Anual (LOA), no dia 14 de dezembro pelo Congresso Nacional, prev\u00ea os recursos necess\u00e1rios \u00e0 ren\u00fancia de receita decorrente da prorroga\u00e7\u00e3o do benef\u00edcio, que destina R$ 50 mensais a trabalhadores para a aquisi\u00e7\u00e3o de bens e produtos culturais. Os recursos para custear a desonera\u00e7\u00e3o promovida pelo Vale-Cultura vieram do remanejamento de valores do incentivo fiscal via Lei Rouanet.<\/p>\n<p>No dia 24 de novembro do ano passado, o presidente da Contraf-CUT Roberto Ant\u00f4nio von der Osten e a vice-presidenta, Juvandia Moreira reuniram-se em Bras\u00edlia com o ministro Roberto Freire para reivindicar a prorroga\u00e7\u00e3o e obtiveram o compromisso de que o governo encaminharia a proposta.<\/p>\n<p>Com a aprova\u00e7\u00e3o, os banc\u00e1rios que ganham at\u00e9 cinco sal\u00e1rios m\u00ednimos continuam a ter direito a usufruir do benef\u00edcio. Os interessados devem procurar o RH dos bancos para requer\u00ea-lo.<\/p>\n<p>Os banc\u00e1rios foram a primeira categoria a conquistar o Vale-Cultura na Conven\u00e7\u00e3o Coletiva de Trabalho, em 2014. Atualmente, 162 mil banc\u00e1rios foram contemplados, o que representa 32% da categoria em todo o Brasil.<\/p>\n<p>Conquista<\/p>\n<p>O direito est\u00e1 previsto na cl\u00e1usula 69 da CCT de 2014 e o mesmo texto deve ser reeditado na CCT 2016\/2018, uma vez que que a prorroga\u00e7\u00e3o foi aprovada.<\/p>\n<p>Abrange trabalhadores que ganham at\u00e9 cinco sal\u00e1rios m\u00ednimos mensais. O cart\u00e3o com cr\u00e9dito de R$ 50 mensais \u00e9 utilizado para aquisi\u00e7\u00e3o de bens culturais, livros, instrumentos musicais, ingressos para teatro e cinema, por exemplo. O vale \u00e9 acumulativo e seus cr\u00e9ditos n\u00e3o tem data limite para a utiliza\u00e7\u00e3o.<\/p>\n<p>Al\u00e9m de buscar maior democratiza\u00e7\u00e3o de acesso a bens e servi\u00e7os culturais e beneficiar os trabalhadores, o Vale-Cultura permite que empresas que aderirem ao programa descontem do Imposto sobre a Renda das Pessoas Jur\u00eddicas (IRPJ) os valores investidos na aquisi\u00e7\u00e3o do benef\u00edcio. A dedu\u00e7\u00e3o fica limitada a 1% do IRPJ devido, com base no lucro real trimestral ou no lucro real apurado no ajuste anual.<\/p>\n<p><span style=\"font-size: 8pt;\"><em>Fonte: Contraf.<\/em><\/span><\/p>\n","protected":false},"excerpt":{"rendered":"<p>O programa Vale-Cultura ter\u00e1 recursos suficientes para sua execu\u00e7\u00e3o em 2017. A aprova\u00e7\u00e3o da Lei Or\u00e7ament\u00e1ria Anual (LOA), [&hellip;]<\/p>\n","protected":false},"author":2,"featured_media":773,"comment_status":"open","ping_status":"open","sticky":false,"template":"","format":"standard","meta":{"jetpack_post_was_ever_published":false,"jetpack_publicize_message":"","jetpack_is_tweetstorm":false,"jetpack_publicize_feature_enabled":true,"jetpack_social_post_already_shared":true,"jetpack_social_options":[]},"categories":[1],"tags":[],"jetpack_publicize_connections":[],"acf":[],"yoast_head":"<!-- This site is optimized with the Yoast SEO plugin v19.14 - https:\/\/yoast.com\/wordpress\/plugins\/seo\/ -->\n<title>INFORME 001\/2017 - CONGRESSO NACIONAL APROVA A PRORROGA\u00c7\u00c3O DO VALE-CULTURA - Sindicato dos Banc\u00e1rios de S\u00e3o Bento do Sul e Regi\u00e3o<\/title>\n<meta name=\"robots\" content=\"index, follow, max-snippet:-1, max-image-preview:large, max-video-preview:-1\" \/>\n<link rel=\"canonical\" href=\"https:\/\/sindicatodosbancarios.org.br\/site2022\/2017\/01\/16\/informe-0012017-congresso-nacional-aprova-prorrogacao-do-vale-cultura\/\" \/>\n<meta property=\"og:locale\" content=\"pt_BR\" \/>\n<meta property=\"og:type\" content=\"article\" \/>\n<meta property=\"og:title\" content=\"INFORME 001\/2017 - CONGRESSO NACIONAL APROVA A PRORROGA\u00c7\u00c3O DO VALE-CULTURA - Sindicato dos Banc\u00e1rios de S\u00e3o Bento do Sul e Regi\u00e3o\" \/>\n<meta property=\"og:description\" content=\"O programa Vale-Cultura ter\u00e1 recursos suficientes para sua execu\u00e7\u00e3o em 2017. A aprova\u00e7\u00e3o da Lei Or\u00e7ament\u00e1ria Anual (LOA), [&hellip;]\" \/>\n<meta property=\"og:url\" content=\"https:\/\/sindicatodosbancarios.org.br\/site2022\/2017\/01\/16\/informe-0012017-congresso-nacional-aprova-prorrogacao-do-vale-cultura\/\" \/>\n<meta property=\"og:site_name\" content=\"Sindicato dos Banc\u00e1rios de S\u00e3o Bento do Sul e Regi\u00e3o\" \/>\n<meta property=\"article:author\" content=\"https:\/\/www.facebook.com\/seeb.sbs.9\" \/>\n<meta property=\"article:published_time\" content=\"2017-01-16T17:44:34+00:00\" \/>\n<meta property=\"article:modified_time\" content=\"2017-08-24T16:21:00+00:00\" \/>\n<meta property=\"og:image\" content=\"https:\/\/sindicatodosbancarios.org.br\/site2022\/wp-content\/uploads\/2017\/08\/1.jpg\" \/>\n\t<meta property=\"og:image:width\" content=\"1280\" \/>\n\t<meta property=\"og:image:height\" content=\"825\" \/>\n\t<meta property=\"og:image:type\" content=\"image\/jpeg\" \/>\n<meta name=\"author\" content=\"Sindicato dos Banc\u00e1rios S\u00e3o Bento do Sul e Regi\u00e3o\" \/>\n<meta name=\"twitter:card\" content=\"summary_large_image\" \/>\n<meta name=\"twitter:label1\" content=\"Escrito por\" \/>\n\t<meta name=\"twitter:data1\" content=\"Sindicato dos Banc\u00e1rios S\u00e3o Bento do Sul e Regi\u00e3o\" \/>\n\t<meta name=\"twitter:label2\" content=\"Est. tempo de leitura\" \/>\n\t<meta name=\"twitter:data2\" content=\"2 minutos\" \/>\n<script type=\"application\/ld+json\" class=\"yoast-schema-graph\">{\"@context\":\"https:\/\/schema.org\",\"@graph\":[{\"@type\":\"Article\",\"@id\":\"https:\/\/sindicatodosbancarios.org.br\/site2022\/2017\/01\/16\/informe-0012017-congresso-nacional-aprova-prorrogacao-do-vale-cultura\/#article\",\"isPartOf\":{\"@id\":\"https:\/\/sindicatodosbancarios.org.br\/site2022\/2017\/01\/16\/informe-0012017-congresso-nacional-aprova-prorrogacao-do-vale-cultura\/\"},\"author\":{\"name\":\"Sindicato dos Banc\u00e1rios S\u00e3o Bento do Sul e Regi\u00e3o\",\"@id\":\"https:\/\/sindicatodosbancarios.org.br\/site2022\/#\/schema\/person\/a7d92da77d1084df4d28b57962f1e1bd\"},\"headline\":\"INFORME 001\/2017 &#8211; CONGRESSO NACIONAL APROVA A PRORROGA\u00c7\u00c3O DO VALE-CULTURA\",\"datePublished\":\"2017-01-16T17:44:34+00:00\",\"dateModified\":\"2017-08-24T16:21:00+00:00\",\"mainEntityOfPage\":{\"@id\":\"https:\/\/sindicatodosbancarios.org.br\/site2022\/2017\/01\/16\/informe-0012017-congresso-nacional-aprova-prorrogacao-do-vale-cultura\/\"},\"wordCount\":360,\"commentCount\":0,\"publisher\":{\"@id\":\"https:\/\/sindicatodosbancarios.org.br\/site2022\/#organization\"},\"articleSection\":[\"Geral\"],\"inLanguage\":\"pt-BR\",\"potentialAction\":[{\"@type\":\"CommentAction\",\"name\":\"Comment\",\"target\":[\"https:\/\/sindicatodosbancarios.org.br\/site2022\/2017\/01\/16\/informe-0012017-congresso-nacional-aprova-prorrogacao-do-vale-cultura\/#respond\"]}]},{\"@type\":\"WebPage\",\"@id\":\"https:\/\/sindicatodosbancarios.org.br\/site2022\/2017\/01\/16\/informe-0012017-congresso-nacional-aprova-prorrogacao-do-vale-cultura\/\",\"url\":\"https:\/\/sindicatodosbancarios.org.br\/site2022\/2017\/01\/16\/informe-0012017-congresso-nacional-aprova-prorrogacao-do-vale-cultura\/\",\"name\":\"INFORME 001\/2017 - CONGRESSO NACIONAL APROVA A PRORROGA\u00c7\u00c3O DO VALE-CULTURA - Sindicato dos Banc\u00e1rios de S\u00e3o Bento do Sul e Regi\u00e3o\",\"isPartOf\":{\"@id\":\"https:\/\/sindicatodosbancarios.org.br\/site2022\/#website\"},\"datePublished\":\"2017-01-16T17:44:34+00:00\",\"dateModified\":\"2017-08-24T16:21:00+00:00\",\"breadcrumb\":{\"@id\":\"https:\/\/sindicatodosbancarios.org.br\/site2022\/2017\/01\/16\/informe-0012017-congresso-nacional-aprova-prorrogacao-do-vale-cultura\/#breadcrumb\"},\"inLanguage\":\"pt-BR\",\"potentialAction\":[{\"@type\":\"ReadAction\",\"target\":[\"https:\/\/sindicatodosbancarios.org.br\/site2022\/2017\/01\/16\/informe-0012017-congresso-nacional-aprova-prorrogacao-do-vale-cultura\/\"]}]},{\"@type\":\"BreadcrumbList\",\"@id\":\"https:\/\/sindicatodosbancarios.org.br\/site2022\/2017\/01\/16\/informe-0012017-congresso-nacional-aprova-prorrogacao-do-vale-cultura\/#breadcrumb\",\"itemListElement\":[{\"@type\":\"ListItem\",\"position\":1,\"name\":\"In\u00edcio\",\"item\":\"https:\/\/sindicatodosbancarios.org.br\/site2022\/\"},{\"@type\":\"ListItem\",\"position\":2,\"name\":\"INFORME 001\/2017 &#8211; CONGRESSO NACIONAL APROVA A PRORROGA\u00c7\u00c3O DO VALE-CULTURA\"}]},{\"@type\":\"WebSite\",\"@id\":\"https:\/\/sindicatodosbancarios.org.br\/site2022\/#website\",\"url\":\"https:\/\/sindicatodosbancarios.org.br\/site2022\/\",\"name\":\"Sindicato dos Banc\u00e1rios de S\u00e3o Bento do Sul e Regi\u00e3o\",\"description\":\"Website institucional do Sindicato dos Banc\u00e1rios de S\u00e3o Bento do Sul e Regi\u00e3o\",\"publisher\":{\"@id\":\"https:\/\/sindicatodosbancarios.org.br\/site2022\/#organization\"},\"potentialAction\":[{\"@type\":\"SearchAction\",\"target\":{\"@type\":\"EntryPoint\",\"urlTemplate\":\"https:\/\/sindicatodosbancarios.org.br\/site2022\/?s={search_term_string}\"},\"query-input\":\"required name=search_term_string\"}],\"inLanguage\":\"pt-BR\"},{\"@type\":\"Organization\",\"@id\":\"https:\/\/sindicatodosbancarios.org.br\/site2022\/#organization\",\"name\":\"Sindicato dos Banc\u00e1rios de S\u00e3o Bento do Sul e Regi\u00e3o\",\"url\":\"https:\/\/sindicatodosbancarios.org.br\/site2022\/\",\"logo\":{\"@type\":\"ImageObject\",\"inLanguage\":\"pt-BR\",\"@id\":\"https:\/\/sindicatodosbancarios.org.br\/site2022\/#\/schema\/logo\/image\/\",\"url\":\"https:\/\/sindicatodosbancarios.org.br\/site2022\/wp-content\/uploads\/2017\/06\/cropped-logo-2.png\",\"contentUrl\":\"https:\/\/sindicatodosbancarios.org.br\/site2022\/wp-content\/uploads\/2017\/06\/cropped-logo-2.png\",\"width\":292,\"height\":292,\"caption\":\"Sindicato dos Banc\u00e1rios de S\u00e3o Bento do Sul e Regi\u00e3o\"},\"image\":{\"@id\":\"https:\/\/sindicatodosbancarios.org.br\/site2022\/#\/schema\/logo\/image\/\"}},{\"@type\":\"Person\",\"@id\":\"https:\/\/sindicatodosbancarios.org.br\/site2022\/#\/schema\/person\/a7d92da77d1084df4d28b57962f1e1bd\",\"name\":\"Sindicato dos Banc\u00e1rios S\u00e3o Bento do Sul e Regi\u00e3o\",\"image\":{\"@type\":\"ImageObject\",\"inLanguage\":\"pt-BR\",\"@id\":\"https:\/\/sindicatodosbancarios.org.br\/site2022\/#\/schema\/person\/image\/\",\"url\":\"https:\/\/secure.gravatar.com\/avatar\/f1d1a06f698f2345352e539387180d42?s=96&d=mm&r=g\",\"contentUrl\":\"https:\/\/secure.gravatar.com\/avatar\/f1d1a06f698f2345352e539387180d42?s=96&d=mm&r=g\",\"caption\":\"Sindicato dos Banc\u00e1rios S\u00e3o Bento do Sul e Regi\u00e3o\"},\"sameAs\":[\"http:\/\/sindicatodosbancarios.org.br\/site2022\/\",\"https:\/\/www.facebook.com\/seeb.sbs.9\"],\"url\":\"https:\/\/sindicatodosbancarios.org.br\/site2022\/author\/sindicatodosbancarios\/\"}]}<\/script>\n<!-- \/ Yoast SEO plugin. -->","yoast_head_json":{"title":"INFORME 001\/2017 - CONGRESSO NACIONAL APROVA A PRORROGA\u00c7\u00c3O DO VALE-CULTURA - Sindicato dos Banc\u00e1rios de S\u00e3o Bento do Sul e Regi\u00e3o","robots":{"index":"index","follow":"follow","max-snippet":"max-snippet:-1","max-image-preview":"max-image-preview:large","max-video-preview":"max-video-preview:-1"},"canonical":"https:\/\/sindicatodosbancarios.org.br\/site2022\/2017\/01\/16\/informe-0012017-congresso-nacional-aprova-prorrogacao-do-vale-cultura\/","og_locale":"pt_BR","og_type":"article","og_title":"INFORME 001\/2017 - CONGRESSO NACIONAL APROVA A PRORROGA\u00c7\u00c3O DO VALE-CULTURA - Sindicato dos Banc\u00e1rios de S\u00e3o Bento do Sul e Regi\u00e3o","og_description":"O programa Vale-Cultura ter\u00e1 recursos suficientes para sua execu\u00e7\u00e3o em 2017. A aprova\u00e7\u00e3o da Lei Or\u00e7ament\u00e1ria Anual (LOA), [&hellip;]","og_url":"https:\/\/sindicatodosbancarios.org.br\/site2022\/2017\/01\/16\/informe-0012017-congresso-nacional-aprova-prorrogacao-do-vale-cultura\/","og_site_name":"Sindicato dos Banc\u00e1rios de S\u00e3o Bento do Sul e Regi\u00e3o","article_author":"https:\/\/www.facebook.com\/seeb.sbs.9","article_published_time":"2017-01-16T17:44:34+00:00","article_modified_time":"2017-08-24T16:21:00+00:00","og_image":[{"width":1280,"height":825,"url":"https:\/\/sindicatodosbancarios.org.br\/site2022\/wp-content\/uploads\/2017\/08\/1.jpg","type":"image\/jpeg"}],"author":"Sindicato dos Banc\u00e1rios S\u00e3o Bento do Sul e Regi\u00e3o","twitter_card":"summary_large_image","twitter_misc":{"Escrito por":"Sindicato dos Banc\u00e1rios S\u00e3o Bento do Sul e Regi\u00e3o","Est. tempo de leitura":"2 minutos"},"schema":{"@context":"https:\/\/schema.org","@graph":[{"@type":"Article","@id":"https:\/\/sindicatodosbancarios.org.br\/site2022\/2017\/01\/16\/informe-0012017-congresso-nacional-aprova-prorrogacao-do-vale-cultura\/#article","isPartOf":{"@id":"https:\/\/sindicatodosbancarios.org.br\/site2022\/2017\/01\/16\/informe-0012017-congresso-nacional-aprova-prorrogacao-do-vale-cultura\/"},"author":{"name":"Sindicato dos Banc\u00e1rios S\u00e3o Bento do Sul e Regi\u00e3o","@id":"https:\/\/sindicatodosbancarios.org.br\/site2022\/#\/schema\/person\/a7d92da77d1084df4d28b57962f1e1bd"},"headline":"INFORME 001\/2017 &#8211; CONGRESSO NACIONAL APROVA A PRORROGA\u00c7\u00c3O DO VALE-CULTURA","datePublished":"2017-01-16T17:44:34+00:00","dateModified":"2017-08-24T16:21:00+00:00","mainEntityOfPage":{"@id":"https:\/\/sindicatodosbancarios.org.br\/site2022\/2017\/01\/16\/informe-0012017-congresso-nacional-aprova-prorrogacao-do-vale-cultura\/"},"wordCount":360,"commentCount":0,"publisher":{"@id":"https:\/\/sindicatodosbancarios.org.br\/site2022\/#organization"},"articleSection":["Geral"],"inLanguage":"pt-BR","potentialAction":[{"@type":"CommentAction","name":"Comment","target":["https:\/\/sindicatodosbancarios.org.br\/site2022\/2017\/01\/16\/informe-0012017-congresso-nacional-aprova-prorrogacao-do-vale-cultura\/#respond"]}]},{"@type":"WebPage","@id":"https:\/\/sindicatodosbancarios.org.br\/site2022\/2017\/01\/16\/informe-0012017-congresso-nacional-aprova-prorrogacao-do-vale-cultura\/","url":"https:\/\/sindicatodosbancarios.org.br\/site2022\/2017\/01\/16\/informe-0012017-congresso-nacional-aprova-prorrogacao-do-vale-cultura\/","name":"INFORME 001\/2017 - CONGRESSO NACIONAL APROVA A PRORROGA\u00c7\u00c3O DO VALE-CULTURA - Sindicato dos Banc\u00e1rios de S\u00e3o Bento do Sul e Regi\u00e3o","isPartOf":{"@id":"https:\/\/sindicatodosbancarios.org.br\/site2022\/#website"},"datePublished":"2017-01-16T17:44:34+00:00","dateModified":"2017-08-24T16:21:00+00:00","breadcrumb":{"@id":"https:\/\/sindicatodosbancarios.org.br\/site2022\/2017\/01\/16\/informe-0012017-congresso-nacional-aprova-prorrogacao-do-vale-cultura\/#breadcrumb"},"inLanguage":"pt-BR","potentialAction":[{"@type":"ReadAction","target":["https:\/\/sindicatodosbancarios.org.br\/site2022\/2017\/01\/16\/informe-0012017-congresso-nacional-aprova-prorrogacao-do-vale-cultura\/"]}]},{"@type":"BreadcrumbList","@id":"https:\/\/sindicatodosbancarios.org.br\/site2022\/2017\/01\/16\/informe-0012017-congresso-nacional-aprova-prorrogacao-do-vale-cultura\/#breadcrumb","itemListElement":[{"@type":"ListItem","position":1,"name":"In\u00edcio","item":"https:\/\/sindicatodosbancarios.org.br\/site2022\/"},{"@type":"ListItem","position":2,"name":"INFORME 001\/2017 &#8211; CONGRESSO NACIONAL APROVA A PRORROGA\u00c7\u00c3O DO VALE-CULTURA"}]},{"@type":"WebSite","@id":"https:\/\/sindicatodosbancarios.org.br\/site2022\/#website","url":"https:\/\/sindicatodosbancarios.org.br\/site2022\/","name":"Sindicato dos Banc\u00e1rios de S\u00e3o Bento do Sul e Regi\u00e3o","description":"Website institucional do Sindicato dos Banc\u00e1rios de S\u00e3o Bento do Sul e Regi\u00e3o","publisher":{"@id":"https:\/\/sindicatodosbancarios.org.br\/site2022\/#organization"},"potentialAction":[{"@type":"SearchAction","target":{"@type":"EntryPoint","urlTemplate":"https:\/\/sindicatodosbancarios.org.br\/site2022\/?s={search_term_string}"},"query-input":"required name=search_term_string"}],"inLanguage":"pt-BR"},{"@type":"Organization","@id":"https:\/\/sindicatodosbancarios.org.br\/site2022\/#organization","name":"Sindicato dos Banc\u00e1rios de S\u00e3o Bento do Sul e Regi\u00e3o","url":"https:\/\/sindicatodosbancarios.org.br\/site2022\/","logo":{"@type":"ImageObject","inLanguage":"pt-BR","@id":"https:\/\/sindicatodosbancarios.org.br\/site2022\/#\/schema\/logo\/image\/","url":"https:\/\/sindicatodosbancarios.org.br\/site2022\/wp-content\/uploads\/2017\/06\/cropped-logo-2.png","contentUrl":"https:\/\/sindicatodosbancarios.org.br\/site2022\/wp-content\/uploads\/2017\/06\/cropped-logo-2.png","width":292,"height":292,"caption":"Sindicato dos Banc\u00e1rios de S\u00e3o Bento do Sul e Regi\u00e3o"},"image":{"@id":"https:\/\/sindicatodosbancarios.org.br\/site2022\/#\/schema\/logo\/image\/"}},{"@type":"Person","@id":"https:\/\/sindicatodosbancarios.org.br\/site2022\/#\/schema\/person\/a7d92da77d1084df4d28b57962f1e1bd","name":"Sindicato dos Banc\u00e1rios S\u00e3o Bento do Sul e Regi\u00e3o","image":{"@type":"ImageObject","inLanguage":"pt-BR","@id":"https:\/\/sindicatodosbancarios.org.br\/site2022\/#\/schema\/person\/image\/","url":"https:\/\/secure.gravatar.com\/avatar\/f1d1a06f698f2345352e539387180d42?s=96&d=mm&r=g","contentUrl":"https:\/\/secure.gravatar.com\/avatar\/f1d1a06f698f2345352e539387180d42?s=96&d=mm&r=g","caption":"Sindicato dos Banc\u00e1rios S\u00e3o Bento do Sul e Regi\u00e3o"},"sameAs":["http:\/\/sindicatodosbancarios.org.br\/site2022\/","https:\/\/www.facebook.com\/seeb.sbs.9"],"url":"https:\/\/sindicatodosbancarios.org.br\/site2022\/author\/sindicatodosbancarios\/"}]}},"jetpack_featured_media_url":"https:\/\/sindicatodosbancarios.org.br\/site2022\/wp-content\/uploads\/2017\/08\/1.jpg","jetpack_sharing_enabled":true,"jetpack_shortlink":"https:\/\/wp.me\/p8RSbI-ch","jetpack-related-posts":[{"id":4474,"url":"https:\/\/sindicatodosbancarios.org.br\/site2022\/2020\/09\/11\/informe-bancario-340-2020-governo-endurece-regra-para-ter-direito-as-4-parcelas-de-r-300-do-auxilio\/","url_meta":{"origin":761,"position":0},"title":"INFORME BANC\u00c1RIO \u2013 340\/2020 Governo endurece regra para ter direito \u00e0s 4 parcelas de R$ 300 do aux\u00edlio","date":"11 de setembro de 2020","format":false,"excerpt":"A medida provis\u00f3ria publicada nesta quinta-feira (3) que prorrogou o aux\u00edlio emergencial com mais quatro parcelas de R$ 300 tamb\u00e9m alterou os crit\u00e9rios de renda para ter direito \u00e0 ajuda do governo federal. Al\u00e9m das regras previstas na lei que criou o aux\u00edlio emergencial, agora h\u00e1 novos fatores que podem\u2026","rel":"","context":"Em &quot;Geral&quot;","img":{"alt_text":"","src":"https:\/\/i0.wp.com\/sindicatodosbancarios.org.br\/site2022\/wp-content\/uploads\/2020\/06\/app-caixa-07042020120509129.png?resize=350%2C200&ssl=1","width":350,"height":200},"classes":[]},{"id":6340,"url":"https:\/\/sindicatodosbancarios.org.br\/site2022\/2022\/05\/04\/informe-bancario-59-2022-itau-anuncia-prorrogacao-do-prazo-para-compensacao-de-horas-negativas\/","url_meta":{"origin":761,"position":1},"title":"INFORME BANC\u00c1RIO \u2013 59\/2022 Ita\u00fa anuncia prorroga\u00e7\u00e3o do prazo para compensa\u00e7\u00e3o de horas negativas","date":"4 de maio de 2022","format":false,"excerpt":"Em reuni\u00e3o online com a dire\u00e7\u00e3o do Ita\u00fa na segunda-feira (2), a COE (Comiss\u00e3o de Organiza\u00e7\u00e3o dos Empregados) conseguiu a extens\u00e3o para a compensa\u00e7\u00e3o do banco de horas, que era at\u00e9 o dia 31 de agosto deste ano, para at\u00e9 28 de fevereiro de 2023. O acordo beneficia os trabalhadores\u2026","rel":"","context":"Em &quot;Ita\u00fa&quot;","img":{"alt_text":"","src":"https:\/\/i0.wp.com\/sindicatodosbancarios.org.br\/site2022\/wp-content\/uploads\/2022\/05\/Thumb-Relo\u0301gio-Despertador-Imporitente-768x502.jpg?resize=350%2C200&ssl=1","width":350,"height":200},"classes":[]},{"id":4649,"url":"https:\/\/sindicatodosbancarios.org.br\/site2022\/2020\/10\/15\/informe-bancario-392-2020-bpc-aposentadoria-e-demais-beneficios-do-inss-saiba-quanto-voce-ira-receber-em-2021\/","url_meta":{"origin":761,"position":2},"title":"INFORME BANC\u00c1RIO \u2013 392\/2020 BPC, aposentadoria e demais benef\u00edcios do INSS: Saiba quanto voc\u00ea ir\u00e1 receber em 2021","date":"15 de outubro de 2020","format":false,"excerpt":"A equipe econ\u00f4mica liderada pelo ministro Paulo Guedes j\u00e1 definiu o aumento dos benef\u00edcios previdenci\u00e1rios para o ano que vem. O valor do\u00a0sal\u00e1rio m\u00ednimo de 2021\u00a0j\u00e1 foi definido pelo Governo Federal e enviado ao Congresso para aprova\u00e7\u00e3o. Sem aumento real, o sal\u00e1rio m\u00ednimo que atualmente \u00e9 de R$ 1.045 passar\u00e1\u2026","rel":"","context":"Em &quot;Geral&quot;","img":{"alt_text":"","src":"https:\/\/i0.wp.com\/sindicatodosbancarios.org.br\/site2022\/wp-content\/uploads\/2020\/06\/mei-aposentadoria1.jpg?resize=350%2C200&ssl=1","width":350,"height":200},"classes":[]},{"id":5422,"url":"https:\/\/sindicatodosbancarios.org.br\/site2022\/2021\/06\/01\/informe-bancario-132-2021-congresso-reage-a-super-salarios-da-cupula-do-governo\/","url_meta":{"origin":761,"position":3},"title":"INFORME BANC\u00c1RIO \u2013 132\/2021 Congresso reage a super sal\u00e1rios da c\u00fapula do governo","date":"1 de junho de 2021","format":false,"excerpt":"Parlamentares e entidades de servidores p\u00fablicos reagiram \u00e0 portaria do Minist\u00e9rio da Economia que permitiu que aposentados que continuam na ativa recebam acima do teto de R$ 39 mil. Como mostrou o Broadcast\/Estad\u00e3o na semana passada, a medida beneficiou diretamente o presidente Jair Bolsonaro (sem partido), que ter\u00e1 um aumento\u2026","rel":"","context":"Em &quot;Geral&quot;","img":{"alt_text":"","src":"https:\/\/i0.wp.com\/sindicatodosbancarios.org.br\/site2022\/wp-content\/uploads\/2020\/07\/imagem_materia.jpg?resize=350%2C200&ssl=1","width":350,"height":200},"classes":[]},{"id":5323,"url":"https:\/\/sindicatodosbancarios.org.br\/site2022\/2021\/04\/20\/informe-bancarios-103-2021-governo-propoe-salario-minimo-de-r-1-147-para-2022-sem-aumento-acima-da-inflacao\/","url_meta":{"origin":761,"position":4},"title":"INFORME BANC\u00c1RIOS \u2013 103\/2021 Governo prop\u00f5e sal\u00e1rio m\u00ednimo de R$ 1.147 para 2022, sem aumento acima da infla\u00e7\u00e3o","date":"20 de abril de 2021","format":false,"excerpt":"Valor consta no projeto da Lei de Diretrizes Or\u00e7ament\u00e1rias divulgado nesta quinta pelo Minist\u00e9rio da Economia. Se aprovado, aumento em rela\u00e7\u00e3o ao m\u00ednimo atual ser\u00e1 de R$ 47. O governo federal prop\u00f4s um\u00a0sal\u00e1rio m\u00ednimo de R$ 1.147 para 2022, segundo o projeto de Lei de Diretrizes Or\u00e7ament\u00e1rias (PLDO) do ano\u2026","rel":"","context":"Em &quot;Geral&quot;","img":{"alt_text":"","src":"https:\/\/i0.wp.com\/sindicatodosbancarios.org.br\/site2022\/wp-content\/uploads\/2021\/04\/13576085165f5f4bf83d334.jpg?resize=350%2C200&ssl=1","width":350,"height":200},"classes":[]},{"id":5406,"url":"https:\/\/sindicatodosbancarios.org.br\/site2022\/2021\/05\/20\/informe-bancario-127-2021-bancarios-do-itau-irao-avaliar-e-votar-propostas-de-act\/","url_meta":{"origin":761,"position":5},"title":"INFORME BANC\u00c1RIO &#8211; 127\/2021 &#8211; BANC\u00c1RIOS DO ITA\u00da IR\u00c3O AVALIAR E VOTAR PROPOSTAS DE ACT","date":"20 de maio de 2021","format":false,"excerpt":"S\u00e3o Bento do Sul, 14 de maio de 2021. Os Banc\u00e1rios do Ita\u00fa Unibanco SA, ser\u00e3o informados para avaliar e votar a Proposta de Acordo Coletivo de Trabalho (ACT) por meio de uma Assembleia Virtual. A proposta trata sobre temas como o Programa Complementar de Remunera\u00e7\u00e3o (PCR), as Bolsas Aux\u00edlio-educa\u00e7\u00e3o\u2026","rel":"","context":"Em &quot;Ita\u00fa&quot;","img":{"alt_text":"","src":"https:\/\/i0.wp.com\/sindicatodosbancarios.org.br\/site2022\/wp-content\/uploads\/2021\/05\/1-17.jpg?resize=350%2C200&ssl=1","width":350,"height":200},"classes":[]}],"_links":{"self":[{"href":"https:\/\/sindicatodosbancarios.org.br\/site2022\/wp-json\/wp\/v2\/posts\/761"}],"collection":[{"href":"https:\/\/sindicatodosbancarios.org.br\/site2022\/wp-json\/wp\/v2\/posts"}],"about":[{"href":"https:\/\/sindicatodosbancarios.org.br\/site2022\/wp-json\/wp\/v2\/types\/post"}],"author":[{"embeddable":true,"href":"https:\/\/sindicatodosbancarios.org.br\/site2022\/wp-json\/wp\/v2\/users\/2"}],"replies":[{"embeddable":true,"href":"https:\/\/sindicatodosbancarios.org.br\/site2022\/wp-json\/wp\/v2\/comments?post=761"}],"version-history":[{"count":3,"href":"https:\/\/sindicatodosbancarios.org.br\/site2022\/wp-json\/wp\/v2\/posts\/761\/revisions"}],"predecessor-version":[{"id":1479,"href":"https:\/\/sindicatodosbancarios.org.br\/site2022\/wp-json\/wp\/v2\/posts\/761\/revisions\/1479"}],"wp:featuredmedia":[{"embeddable":true,"href":"https:\/\/sindicatodosbancarios.org.br\/site2022\/wp-json\/wp\/v2\/media\/773"}],"wp:attachment":[{"href":"https:\/\/sindicatodosbancarios.org.br\/site2022\/wp-json\/wp\/v2\/media?parent=761"}],"wp:term":[{"taxonomy":"category","embeddable":true,"href":"https:\/\/sindicatodosbancarios.org.br\/site2022\/wp-json\/wp\/v2\/categories?post=761"},{"taxonomy":"post_tag","embeddable":true,"href":"https:\/\/sindicatodosbancarios.org.br\/site2022\/wp-json\/wp\/v2\/tags?post=761"}],"curies":[{"name":"wp","href":"https:\/\/api.w.org\/{rel}","templated":true}]}}